{"id":121554,"date":"2025-09-17T20:16:07","date_gmt":"2025-09-17T20:16:07","guid":{"rendered":"https:\/\/www.europesays.com\/es\/121554\/"},"modified":"2025-09-17T20:16:07","modified_gmt":"2025-09-17T20:16:07","slug":"el-bonito-nombre-de-la-hija-de-pablo-chiapella-significa-fuerte-y-hay-248-en-albacete","status":"publish","type":"post","link":"https:\/\/www.europesays.com\/es\/121554\/","title":{"rendered":"El bonito nombre de la hija de Pablo Chiapella: significa \u00abfuerte\u00bb y hay 248 en Albacete"},"content":{"rendered":"<p><a href=\"https:\/\/www.eldigitaldealbacete.com\/2025\/07\/20\/la-confesion-del-pablo-chiapella-al-youtuber-plex\/\" rel=\"nofollow noopener\" target=\"_blank\">Pablo Chiapella<\/a> es uno de los actores y humoristas m\u00e1s queridos del panorama televisivo espa\u00f1ol, pero su historia comienza lejos de los focos y las c\u00e1maras, en Albacete, tierra con la que siempre ha mantenido un fuerte v\u00ednculo. De hecho, antes de dedicarse de lleno a la interpretaci\u00f3n se diplom\u00f3 en Magisterio en la Universidad de Castilla-La Mancha.<\/p>\n<p>Sin embargo, la vida ten\u00eda otros planes para \u00e9l. Su sentido del humor le empuj\u00f3 hacia el mundo del espect\u00e1culo, formando parte del legendario programa La hora chanante junto a los tambi\u00e9n albacete\u00f1os Joaqu\u00edn Reyes, Ra\u00fal Cimas y Ernesto Sevilla. Pero fue el papel de Amador Rivas en La que se avecina el que le dio m\u00e1s fama y reconocimiento. Y el que tambi\u00e9n marc\u00f3 un antes y un despu\u00e9s en su vida.<\/p>\n<p>En el plat\u00f3 de esta exitosa serie conoci\u00f3 a Natalia Puente, miembro del equipo de vestuario, con quien mantiene una relaci\u00f3n desde hace m\u00e1s de 15 a\u00f1os. Y fruto de ese amor naci\u00f3 su hija, una ni\u00f1a a la que ambos decidieron ponerle un nombre tan bonito como simb\u00f3lico: Valentina.<\/p>\n<p>Un nombre con fuerza y dulzura<\/p>\n<p>El nombre Valentina proviene del lat\u00edn \u2018valens\u2019, que significa \u2018valiente\u2019, \u2018vigorosa\u2019 o \u2018fuerte\u2019. Es un nombre con car\u00e1cter, que transmite energ\u00eda y determinaci\u00f3n, pero tambi\u00e9n una gran ternura. No es de extra\u00f1ar que cada vez m\u00e1s familias en Espa\u00f1a lo elijan para sus hijas.<\/p>\n<p>Seg\u00fan los \u00faltimos datos publicados por el Instituto Nacional de Estad\u00edstica (INE), en Espa\u00f1a hay 37.670 mujeres que se llaman Valentina, siendo una elecci\u00f3n cada vez m\u00e1s com\u00fan en las \u00faltimas d\u00e9cadas.\u00a0En la provincia de Albacete, hay actualmente 248 ni\u00f1as y mujeres con este nombre, lo que demuestra su creciente popularidad. <\/p>\n<p>A sus nueve a\u00f1os, la peque\u00f1a Valentina ya forma parte de una generaci\u00f3n de ni\u00f1as con nombres poderosos, capaces de inspirar fortaleza, amor y autenticidad. Y aunque Pablo Chiapella es conocido por su faceta humor\u00edstica, est\u00e1 claro que en lo personal ha apostado por la emoci\u00f3n y la profundidad, tanto en sus decisiones de vida como en el nombre de su hija.<\/p>\n","protected":false},"excerpt":{"rendered":"Pablo Chiapella es uno de los actores y humoristas m\u00e1s queridos del panorama televisivo espa\u00f1ol, pero su historia&hellip;\n","protected":false},"author":2,"featured_media":121555,"comment_status":"","ping_status":"","sticky":false,"template":"","format":"standard","meta":{"footnotes":""},"categories":[174],"tags":[1014,2545,4091,255,146,147,25,24,256,10,23],"class_list":{"0":"post-121554","1":"post","2":"type-post","3":"status-publish","4":"format-standard","5":"has-post-thumbnail","7":"category-famosos","8":"tag-actores","9":"tag-albacete","10":"tag-castilla-la-mancha","11":"tag-celebrities","12":"tag-entertainment","13":"tag-entretenimiento","14":"tag-es","15":"tag-espana","16":"tag-famosos","17":"tag-noticias","18":"tag-spain"},"share_on_mastodon":{"url":"","error":""},"_links":{"self":[{"href":"https:\/\/www.europesays.com\/es\/wp-json\/wp\/v2\/posts\/121554","targetHints":{"allow":["GET"]}}],"collection":[{"href":"https:\/\/www.europesays.com\/es\/wp-json\/wp\/v2\/posts"}],"about":[{"href":"https:\/\/www.europesays.com\/es\/wp-json\/wp\/v2\/types\/post"}],"author":[{"embeddable":true,"href":"https:\/\/www.europesays.com\/es\/wp-json\/wp\/v2\/users\/2"}],"replies":[{"embeddable":true,"href":"https:\/\/www.europesays.com\/es\/wp-json\/wp\/v2\/comments?post=121554"}],"version-history":[{"count":0,"href":"https:\/\/www.europesays.com\/es\/wp-json\/wp\/v2\/posts\/121554\/revisions"}],"wp:featuredmedia":[{"embeddable":true,"href":"https:\/\/www.europesays.com\/es\/wp-json\/wp\/v2\/media\/121555"}],"wp:attachment":[{"href":"https:\/\/www.europesays.com\/es\/wp-json\/wp\/v2\/media?parent=121554"}],"wp:term":[{"taxonomy":"category","embeddable":true,"href":"https:\/\/www.europesays.com\/es\/wp-json\/wp\/v2\/categories?post=121554"},{"taxonomy":"post_tag","embeddable":true,"href":"https:\/\/www.europesays.com\/es\/wp-json\/wp\/v2\/tags?post=121554"}],"curies":[{"name":"wp","href":"https:\/\/api.w.org\/{rel}","templated":true}]}}