{"id":121556,"date":"2025-09-17T20:17:14","date_gmt":"2025-09-17T20:17:14","guid":{"rendered":"https:\/\/www.europesays.com\/es\/121556\/"},"modified":"2025-09-17T20:17:14","modified_gmt":"2025-09-17T20:17:14","slug":"joaquin-torres-el-arquitecto-de-los-famosos-regresa-a-galicia-con-un-proyecto-de-5-millones","status":"publish","type":"post","link":"https:\/\/www.europesays.com\/es\/121556\/","title":{"rendered":"Joaqu\u00edn Torres, el arquitecto de los famosos, regresa a Galicia con un proyecto de 5 millones"},"content":{"rendered":"<p>El medi\u00e1tico arquitecto <strong>Joaqu\u00edn Torres<\/strong> tiene amplios v\u00ednculos con Galicia, tanto familiares como emocionales y empresariales. El impulsor del prestigioso estudio <strong>A-cero<\/strong>, junto a su socio <strong>Rafael Llamazares<\/strong>, cont\u00f3 en la comunidad con todo un grupo societario conformado por m\u00e1s de una docena de empresas. Pr\u00e1cticamente todas fueron sucumbiendo durante o tras la crisis financiera, algunas por liquidaci\u00f3n y otras por traslado de su domicilio a Madrid. <\/p>\n<p>Nada de eso desapeg\u00f3 al dise\u00f1ador de la urbanizaci\u00f3n <strong>La Finca<\/strong> del paisaje gallego, donde vuelve a pisar con fuerza. Primero con la finca de unos 5.000 metros cuadrados donde est\u00e1 <strong>Casa da Auga<\/strong>, en Cabana, destinada al disfrute del propio Torres, pues por all\u00ed pas\u00f3 este verano, y al alquiler vacacional. El arquitecto explic\u00f3 que se trata de una casa de campo de dos plantas al lado del mar que adquirieron y acondicionaron. <\/p>\n<p>Ahora suma una nueva iniciativa, anunciada por A-cero a trav\u00e9s de sus redes sociales, en Quiroga. Se trata de <strong>Casa de Outeiro<\/strong>, que el estudio rehabilitar\u00e1 para levantar un hotel, un sal\u00f3n de eventos y una bodega privada. El proyecto, como explic\u00f3 el diario lucense El Progreso, cuenta con m\u00e1s de 70 inversores mediante tokenizaci\u00f3n, entre ellos, el arquitecto que trabaj\u00f3 para <strong>Javier Bardem<\/strong>, <strong>Cristiano Ronaldo,<\/strong>\u00a0\u00a0<strong>Alejandro Sanz<\/strong>,\u00a0<strong>Borja Thyssen<\/strong>,\u00a0<strong>Elsa Pataky<\/strong>\u00a0o\u00a0<strong>Luis Alfonso de Borb\u00f3n<\/strong>. <\/p>\n<blockquote class=\"instagram-media\" data-instgrm-captioned=\"\" data-instgrm-permalink=\"https:\/\/www.instagram.com\/reel\/DOoGILECEmK\/?utm_source=ig_embed&amp;utm_campaign=loading\" data-instgrm-version=\"14\" style=\" background:#FFF; border:0; border-radius:3px; box-shadow:0 0 1px 0 rgba(0,0,0,0.5),0 1px 10px 0 rgba(0,0,0,0.15); margin: 1px; max-width:540px; min-width:326px; padding:0; width:99.375%; width:-webkit-calc(100% - 2px); width:calc(100% - 2px);\"\/>\n<p>Uno de los responsables de\u00a0<strong>Casa de Outeiro<\/strong>,\u00a0Juan Luis V\u00e1zquez, explic\u00f3 a El Progreso que el objetivo no es reconstruir la casa, actualmente en ruinas, para recuperar formas pasadas, sino poner en valor la ruina mediante la incorporaci\u00f3n de materiales modernos. Los or\u00edgenes de la casa solariega, seg\u00fan explic\u00f3 a la publicaci\u00f3n lucense, se estiran hasta el siglo XIV. <\/p>\n<p>La previsi\u00f3n es que los<strong> trabajos arranquen a lo largo de 2026 y que requieran de una inversi\u00f3n pr\u00f3xima a los cinco millones<\/strong> de euros. A-cero, a trav\u00e9s de sus redes sociales, ha invitado a sumarse al proyecto, dando a entender que est\u00e1 abierto a que puedan entrar m\u00e1s inversores. <\/p>\n<p>\t\t\t\t<script async src=\"\/\/www.instagram.com\/embed.js\"><\/script><\/p>\n","protected":false},"excerpt":{"rendered":"El medi\u00e1tico arquitecto Joaqu\u00edn Torres tiene amplios v\u00ednculos con Galicia, tanto familiares como emocionales y empresariales. El impulsor&hellip;\n","protected":false},"author":2,"featured_media":121557,"comment_status":"","ping_status":"","sticky":false,"template":"","format":"standard","meta":{"footnotes":""},"categories":[173],"tags":[229,233,231,230,232,234,146,147,25,24,23],"class_list":{"0":"post-121556","1":"post","2":"type-post","3":"status-publish","4":"format-standard","5":"has-post-thumbnail","7":"category-arte-y-diseno","8":"tag-arte","9":"tag-arte-y-diseno","10":"tag-arts","11":"tag-arts-and-design","12":"tag-design","13":"tag-diseno","14":"tag-entertainment","15":"tag-entretenimiento","16":"tag-es","17":"tag-espana","18":"tag-spain"},"share_on_mastodon":{"url":"","error":""},"_links":{"self":[{"href":"https:\/\/www.europesays.com\/es\/wp-json\/wp\/v2\/posts\/121556","targetHints":{"allow":["GET"]}}],"collection":[{"href":"https:\/\/www.europesays.com\/es\/wp-json\/wp\/v2\/posts"}],"about":[{"href":"https:\/\/www.europesays.com\/es\/wp-json\/wp\/v2\/types\/post"}],"author":[{"embeddable":true,"href":"https:\/\/www.europesays.com\/es\/wp-json\/wp\/v2\/users\/2"}],"replies":[{"embeddable":true,"href":"https:\/\/www.europesays.com\/es\/wp-json\/wp\/v2\/comments?post=121556"}],"version-history":[{"count":0,"href":"https:\/\/www.europesays.com\/es\/wp-json\/wp\/v2\/posts\/121556\/revisions"}],"wp:featuredmedia":[{"embeddable":true,"href":"https:\/\/www.europesays.com\/es\/wp-json\/wp\/v2\/media\/121557"}],"wp:attachment":[{"href":"https:\/\/www.europesays.com\/es\/wp-json\/wp\/v2\/media?parent=121556"}],"wp:term":[{"taxonomy":"category","embeddable":true,"href":"https:\/\/www.europesays.com\/es\/wp-json\/wp\/v2\/categories?post=121556"},{"taxonomy":"post_tag","embeddable":true,"href":"https:\/\/www.europesays.com\/es\/wp-json\/wp\/v2\/tags?post=121556"}],"curies":[{"name":"wp","href":"https:\/\/api.w.org\/{rel}","templated":true}]}}