{"id":121562,"date":"2025-09-17T20:20:15","date_gmt":"2025-09-17T20:20:15","guid":{"rendered":"https:\/\/www.europesays.com\/es\/121562\/"},"modified":"2025-09-17T20:20:15","modified_gmt":"2025-09-17T20:20:15","slug":"foo-fighters-presenta-en-concierto-al-sucesor-de-taylor-hawkins-antes-de-anunciar-su-gira-mundial-los40-classic","status":"publish","type":"post","link":"https:\/\/www.europesays.com\/es\/121562\/","title":{"rendered":"Foo Fighters presenta en concierto al sucesor de Taylor Hawkins antes de anunciar su gira mundial | LOS40 Classic"},"content":{"rendered":"<p><a href=\"https:\/\/los40.com\/los40\/2023\/02\/22\/los40classic\/1677080819_952614.html\" target=\"_blank\" rel=\"nofollow noopener\" title=\"https:\/\/los40.com\/los40\/2023\/02\/22\/los40classic\/1677080819_952614.html\"><b>Foo Fighters <\/b>han vuelto a los escenarios<\/a> con fuerza, marcando<a href=\"https:\/\/los40.com\/2025\/07\/03\/foo-fighters-celebra-sus-primeros-30-anos-de-rock-con-nueva-cancion-todays-song\/\" target=\"_blank\" rel=\"nofollow noopener\" title=\"https:\/\/los40.com\/2025\/07\/03\/foo-fighters-celebra-sus-primeros-30-anos-de-rock-con-nueva-cancion-todays-song\/\"> el inicio de una nueva etapa en su trayectoria <\/a>con el debut de su nuevo bater\u00eda, Ilan Rubin. El m\u00fasico se estren\u00f3 a las baquetas en su primer show en directo que inaugura una futura gira mundial cuyas fechas se dar\u00e1n a conocer muy pronto.<\/p>\n<p>El regreso de la banda liderada por Dave Grohl se produjo en un concierto sorpresa celebrado el pasado 14 de septiembre en el Fremont Theater de San Luis Obispo, California, ante apenas 900 personas. Un reinicio marcado por la emoci\u00f3n y el recuerdo.<\/p>\n<p>La actuaci\u00f3n, anunciada apenas un d\u00eda antes, fue la primera del grupo en m\u00e1s de un a\u00f1o y sirvi\u00f3 como presentaci\u00f3n oficial de Rubin, quien<a href=\"https:\/\/los40.com\/los40\/2023\/05\/22\/musica\/1684761456_923653.html\" target=\"_blank\" rel=\"nofollow noopener\" title=\"https:\/\/los40.com\/los40\/2023\/05\/22\/musica\/1684761456_923653.html\"><b> reemplaza a Josh Freese tras su salida en mayo.<\/b><\/a> Freese, que hab\u00eda ocupado el puesto tras el fallecimiento de Taylor Hawkins en 2022, explic\u00f3 en redes sociales que la banda decidi\u00f3 \u00abtomar un camino diferente con su baterista\u00bb, una decisi\u00f3n que lo tom\u00f3 por sorpresa.<\/p>\n<p><img decoding=\"async\" src=\"https:\/\/los40.com\/pf\/resources\/img\/logo-40-v-c.svg?d=879\" alt=\"LOS40 Classic\" class=\"i-pro\" width=\"68\" height=\"68\" loading=\"lazy\"\/><\/p>\n<p>Rubin, conocido por su trabajo con Nine Inch Nails y Angels &amp; Airwaves, comparti\u00f3 en Instagram su emoci\u00f3n tras el debut: \u00abDespu\u00e9s de mantener la cabeza baja durante un par de meses locos y dedicarme por completo al material, ese primer concierto ha sido una incre\u00edble liberaci\u00f3n de energ\u00eda. Me ha sorprendido toda la positividad y el apoyo que he recibido\u00bb.<\/p>\n<p>Durante el show, Foo Fighters interpretaron m\u00e1s de 25 canciones, incluyendo cl\u00e1sicos como <b>Everlong, My Hero y The Pretender<\/b>, adem\u00e1s de temas que no tocaban en directo desde hac\u00eda a\u00f1os, como<b> Have It All y Exhausted<\/b>. Dave Grohl present\u00f3 a Rubin con entusiasmo: \u00abPor fin tengo la oportunidad de decir: damas y caballeros, den la bienvenida al tipo m\u00e1s duro, Ilan Rubin. Es oficial\u00bb.<\/p>\n<p>Este concierto marc\u00f3 el inicio de una gira mundial que arrancar\u00e1 en octubre con varias fechas confirmadas en Asia. Foo Fighters actuar\u00e1n el 2 de octubre en el Carnaval Ancol de Yakarta, Indonesia; el 4 de octubre en el Grand Prix de F\u00f3rmula 1 en Singapur; el 7 de octubre en el Saitama Super Arena de Tokio, Jap\u00f3n; el 10 de octubre en el Glion Arena Kobe de Osaka; y el 12 y el 14 en Monterrey y Ciudad de M\u00e9xico. Son solo las primeras fechas de un completo tour cuyas fechas se van a desvelar pr\u00f3ximamente.<\/p>\n<p><a href=\"https:\/\/los40.com\/los40\/2023\/04\/20\/los40classic\/1681989345_514113.html\" target=\"_blank\" rel=\"nofollow noopener\" title=\"https:\/\/los40.com\/los40\/2023\/04\/20\/los40classic\/1681989345_514113.html\">En 2023, Foo Fighters lanzaron su und\u00e9cimo \u00e1lbum de estudio, But Here We Are,<\/a> un trabajo profundamente emocional que marc\u00f3 su regreso discogr\u00e1fico con Freese a la bater\u00eda. Ahora, con Rubin al mando de las baquetas, el grupo se prepara para una nueva etapa que promete intensidad y renovaci\u00f3n.<\/p>\n","protected":false},"excerpt":{"rendered":"Foo Fighters han vuelto a los escenarios con fuerza, marcando el inicio de una nueva etapa en su&hellip;\n","protected":false},"author":2,"featured_media":121563,"comment_status":"","ping_status":"","sticky":false,"template":"","format":"standard","meta":{"footnotes":""},"categories":[170],"tags":[1765,146,147,25,24,184,185,23,1766],"class_list":{"0":"post-121562","1":"post","2":"type-post","3":"status-publish","4":"format-standard","5":"has-post-thumbnail","7":"category-musica","8":"tag-bestof","9":"tag-entertainment","10":"tag-entretenimiento","11":"tag-es","12":"tag-espana","13":"tag-music","14":"tag-musica","15":"tag-spain","16":"tag-topix"},"share_on_mastodon":{"url":"","error":""},"_links":{"self":[{"href":"https:\/\/www.europesays.com\/es\/wp-json\/wp\/v2\/posts\/121562","targetHints":{"allow":["GET"]}}],"collection":[{"href":"https:\/\/www.europesays.com\/es\/wp-json\/wp\/v2\/posts"}],"about":[{"href":"https:\/\/www.europesays.com\/es\/wp-json\/wp\/v2\/types\/post"}],"author":[{"embeddable":true,"href":"https:\/\/www.europesays.com\/es\/wp-json\/wp\/v2\/users\/2"}],"replies":[{"embeddable":true,"href":"https:\/\/www.europesays.com\/es\/wp-json\/wp\/v2\/comments?post=121562"}],"version-history":[{"count":0,"href":"https:\/\/www.europesays.com\/es\/wp-json\/wp\/v2\/posts\/121562\/revisions"}],"wp:featuredmedia":[{"embeddable":true,"href":"https:\/\/www.europesays.com\/es\/wp-json\/wp\/v2\/media\/121563"}],"wp:attachment":[{"href":"https:\/\/www.europesays.com\/es\/wp-json\/wp\/v2\/media?parent=121562"}],"wp:term":[{"taxonomy":"category","embeddable":true,"href":"https:\/\/www.europesays.com\/es\/wp-json\/wp\/v2\/categories?post=121562"},{"taxonomy":"post_tag","embeddable":true,"href":"https:\/\/www.europesays.com\/es\/wp-json\/wp\/v2\/tags?post=121562"}],"curies":[{"name":"wp","href":"https:\/\/api.w.org\/{rel}","templated":true}]}}