{"id":121564,"date":"2025-09-17T20:21:16","date_gmt":"2025-09-17T20:21:16","guid":{"rendered":"https:\/\/www.europesays.com\/es\/121564\/"},"modified":"2025-09-17T20:21:16","modified_gmt":"2025-09-17T20:21:16","slug":"ni-lego-ni-barbie-el-productor-de-la-adaptacion-de-los-sims-advierte-que-la-pelicula-no-sera-lo-que-los-fans-imaginan-vandal","status":"publish","type":"post","link":"https:\/\/www.europesays.com\/es\/121564\/","title":{"rendered":"Ni LEGO ni Barbie: el productor de la adaptaci\u00f3n de &#039;Los Sims&#039; advierte que la pel\u00edcula no ser\u00e1 lo que los fans imaginan &#8211; Vandal"},"content":{"rendered":"<ol>\n<li><a href=\"https:\/\/news.google.com\/rss\/articles\/CBMi9wFBVV95cUxNSkRDVFlaYllaMzA3aWd3djdEQjNyYmxfUlRHeF9IQ0tfUkw3MzQ2b1IyZ2dHc2UwNTBPX0JPMU1xY0RqVmRjTHAtZHg3TThEb2x6ZnZHTEpKNzJsN1pBZ2licWlwS2VwRFA5aUFySnZVMmdISEM2VDJZNGZaU1JKNjhkQ1JxVUJVVmZiYjYwaFBzU0VXUEExNW4xTUtWOHV5X0h3Wmd1X2x6RlUyN200TUEzOC1tZXlqUGNPZ2ExZU5Sand0bFZPelpMS3gzU1JFbjdFZTBGRDE3cWx1RTRFWDZ5LWxIRXlfNHhuWlREVGFZNDFiQ2lz0gH8AUFVX3lxTE9zZFpuVVhXQzl0dURramM0OE5rRzdyZ29KUy1wbGV6UXB1dTk4eThrZy0zalk3UUNiRzJJVzdRYmpXZXN3UjVHZWowbUptNl9tUDBUeFBGNVBaRGRsa21nbzJVZmJiZzhJVFF2Y0o0eGMtSVk0dUtIN05yUF9kNm5KVjhSUy1fcDBGMkkwcUl5OS1wcWdwLU5iWjBGcXV2QzladXZyUHhLWHE1Tkh4TVFjbzdRSXBHR1hLbDZkYWNwekJ0b0VfZ0pwYjZhelBDNG41XzlJeVVOMUZVOE1YVmRBSDRKQ1g4YmRqVElxSjFNZVFpc3VoTVRZdTdkZA?oc=5\" target=\"_blank\" rel=\"nofollow noopener\">Ni LEGO ni Barbie: el productor de la adaptaci\u00f3n de &#8216;Los Sims&#8217; advierte que la pel\u00edcula no ser\u00e1 lo que los fans imaginan<\/a>&nbsp;&nbsp;Vandal<\/li>\n<li><a href=\"https:\/\/news.google.com\/rss\/articles\/CBMidkFVX3lxTE1XZjVxQWxQdDFWSml2TWdScFJIZ3F1a1czRE5nUXlLVF9wWE5fOFZrel9GRlNWUXljU2pmQmNtaGdqUlRpbjFONVB4b2ViZUtOWUFnLUhCckF3ck85WXRjbDBLcE43VURRR3ZMS2VObVFaa2pxQXc?oc=5\" target=\"_blank\" rel=\"nofollow noopener\">Margot Robbie quiere convertir Los Sims en cine con un estilo \u00fanico<\/a>&nbsp;&nbsp;La Casa de EL<\/li>\n<li><a href=\"https:\/\/news.google.com\/rss\/articles\/CBMivwFBVV95cUxQVm5xSjJXWDZ6LVZOQXNwblZTVlNmamx1NHJiM281VzlsaXlibXBUcUxPU1Jqd0VmUlBuSU9GTmxUblVzOVIxTmVWNkJSSWhDV21wcDVYY2ZpcnltXzJwNFc3c196ZUZEYXItNXFkdVloVE9hNWJIOVUtcV8xRDRETWNUcG5uVVVsVlRDS1VGWWhrRk5JSlEtemlPTTRKNEZPMnh2T1R6MFN3MmVOZWdUTlhUMkhpaGdqQW84QnRyaw?oc=5\" target=\"_blank\" rel=\"nofollow noopener\">\u00bfTe cuesta imaginar c\u00f3mo ser\u00eda una pel\u00edcula de Los Sims? No te preocupes, es normal<\/a>&nbsp;&nbsp;IGN Espa\u00f1a<\/li>\n<li><a href=\"https:\/\/news.google.com\/rss\/articles\/CBMixgFBVV95cUxPWjBiUk5aNUl4dzUxeHlpcjNndEEzUHB5TVZxYTJnb21FazFiYUs2dkZwRnZSc21ZYzlOMFM2N1Zfa0s3YUVqbmZiZ2ZISGdJUTZvdTdjWVNyTFAwNzRNelVjOU1iMHhCQzI2UFg2TzgwZXc0dnZXUFBPWXdiQUZxd2tUeDZyQXJ3U3R6YVNsWUdWdGszNHBfNjBSeVdiSmdkeVFSNEFGaVJMVVYwZzd5TjAxZ1hSWW1TUC1BdXF5Z1lWZ2RNN1HSAcsBQVVfeXFMUHZlQ3NJTkEyelgyZ3E5UXJBRE93QVl0WnktMmRFRXl5c0NWNFh0QkhOUnFRbUp3Q2d3WXlHTmRSVW5GTlhHWDNmVzdKM1Nyb0M5STF5QzBnYmFlcExhRWdkZUVRSy1FbkVuM0RpWXcxU2Y2cDc3WGp6NXFweDdncTdhd2JGaEdJLWlVZ0dEZnh1LXlUWTVuLWx5dGRLTjJKWDBsVG9lOHpRMFF5Tlp6Wl9IMzhtcVdXRlVnZXluNlNobzJoSGwxZ3BZdWc?oc=5\" target=\"_blank\" rel=\"nofollow noopener\">Los Sims de Margot Robbie preparan su debut en cines con un tono entre Barbie y La LEGO Pel\u00edcula<\/a>&nbsp;&nbsp;ElPlural.com<\/li>\n<li><a href=\"https:\/\/news.google.com\/rss\/articles\/CBMi0AFBVV95cUxQSW5EVlhKYlBuUlhMSUhDN2FTOTJ4ZXV3N0dhb01EdWlYbGJQZDBncFdUVjRvQ1FQZmJpNVRNTWx4cHBTNzJoUGdwY20xSG9BOTF1RmpQdHB6czBqdVNMQlg1aTYtb3RFTkUzZ3pEdW1IdlNrOVFjaGZlMVZDN2VsS3ViWXd1eWYtVm54MjBRWnd0MW9nNXlYcmw5REVaX1cxSXFCdHU2a0ZIdmtCQ0ZLdzNvSE9OR2ViUVBoSFM3by1sMXRkSTRUU2NKUGhlM2Mt?oc=5\" target=\"_blank\" rel=\"nofollow noopener\">La adaptaci\u00f3n de Los Sims est\u00e1 en \u00bbun punto intermedio\u00bb entre Barbie y La LEGO pel\u00edcula, asegura el veterano productor Roy Lee<\/a>&nbsp;&nbsp;Hobby Consolas<\/li>\n<\/ol>\n","protected":false},"excerpt":{"rendered":"Ni LEGO ni Barbie: el productor de la adaptaci\u00f3n de &#8216;Los Sims&#8217; advierte que la pel\u00edcula no ser\u00e1&hellip;\n","protected":false},"author":2,"featured_media":121565,"comment_status":"","ping_status":"","sticky":false,"template":"","format":"standard","meta":{"footnotes":""},"categories":[169],"tags":[177,146,147,25,24,2065,176,175,23],"class_list":{"0":"post-121564","1":"post","2":"type-post","3":"status-publish","4":"format-standard","5":"has-post-thumbnail","7":"category-cine","8":"tag-cine","9":"tag-entertainment","10":"tag-entretenimiento","11":"tag-es","12":"tag-espana","13":"tag-faltan-tags","14":"tag-film","15":"tag-movies","16":"tag-spain"},"share_on_mastodon":{"url":"","error":""},"_links":{"self":[{"href":"https:\/\/www.europesays.com\/es\/wp-json\/wp\/v2\/posts\/121564","targetHints":{"allow":["GET"]}}],"collection":[{"href":"https:\/\/www.europesays.com\/es\/wp-json\/wp\/v2\/posts"}],"about":[{"href":"https:\/\/www.europesays.com\/es\/wp-json\/wp\/v2\/types\/post"}],"author":[{"embeddable":true,"href":"https:\/\/www.europesays.com\/es\/wp-json\/wp\/v2\/users\/2"}],"replies":[{"embeddable":true,"href":"https:\/\/www.europesays.com\/es\/wp-json\/wp\/v2\/comments?post=121564"}],"version-history":[{"count":0,"href":"https:\/\/www.europesays.com\/es\/wp-json\/wp\/v2\/posts\/121564\/revisions"}],"wp:featuredmedia":[{"embeddable":true,"href":"https:\/\/www.europesays.com\/es\/wp-json\/wp\/v2\/media\/121565"}],"wp:attachment":[{"href":"https:\/\/www.europesays.com\/es\/wp-json\/wp\/v2\/media?parent=121564"}],"wp:term":[{"taxonomy":"category","embeddable":true,"href":"https:\/\/www.europesays.com\/es\/wp-json\/wp\/v2\/categories?post=121564"},{"taxonomy":"post_tag","embeddable":true,"href":"https:\/\/www.europesays.com\/es\/wp-json\/wp\/v2\/tags?post=121564"}],"curies":[{"name":"wp","href":"https:\/\/api.w.org\/{rel}","templated":true}]}}