{"id":121575,"date":"2025-09-17T20:27:08","date_gmt":"2025-09-17T20:27:08","guid":{"rendered":"https:\/\/www.europesays.com\/es\/121575\/"},"modified":"2025-09-17T20:27:08","modified_gmt":"2025-09-17T20:27:08","slug":"reino-unido-recibe-a-donald-trump-en-visita-de-estado-dw-17-09-2025","status":"publish","type":"post","link":"https:\/\/www.europesays.com\/es\/121575\/","title":{"rendered":"Reino Unido recibe a Donald Trump en visita de Estado \u2013 DW \u2013 17\/09\/2025"},"content":{"rendered":"<p>El presidente estadounidense, <a class=\"internal-link\" href=\"https:\/\/www.dw.com\/es\/trump-donald\/t-19445010\" rel=\"nofollow noopener\" target=\"_blank\">Donald Trump<\/a>, fue recibido este mi\u00e9rcoles (17.09.2025) en el castillo de Windsor por la monarqu\u00eda brit\u00e1nica con toda solemnidad, en el primer d\u00eda de su visita oficial a <a class=\"internal-link\" href=\"https:\/\/www.dw.com\/es\/reino-unido\/t-69560322\" rel=\"nofollow noopener\" target=\"_blank\">Reino Unido<\/a>, lejos de Londres y de manifestaciones en su contra.<\/p>\n<p>Trump y su esposa Melania, que llegaron el martes por la noche a Londres, fueron recibidos al bajar del helic\u00f3ptero, que les transport\u00f3 desde la capital, por los pr\u00edncipes de Gales, Guillermo y Catalina, y los reyes <a class=\"internal-link\" href=\"https:\/\/www.dw.com\/es\/carlos-iii\/t-46336199\" rel=\"nofollow noopener\" target=\"_blank\">Carlos III<\/a> y Camila en el inicio de esta <a class=\"internal-link\" href=\"https:\/\/www.dw.com\/es\/isabel-ii-y-trump-resaltan-valores-comunes-brit\u00e1nicos-y-estadounidenses\/a-49042675\" rel=\"nofollow noopener\" target=\"_blank\">segunda visita de Estado del presidente estadounidense<\/a>, tras la de 2019, en su primer mandato.<\/p>\n<p>El dirigente estadounidense pas\u00f3 revista a una guardia de honor en el patio del castillo, en una ceremonia militar sin precedentes, en la que participaron unos 1.300 miembros del Ej\u00e9rcito brit\u00e1nico. Despu\u00e9s, Trump y Melania depositaron una corona de flores en la tumba de Isabel II, en la Capilla de San Jorge del castillo de Windsor.<\/p>\n<p>Intercambio de regalos<\/p>\n<p>Carlos y Camila ofrecieron al presidente estadounidense la bandera brit\u00e1nica que ondeaba sobre el Palacio de Buckingham el d\u00eda de su investidura, el 20 de enero. Tambi\u00e9n obsequiaron a la primera dama estadounidense con un cuenco de plata y esmalte, t\u00edpico de Irlanda del Norte, y un bolso Anya Hindmarch personalizado. Todo ello, junto a un marco de fotos de plata grabado con el monograma de la monarqu\u00eda.<\/p>\n<p><img data-format=\"MASTER_LANDSCAPE\" data-id=\"74030439\" data-url=\"https:\/\/static.dw.com\/image\/74030439_${formatId}.jpg\" data-aspect-ratio=\"16\/9\" alt=\"El rey brit\u00e1nico, junto a la reina Camila y a la primera dama estadounidense Melania, gesticula mientras explica algo a Donald Trump.\" style=\"padding-bottom: 56.25%; height: 0; max-height: 0;\"\/>El rey Carlos III muestra la colecci\u00f3n real en el palacio de Windsor. Imagen: Evan Vucci\/AP Photo\/dpa\/picture alliance<\/p>\n<p>Por su parte, Donald y Melania Trump regalaron a los monarcas una r\u00e9plica de una espada del presidente estadounidense Dwight D. Eisenhower, recordando \u00abla asociaci\u00f3n hist\u00f3rica decisiva para ganar la Segunda Guerra Mundial\u00bb, seg\u00fan un comunicado de Buckingham. Tambi\u00e9n regalaron a la reina Camila un broche de flor de Tiffany, elaborado con oro de 18 quilates, diamantes y rub\u00edes.<\/p>\n<p>Protestas en Londres<\/p>\n<p>Miles de personas se manifestaron el mi\u00e9rcoles en el centro de Londres contra Trump, aunque <a class=\"internal-link\" href=\"https:\/\/www.dw.com\/es\/proyectan-fotos-de-trump-y-epstein-en-castillo-de-windsor\/a-74021456\" rel=\"nofollow noopener\" target=\"_blank\">hubo previametne otras protestas<\/a>. La concentraci\u00f3n, organizada a instancias del grupo \u00abStop Trump\u00bb, estuvo vigilada por m\u00e1s de 1.600 miembros de las fuerzas de seguridad, indic\u00f3 la polic\u00eda de Londres. Algunas de las pancartas de los congregados rezaban lemas como \u00abLos migrantes son bienvenidos, Trump no es bienvenido\u00bb, \u00abNo al racismo, no a Trump\u00bb o \u00abBombardear ni\u00f1os en Gaza y festejar en Reino Unido\u00bb.<\/p>\n<p>Tampoco en la jornada final de su visita (<a class=\"internal-link\" href=\"https:\/\/www.dw.com\/es\/londres-anuncia-visita-de-estado-de-trump-en-septiembre\/a-73265075\" rel=\"nofollow noopener\" target=\"_blank\">que fue anunciada en julio<\/a>), el pr\u00f3ximo\u00a0jueves, Trump se acercar\u00e1 a Londres. En su lugar ir\u00e1 a Chequers, a unos 70 km de la capital, para reunirse con Starmer en la residencia oficial campestre del primer ministro.<\/p>\n<p>lgc (afp, efe)<\/p>\n<p><img data-format=\"MASTER_LANDSCAPE\" data-id=\"74031025\" data-url=\"https:\/\/static.dw.com\/image\/74031025_${formatId}.jpg\" data-aspect-ratio=\"16\/9\" alt=\"Un grupo de personas portan varias pancartas y corean esl\u00f3ganes. En una de ellas se lee &quot;No a los fascistas&quot;, junto a los nombres de Trump, Musk y Farage.\" style=\"padding-bottom: 56.25%; height: 0; max-height: 0;\"\/>Imagen de las protestas en Londres contra la presencia en el pa\u00eds de Donald Trump.Imagen: Justin Tallis\/AFP<\/p>\n","protected":false},"excerpt":{"rendered":"El presidente estadounidense, Donald Trump, fue recibido este mi\u00e9rcoles (17.09.2025) en el castillo de Windsor por la monarqu\u00eda&hellip;\n","protected":false},"author":2,"featured_media":121576,"comment_status":"","ping_status":"","sticky":false,"template":"","format":"standard","meta":{"footnotes":""},"categories":[42],"tags":[17,18,13,14,11,61,62,63,64,19,20,9,10,15,16,12,21,22,65,66,67],"class_list":{"0":"post-121575","1":"post","2":"type-post","3":"status-publish","4":"format-standard","5":"has-post-thumbnail","7":"category-internacional","8":"tag-breaking-news","9":"tag-breakingnews","10":"tag-featured-news","11":"tag-featurednews","12":"tag-headlines","13":"tag-internacional","14":"tag-international","15":"tag-international-news","16":"tag-internationalnews","17":"tag-latest-news","18":"tag-latestnews","19":"tag-news","20":"tag-noticias","21":"tag-noticias-destacadas","22":"tag-noticiasdestacadas","23":"tag-titulares","24":"tag-ultimas-noticias","25":"tag-ultimasnoticias","26":"tag-world","27":"tag-world-news","28":"tag-worldnews"},"share_on_mastodon":{"url":"","error":""},"_links":{"self":[{"href":"https:\/\/www.europesays.com\/es\/wp-json\/wp\/v2\/posts\/121575","targetHints":{"allow":["GET"]}}],"collection":[{"href":"https:\/\/www.europesays.com\/es\/wp-json\/wp\/v2\/posts"}],"about":[{"href":"https:\/\/www.europesays.com\/es\/wp-json\/wp\/v2\/types\/post"}],"author":[{"embeddable":true,"href":"https:\/\/www.europesays.com\/es\/wp-json\/wp\/v2\/users\/2"}],"replies":[{"embeddable":true,"href":"https:\/\/www.europesays.com\/es\/wp-json\/wp\/v2\/comments?post=121575"}],"version-history":[{"count":0,"href":"https:\/\/www.europesays.com\/es\/wp-json\/wp\/v2\/posts\/121575\/revisions"}],"wp:featuredmedia":[{"embeddable":true,"href":"https:\/\/www.europesays.com\/es\/wp-json\/wp\/v2\/media\/121576"}],"wp:attachment":[{"href":"https:\/\/www.europesays.com\/es\/wp-json\/wp\/v2\/media?parent=121575"}],"wp:term":[{"taxonomy":"category","embeddable":true,"href":"https:\/\/www.europesays.com\/es\/wp-json\/wp\/v2\/categories?post=121575"},{"taxonomy":"post_tag","embeddable":true,"href":"https:\/\/www.europesays.com\/es\/wp-json\/wp\/v2\/tags?post=121575"}],"curies":[{"name":"wp","href":"https:\/\/api.w.org\/{rel}","templated":true}]}}