{"id":121577,"date":"2025-09-17T20:28:07","date_gmt":"2025-09-17T20:28:07","guid":{"rendered":"https:\/\/www.europesays.com\/es\/121577\/"},"modified":"2025-09-17T20:28:07","modified_gmt":"2025-09-17T20:28:07","slug":"los-reyes-cierran-su-primera-jornada-en-egipto-con-una-visita-a-las-piramides-de-guiza-espana","status":"publish","type":"post","link":"https:\/\/www.europesays.com\/es\/121577\/","title":{"rendered":"Los Reyes cierran su primera jornada en Egipto con una visita a las pir\u00e1mides de Guiza | Espa\u00f1a"},"content":{"rendered":"<p class=\"\">Los reyes <a href=\"https:\/\/elpais.com\/espana\/2025-09-17\/el-rey-defiende-en-egipto-la-creacion-de-un-estado-palestino-viable-con-gaza-cisjordania-y-jerusalen-este.html\" target=\"_self\" rel=\"nofollow noopener\" title=\"https:\/\/elpais.com\/espana\/2025-09-17\/el-rey-defiende-en-egipto-la-creacion-de-un-estado-palestino-viable-con-gaza-cisjordania-y-jerusalen-este.html\">Felipe VI<\/a> y do\u00f1a Letizia concluyeron este mi\u00e9rcoles la primera jornada de su viaje de Estado a Egipto con una cena en el majestuoso hotel Mena House con vistas a las emblem\u00e1ticas pir\u00e1mides de Guiza y en compa\u00f1\u00eda del presidente egipcio, Abdelfat\u00e1 Al Sisi, y la primera dama, Entissar Amer. En el discurso previo al almuerzo celebrado al mediod\u00eda entre los jefes de Estado y sus esposas en el Palacio presidencial de Ittihadiya, <a href=\"https:\/\/elpais.com\/espana\/2025-09-16\/el-rey-critica-la-insoportable-crisis-humanitaria-en-gaza-durante-su-viaje-de-estado-a-egipto.html\" target=\"_self\" rel=\"nofollow noopener\" title=\"https:\/\/elpais.com\/espana\/2025-09-16\/el-rey-critica-la-insoportable-crisis-humanitaria-en-gaza-durante-su-viaje-de-estado-a-egipto.html\">el Monarca<\/a> reconoci\u00f3 que tanto \u00e9l como la Reina Leticia ansiaban de manera especial poder contemplar la luz del atardecer en este ic\u00f3nico emplazamiento del pa\u00eds de los faraones. Y hacia \u00e9l se ha dirigido la comitiva tras la cena, con una visita a la Gran Pir\u00e1mide de Guiza, una de las siete maravillas del mundo antiguo, y la Gran Esfinge. Al Sisi suele acompa\u00f1ar a sus visitantes ilustres a lugares de inter\u00e9s hist\u00f3rico y tur\u00edstico de su pa\u00eds. En abril, llev\u00f3 a su hom\u00f3logo franc\u00e9s, Emmanuel Macron, a un zoco. <\/p>\n<p class=\"\">El Mena House es uno de los hoteles con m\u00e1s historia de El Cairo. Situado a la sombra de las pir\u00e1mides, fue originalmente un coto de caza mandado construir por Ismail Pasha, antiguo gobernante egipcio, con motivo de la inauguraci\u00f3n del canal de Suez en 1869 y para recibir a dignatarios asistentes al evento. Pocos a\u00f1os despu\u00e9s fue adquirido por un empresario brit\u00e1nico, que comenz\u00f3 a reconvertirlo en hotel y lo bautiz\u00f3 con el nombre de un fara\u00f3n del per\u00edodo din\u00e1stico temprano. Desde entonces, han pasado por \u00e9l numerosos jefes de Estado, reyes y personalidades ic\u00f3nicas como Winston Churchill y Agatha Christie.<\/p>\n<p class=\"\">En su intervenci\u00f3n en el Palacio de Ittihadiya, <a href=\"https:\/\/elpais.com\/espana\/2025-09-08\/feijoo-revela-una-conversacion-con-felipe-vi-por-su-ausencia-en-la-apertura-del-ano-judicial-entendia-mi-decision.html\" target=\"_self\" rel=\"nofollow noopener\" title=\"https:\/\/elpais.com\/espana\/2025-09-08\/feijoo-revela-una-conversacion-con-felipe-vi-por-su-ausencia-en-la-apertura-del-ano-judicial-entendia-mi-decision.html\">Felipe VI<\/a> destac\u00f3 el enorme inter\u00e9s que despierta entre los espa\u00f1oles la cuna de la civilizaci\u00f3n que representa el Antiguo Egipto. Tambi\u00e9n hizo referencia a la pr\u00f3xima inauguraci\u00f3n del Gran Museo Egipcio, llamado a ser el m\u00e1s completo del mundo dedicado a esta cultura milenaria y cuya apertura est\u00e1 prevista para el 1 de noviembre, que describi\u00f3 como una s\u00edntesis de la historia deslumbrante del pa\u00eds norteafricano.<\/p>\n","protected":false},"excerpt":{"rendered":"Los reyes Felipe VI y do\u00f1a Letizia concluyeron este mi\u00e9rcoles la primera jornada de su viaje de Estado&hellip;\n","protected":false},"author":2,"featured_media":121578,"comment_status":"","ping_status":"","sticky":false,"template":"","format":"standard","meta":{"footnotes":""},"categories":[8],"tags":[6069,39220,17,18,6042,5284,16357,25,24,13,14,11439,11,19,20,9,10,15,16,11362,23,12,21,22],"class_list":{"0":"post-121577","1":"post","2":"type-post","3":"status-publish","4":"format-standard","5":"has-post-thumbnail","7":"category-espana","8":"tag-alberto-nunez-feijoo","9":"tag-antiguo-egipto","10":"tag-breaking-news","11":"tag-breakingnews","12":"tag-casa-real","13":"tag-egipto","14":"tag-el-cairo","15":"tag-es","16":"tag-espana","17":"tag-featured-news","18":"tag-featurednews","19":"tag-felipe-vi","20":"tag-headlines","21":"tag-latest-news","22":"tag-latestnews","23":"tag-news","24":"tag-noticias","25":"tag-noticias-destacadas","26":"tag-noticiasdestacadas","27":"tag-reina-letizia","28":"tag-spain","29":"tag-titulares","30":"tag-ultimas-noticias","31":"tag-ultimasnoticias"},"share_on_mastodon":{"url":"","error":""},"_links":{"self":[{"href":"https:\/\/www.europesays.com\/es\/wp-json\/wp\/v2\/posts\/121577","targetHints":{"allow":["GET"]}}],"collection":[{"href":"https:\/\/www.europesays.com\/es\/wp-json\/wp\/v2\/posts"}],"about":[{"href":"https:\/\/www.europesays.com\/es\/wp-json\/wp\/v2\/types\/post"}],"author":[{"embeddable":true,"href":"https:\/\/www.europesays.com\/es\/wp-json\/wp\/v2\/users\/2"}],"replies":[{"embeddable":true,"href":"https:\/\/www.europesays.com\/es\/wp-json\/wp\/v2\/comments?post=121577"}],"version-history":[{"count":0,"href":"https:\/\/www.europesays.com\/es\/wp-json\/wp\/v2\/posts\/121577\/revisions"}],"wp:featuredmedia":[{"embeddable":true,"href":"https:\/\/www.europesays.com\/es\/wp-json\/wp\/v2\/media\/121578"}],"wp:attachment":[{"href":"https:\/\/www.europesays.com\/es\/wp-json\/wp\/v2\/media?parent=121577"}],"wp:term":[{"taxonomy":"category","embeddable":true,"href":"https:\/\/www.europesays.com\/es\/wp-json\/wp\/v2\/categories?post=121577"},{"taxonomy":"post_tag","embeddable":true,"href":"https:\/\/www.europesays.com\/es\/wp-json\/wp\/v2\/tags?post=121577"}],"curies":[{"name":"wp","href":"https:\/\/api.w.org\/{rel}","templated":true}]}}