{"id":121579,"date":"2025-09-17T20:29:10","date_gmt":"2025-09-17T20:29:10","guid":{"rendered":"https:\/\/www.europesays.com\/es\/121579\/"},"modified":"2025-09-17T20:29:10","modified_gmt":"2025-09-17T20:29:10","slug":"el-castigo-al-pueblo-israeli-seria-un-error","status":"publish","type":"post","link":"https:\/\/www.europesays.com\/es\/121579\/","title":{"rendered":"El castigo al pueblo israel\u00ed ser\u00eda un error"},"content":{"rendered":"<p class=\"article-text\">\n        La alta representante de la Uni\u00f3n Europea para Asuntos Exteriores y Seguridad, <strong>Kaja Kallas<\/strong>, cree que ser\u00eda un \u201cerror\u201d impedir que <strong>Israel<\/strong> participe en <strong>Eurovisi\u00f3n 2026<\/strong> porque esto supondr\u00eda un \u201ccastigo al pueblo israel\u00ed\u201d. Sus declaraciones se producen solo un d\u00eda despu\u00e9s de que Espa\u00f1a y otros pa\u00edses anunciaran que <a href=\"https:\/\/www.eldiario.es\/vertele\/analisis\/eurovision-futuro-jaque-decision-rtve-participacion-israel-amenaza-existencia_1_12606698.html\" target=\"_blank\" data-mrf-recirculation=\"links-noticia\" class=\"link\" rel=\"nofollow noopener\">se retirar\u00e1n del festival<\/a> si la Uni\u00f3n Europea de Radiodifusi\u00f3n (UER) autoriza la participaci\u00f3n de Israel, a quien la ONU acusa de cometer un genocidio en <strong>Gaza <\/strong>que ya le ha costado la vida a m\u00e1s de 65.000 personas.\n    <\/p>\n<p>    <a href=\"https:\/\/www.eldiario.es\/noticias\/silvia-intxaurrondo-dice-miguel-tellado-miente-manipula-negar-veto-pp-no_1_12609146.html\" data-mrf-recirculation=\"saber-mas\" data-dl-event=\"saber-mas\" rel=\"nofollow noopener\" target=\"_blank\"><\/p>\n<p class=\"know-more__title\">Silvia Intxaurrondo dice que Miguel Tellado \u00abmiente y manipula\u00bb al negar el \u00abveto\u00bb del PP hacia ella: \u00abNo es verdad\u00bb<\/p>\n<p>            <img decoding=\"async\" class=\"lazy\" loading=\"lazy\" data-src=\"https:\/\/static.eldiario.es\/clip\/46c021cc-87db-4a5e-a399-f52430df64f4_16-9-aspect-ratio_default_0.jpg\" src=\"data:image\/svg+xml,%3Csvg xmlns=\" http:=\"\" viewbox=\"0 0 880 495\" alt=\"Silvia Intxaurrondo dice que Miguel Tellado &quot;miente y manipula&quot; al negar el &quot;veto&quot; del PP hacia ella: &quot;No es verdad&quot;\"\/><\/p>\n<p>                        <\/a><\/p>\n<p class=\"article-text\">\n        <strong>\u201cTodas estas medidas que van en la direcci\u00f3n de castigar al pueblo israel\u00ed, creo que son err\u00f3neas y no las proponemos\u201d<\/strong>, indic\u00f3 Kallas este mi\u00e9rcoles durante el acto en el que present\u00f3 una serie de medidas de la UE contra Israel por la situaci\u00f3n en Gaza, que incluyen sancionar a ministros extremistas de su Gobierno o retirar preferencias arancelarias a mercanc\u00edas israel\u00edes, informa <a href=\"https:\/\/www.eldiario.es\/internacional\/comision-europea-propone-aranceles-227-millones-israel-frenar-genocidio-gaza_1_12609400.html\" target=\"_blank\" data-mrf-recirculation=\"links-noticia\" class=\"link\" rel=\"nofollow noopener\">elDiario.es<\/a>.\n    <\/p>\n<p class=\"article-text\">\n        \u201cProponemos estas medidas no para castigar a Israel o al pueblo israel\u00ed, sino para intentar presionar realmente al Gobierno israel\u00ed, para que cambie de rumbo y ponga fin al sufrimiento humano en Gaza\u201d, coment\u00f3 la pol\u00edtica estonia.\n    <\/p>\n<p class=\"article-text\">\n        Por esa raz\u00f3n, Kallas rechaz\u00f3 medidas como las que contemplan la no participaci\u00f3n en eventos como Eurovisi\u00f3n, ya que a su juicio <strong>ello podr\u00eda ir en detrimento de la poblaci\u00f3n de Israel<\/strong>.\n    <\/p>\n<p class=\"article-text\">\n        El Consejo de Administraci\u00f3n de RTVE <a href=\"https:\/\/www.eldiario.es\/vertele\/noticias\/rtve-confirma-espana-no-participara-eurovision-si-sigue-israel_1_12605681.html\" target=\"_blank\" data-mrf-recirculation=\"links-noticia\" class=\"link\" rel=\"nofollow noopener\">acord\u00f3 este martes<\/a> la retirada de la delegaci\u00f3n espa\u00f1ola en el festival de Eurovisi\u00f3n 2026 si Israel participa. Espa\u00f1a se convierte as\u00ed en el quinto pa\u00eds en anunciar su retirada si participa Israel tras <strong>Irlanda, Eslovenia, Islandia y Pa\u00edses Bajos<\/strong>, en se\u00f1al de protesta por la intervenci\u00f3n militar de este pa\u00eds en la Franja de Gaza.\n    <\/p>\n<p>    <a href=\"https:\/\/www.eldiario.es\/vertele\/analisis\/eurovision-futuro-jaque-decision-rtve-participacion-israel-amenaza-existencia_1_12606698.html\" data-mrf-recirculation=\"saber-mas-abajo\" data-dl-event=\"saber-mas-abajo\" rel=\"nofollow noopener\" target=\"_blank\"><\/p>\n<p class=\"know-more__title\">Eurovisi\u00f3n y su futuro, en jaque tras la decisi\u00f3n de RTVE: la participaci\u00f3n de Israel amenaza su existencia<\/p>\n<p>            <img decoding=\"async\" class=\"lazy\" loading=\"lazy\" data-src=\"https:\/\/static.eldiario.es\/clip\/602199b4-94b8-4260-97cd-6f4c273ef7c6_16-9-aspect-ratio_default_0.jpg\" src=\"data:image\/svg+xml,%3Csvg xmlns=\" http:=\"\" viewbox=\"0 0 880 495\" alt=\"Eurovisi\u00f3n y su futuro, en jaque tras la decisi\u00f3n de RTVE: la participaci\u00f3n de Israel amenaza su existencia\"\/><\/p>\n<p>                        <\/a><\/p>\n<p class=\"article-text\">\n        El propio presidente del Gobierno espa\u00f1ol, Pedro S\u00e1nchez, plante\u00f3 esta posibilidad en mayo tras la \u00faltima edici\u00f3n del festival, al defender que Israel fuera apartado del certamen musical y de otros eventos similares, como se hizo con Rusia tras la invasi\u00f3n de Ucrania de 2022.\n    <\/p>\n","protected":false},"excerpt":{"rendered":"La alta representante de la Uni\u00f3n Europea para Asuntos Exteriores y Seguridad, Kaja Kallas, cree que ser\u00eda un&hellip;\n","protected":false},"author":2,"featured_media":121580,"comment_status":"","ping_status":"","sticky":false,"template":"","format":"standard","meta":{"footnotes":""},"categories":[5],"tags":[3076,5593,35163,17,18,25,24,24121,13,14,11,74,703,19,20,9,10,15,16,4899,17950,23,12,943,21,22],"class_list":{"0":"post-121579","1":"post","2":"type-post","3":"status-publish","4":"format-standard","5":"has-post-thumbnail","7":"category-titulares","8":"tag-3076","9":"tag-alta","10":"tag-boicot","11":"tag-breaking-news","12":"tag-breakingnews","13":"tag-es","14":"tag-espana","15":"tag-eurovision","16":"tag-featured-news","17":"tag-featurednews","18":"tag-headlines","19":"tag-israel","20":"tag-israeli","21":"tag-latest-news","22":"tag-latestnews","23":"tag-news","24":"tag-noticias","25":"tag-noticias-destacadas","26":"tag-noticiasdestacadas","27":"tag-pueblo","28":"tag-representante","29":"tag-spain","30":"tag-titulares","31":"tag-ue","32":"tag-ultimas-noticias","33":"tag-ultimasnoticias"},"share_on_mastodon":{"url":"","error":""},"_links":{"self":[{"href":"https:\/\/www.europesays.com\/es\/wp-json\/wp\/v2\/posts\/121579","targetHints":{"allow":["GET"]}}],"collection":[{"href":"https:\/\/www.europesays.com\/es\/wp-json\/wp\/v2\/posts"}],"about":[{"href":"https:\/\/www.europesays.com\/es\/wp-json\/wp\/v2\/types\/post"}],"author":[{"embeddable":true,"href":"https:\/\/www.europesays.com\/es\/wp-json\/wp\/v2\/users\/2"}],"replies":[{"embeddable":true,"href":"https:\/\/www.europesays.com\/es\/wp-json\/wp\/v2\/comments?post=121579"}],"version-history":[{"count":0,"href":"https:\/\/www.europesays.com\/es\/wp-json\/wp\/v2\/posts\/121579\/revisions"}],"wp:featuredmedia":[{"embeddable":true,"href":"https:\/\/www.europesays.com\/es\/wp-json\/wp\/v2\/media\/121580"}],"wp:attachment":[{"href":"https:\/\/www.europesays.com\/es\/wp-json\/wp\/v2\/media?parent=121579"}],"wp:term":[{"taxonomy":"category","embeddable":true,"href":"https:\/\/www.europesays.com\/es\/wp-json\/wp\/v2\/categories?post=121579"},{"taxonomy":"post_tag","embeddable":true,"href":"https:\/\/www.europesays.com\/es\/wp-json\/wp\/v2\/tags?post=121579"}],"curies":[{"name":"wp","href":"https:\/\/api.w.org\/{rel}","templated":true}]}}