{"id":121581,"date":"2025-09-17T20:30:12","date_gmt":"2025-09-17T20:30:12","guid":{"rendered":"https:\/\/www.europesays.com\/es\/121581\/"},"modified":"2025-09-17T20:30:12","modified_gmt":"2025-09-17T20:30:12","slug":"la-seleccion-espanola-absoluta-de-balonmano-femenino-vuelve-a-sagunt","status":"publish","type":"post","link":"https:\/\/www.europesays.com\/es\/121581\/","title":{"rendered":"La selecci\u00f3n espa\u00f1ola absoluta de balonmano femenino vuelve a Sagunt"},"content":{"rendered":"<p class=\"ft-text ft-helper-closenews\">Hace ya a\u00f1os que Sagunt enarbola su condici\u00f3n de ciudad del balonmano y la disponibilidad de un nuevo pabell\u00f3n ha dado el empuj\u00f3n definitivo para que este reconocimiento vaya m\u00e1s all\u00e1 del \u00e1mbito local. Y es que, si hace <a class=\"ft-link ft-link--decoration\" href=\"https:\/\/www.levante-emv.com\/morvedre\/2024\/10\/16\/hispanos-balonmano-jugaran-partido-oficial-port-sagunt-109364043.html\" target=\"_blank\" rel=\"nofollow noopener\">menos de un a\u00f1o<\/a> fueron los <a class=\"ft-link ft-link--decoration\" href=\"https:\/\/www.levante-emv.com\/morvedre\/2024\/11\/07\/recuerdo-afectados-dana-valencia-marca-historico-hispanos-sagunt-111458995.html\" target=\"_blank\" rel=\"nofollow noopener\">Hispanos<\/a> quienes jugaron en el polideportivo del Port de Sagunt, el<strong> pr\u00f3ximo 16 de octubre ser\u00e1n las Guerreras, que se medir\u00e1n a Grecia en su camino de clasificaci\u00f3n para el Europeo<\/strong> del pr\u00f3ximo a\u00f1o.<\/p>\n<p class=\"ft-text\">El concejal de Deportes, Javier Tim\u00f3n, reconoce en palabras a <strong>Levante-EMV<\/strong> que \u00abno por esperada es una noticia menos positiva\u00bb. Se refiere el socialista a que la visita de la selecci\u00f3n absoluta masculina fue casi un favor del ayuntamiento cuando a la <a class=\"ft-link ft-link--decoration\" href=\"https:\/\/www.rfebm.com\/\" target=\"_blank\" rel=\"nofollow noopener\">Real Federaci\u00f3n Espa\u00f1ola de Balonmano<\/a> le surgieron problemas para la disputa en Castell\u00f3 del partido que estaba programado contra Italia. \u00ab<strong>Despu\u00e9s de salvarles de ese problema -se\u00f1ala el edil- se comprometieron a traer un partido de la selecci\u00f3n femenina y aqu\u00ed lo tenemos<\/strong>\u00ab.<\/p>\n<p>Pabell\u00f3n encantador<\/p>\n<p class=\"ft-text\">Entre las claves para que Sagunt se convierta en sede habitual de los combinados espa\u00f1oles, \u00abadem\u00e1s del nivel que tiene nuestros dos clubes\u00bb, en referencia al BM Morvedre y el Fertiberia BM Puerto, Tim\u00f3n reconoce que \u00abno descubrimos nada, porque lo han reiterado en varias ocasiones, que <strong>a la federaci\u00f3n le encanta nuestro pabell\u00f3n, porque re\u00fane todos los condicionantes para ser el escenario de partidos de primer nivel<\/strong> de balonmano\u00bb.<\/p>\n<p><img decoding=\"async\" src=\"https:\/\/www.europesays.com\/es\/wp-content\/uploads\/2025\/09\/c121c94f-0c97-45e1-8aef-04220ce2ac7e_alta-libre-aspect-ratio_default_0.jpg\" width=\"1200\" height=\"800\" alt=\"Acci\u00f3n de un encuentro de la Guerreras.\" class=\"ft-helper-img-rd\" loading=\"lazy\" hasdataaida=\"true\"\/><\/p>\n<p class=\"ft-helper-fontColor-quaternary ft-helper-fontSize-body-S ft-helper-spacer-t-xxs\">Acci\u00f3n de un encuentro de la Guerreras.  \/ RFEBM\/J.L. RECIO<\/p>\n<p class=\"ft-text\">Pendientes todav\u00eda de las<strong> \u00faltimas reuniones log\u00edsticas para perfilar todos los detalles previos a la visita del combinado dirigido por Ambros Mart\u00edn<\/strong>, en los pr\u00f3ximos d\u00edas se espera que salgan las entradas a la venta con la fecha l\u00edmite puesta para el 7 de octubre, que es cuando tendr\u00e1 lugar la presentaci\u00f3n oficial del partido.<\/p>\n<p>\u00daltimo precedente<\/p>\n<p class=\"ft-text\">La \u00faltima visita de las Guerreras a Sagunt se remonta al<a class=\"ft-link ft-link--decoration\" href=\"https:\/\/www.levante-emv.com\/morvedre\/2021\/07\/13\/espana-sale-ovni-equipo-olimpico-54959670.html\" target=\"_blank\" rel=\"nofollow noopener\"> verano de 2021<\/a>, cuando <strong>disputaron sendos amistosos en el Ovni frente a Ruman\u00eda en su camino de preparaci\u00f3n para las Olimpiadas de Tokio<\/strong>. Esa doble cita tambi\u00e9n result\u00f3 especial por suponer el rehgreso a la selecci\u00f3n de la saguntina de adopci\u00f3n, <a class=\"ft-link ft-link--decoration\" href=\"https:\/\/www.levante-emv.com\/morvedre\/2024\/09\/05\/leyenda-saguntina-shandy-barbosa-retira-balonmano-107752582.html\" target=\"_blank\" rel=\"nofollow noopener\">Shandy Barbosa<\/a>.<\/p>\n<p class=\"ft-text\">M\u00e1s recientemente, el primer equipo del<strong> BM Morvedre sirvi\u00f3 de <\/strong><a class=\"ft-link ft-link--decoration\" href=\"https:\/\/www.levante-emv.com\/morvedre\/2024\/09\/27\/bm-morvedre-ejerce-sparring-nuevas-guerreras-108618340.html\" target=\"_blank\" rel=\"nofollow noopener\"><strong>sparring<\/strong><\/a><strong> de la selecci\u00f3n absoluta femenina<\/strong> en un entrenamiento con p\u00fablico en Castell\u00f3.<\/p>\n<p data-close=\"closedContent\" class=\"subscribeHideForDisplay\">Suscr\u00edbete para seguir leyendo<\/p>\n","protected":false},"excerpt":{"rendered":"Hace ya a\u00f1os que Sagunt enarbola su condici\u00f3n de ciudad del balonmano y la disponibilidad de un nuevo&hellip;\n","protected":false},"author":2,"featured_media":121582,"comment_status":"","ping_status":"","sticky":false,"template":"","format":"standard","meta":{"footnotes":""},"categories":[278],"tags":[376,168,10382,25,24,2501,2500,4649,3367,375,34606,10380,1988,23,167,2292],"class_list":{"0":"post-121581","1":"post","2":"type-post","3":"status-publish","4":"format-standard","5":"has-post-thumbnail","7":"category-balonmano","8":"tag-balonmano","9":"tag-deportes","10":"tag-el-camp-de-morvedre","11":"tag-es","12":"tag-espana","13":"tag-espanola","14":"tag-federacion","15":"tag-femenino","16":"tag-guerreras","17":"tag-handball","18":"tag-port-de-sagunt","19":"tag-sagunt","20":"tag-seleccion","21":"tag-spain","22":"tag-sports","23":"tag-vuelven"},"share_on_mastodon":{"url":"","error":""},"_links":{"self":[{"href":"https:\/\/www.europesays.com\/es\/wp-json\/wp\/v2\/posts\/121581","targetHints":{"allow":["GET"]}}],"collection":[{"href":"https:\/\/www.europesays.com\/es\/wp-json\/wp\/v2\/posts"}],"about":[{"href":"https:\/\/www.europesays.com\/es\/wp-json\/wp\/v2\/types\/post"}],"author":[{"embeddable":true,"href":"https:\/\/www.europesays.com\/es\/wp-json\/wp\/v2\/users\/2"}],"replies":[{"embeddable":true,"href":"https:\/\/www.europesays.com\/es\/wp-json\/wp\/v2\/comments?post=121581"}],"version-history":[{"count":0,"href":"https:\/\/www.europesays.com\/es\/wp-json\/wp\/v2\/posts\/121581\/revisions"}],"wp:featuredmedia":[{"embeddable":true,"href":"https:\/\/www.europesays.com\/es\/wp-json\/wp\/v2\/media\/121582"}],"wp:attachment":[{"href":"https:\/\/www.europesays.com\/es\/wp-json\/wp\/v2\/media?parent=121581"}],"wp:term":[{"taxonomy":"category","embeddable":true,"href":"https:\/\/www.europesays.com\/es\/wp-json\/wp\/v2\/categories?post=121581"},{"taxonomy":"post_tag","embeddable":true,"href":"https:\/\/www.europesays.com\/es\/wp-json\/wp\/v2\/tags?post=121581"}],"curies":[{"name":"wp","href":"https:\/\/api.w.org\/{rel}","templated":true}]}}