{"id":121587,"date":"2025-09-17T20:35:14","date_gmt":"2025-09-17T20:35:14","guid":{"rendered":"https:\/\/www.europesays.com\/es\/121587\/"},"modified":"2025-09-17T20:35:14","modified_gmt":"2025-09-17T20:35:14","slug":"es-la-cosa-que-mas-miedo-me-da-la-confesion-de-un-aventurero-que-esta-dando-la-vuelta-al-mundo-en-bicicleta-sociedad","status":"publish","type":"post","link":"https:\/\/www.europesays.com\/es\/121587\/","title":{"rendered":"\u00abEs la cosa que m\u00e1s miedo me da\u00bb: la confesi\u00f3n de un aventurero que est\u00e1 dando la vuelta al mundo en bicicleta | Sociedad"},"content":{"rendered":"<p class=\"loc\">Madrid<\/p>\n<p>Hace ya varios meses, concretamente el pasado 1 de enero, Pau Hidalgo arrancaba una <a href=\"https:\/\/cadenaser.com\/nacional\/2025\/05\/23\/intenta-dar-la-vuelta-al-mundo-en-coche-y-se-encuentra-con-un-gran-problema-nadie-le-habia-avisado-de-esto-cadena-ser\/\" target=\"_blank\" rel=\"noreferrer nofollow noopener\" title=\"https:\/\/cadenaser.com\/nacional\/2025\/05\/23\/intenta-dar-la-vuelta-al-mundo-en-coche-y-se-encuentra-con-un-gran-problema-nadie-le-habia-avisado-de-esto-cadena-ser\/\">vuelta al mundo <\/a>de lo m\u00e1s singular. El protagonista parti\u00f3 desde Roquetes (Catalu\u00f1a) <a href=\"https:\/\/cadenaser.com\/nacional\/2025\/09\/16\/le-dijeron-que-nunca-volveria-a-caminar-y-acabo-dando-la-vuelta-al-mundo-en-bici-la-historia-de-superacion-de-dani-ku-cadena-ser\/\" target=\"_blank\" rel=\"noreferrer nofollow noopener\" title=\"https:\/\/cadenaser.com\/nacional\/2025\/09\/16\/le-dijeron-que-nunca-volveria-a-caminar-y-acabo-dando-la-vuelta-al-mundo-en-bici-la-historia-de-superacion-de-dani-ku-cadena-ser\/\">con su bici<\/a> y, desde entonces, no ha parado ni un solo momento. A lo largo de esta aventura, en la que recorrer\u00e1 un total de 25.000 kil\u00f3metros, el aventurero ya ha superado tanto Europa como Asia. Pero no solo eso. Tambi\u00e9n ha cruzado Australia de norte a sur y ahora mismo se encuentra en Per\u00fa en su objetivo de completar la traves\u00eda por el continente americano antes de dar el salto a \u00c1frica para finalmente volver a casa.<\/p>\n<p>M\u00e1s informaci\u00f3n<\/p>\n<p>Y lo mejor de todo es que por cada kil\u00f3metro que recorre recauda un euro para la investigaci\u00f3n contra el c\u00e1ncer de mama <a href=\"https:\/\/projecteemma.org\/\" target=\"_blank\" rel=\"noreferrer nofollow noopener\" title=\"https:\/\/projecteemma.org\/\">como parte del Proyecto Emma<\/a>. As\u00ed lo ha dado a conocer en el \u00faltimo programa de SER Aventureros, donde nos ha hablado acerca de su vuelta al mundo y el trasfondo social del mismo: \u00abPensaba que era el momento para hacerlo. Trabajaba en una empresa de marketing y quer\u00eda hacer un cambio porque estaba quemado. Primero empec\u00e9 cruzando Espa\u00f1a, luego parte de Europa y, tras estas primeras pruebas, decid\u00ed embarcarme en la vuelta al mundo\u00bb.<\/p>\n<p>Una traves\u00eda por Australia<\/p>\n<p>Un viaje que le est\u00e1 dejando todo tipo de an\u00e9cdotas. Entre ellas las que ha vivido por las zonas des\u00e9rticas de Australia, donde reconoce que lo ha llegado a pasar realmente mal por la falta de agua: \u00abLa parte de Australia creo que ha sido un reto m\u00e1s mental que f\u00edsico. Para que la gente que se haga una idea, la cruce en vertical por el centro, que es por donde est\u00e1 el desierto\u00bb. Y claro, encontrar todo tipo de provisiones en medio del desierto puede llegar a ser bastante complicado: \u00abLos primeros 200 o 300 kil\u00f3metros a lo mejor no encuentras nada, pero, a partir de entonces, tienes avituallamientos cada 100, 150 o 200 kil\u00f3metros\u00bb.<\/p>\n<p>Por esa misma raz\u00f3n, el protagonista de esta historia tuvo que gestionarse sus provisiones de la mejor manera posible y establecer unas rutas concretas para poder llegar a su destino antes de que se le acabara la comida y el agua: \u00abEntonces simplemente te vas repartiendo un poco para quedarte en mitad del camino y llegar al avituallamiento al d\u00eda siguiente o ya llegar ese mismo d\u00eda para eso\u00bb.<\/p>\n<p>La gesti\u00f3n del agua<\/p>\n<p>Y es que el aventurero ha reconocido que lleg\u00f3 a pasarlo realmente mal los primeros d\u00edas despu\u00e9s de no haber medido del todo bien sus recursos: \u00abEn el norte hac\u00eda mucho calor y, los primeros d\u00edas, yo beb\u00eda una media de 6, 8 y hasta 10 litros de agua, dependiendo un poco de la temperatura. Pero claro, eso es mucho peso para llevar en la bici. Por lo tanto, decid\u00ed llevarme agua para solo dos o tres d\u00edas porque al final son 30 kilos de peso. Al final te llevas el agua justita para llegar hasta el siguiente avituallamiento\u00bb. <\/p>\n<p>El problema es que una vez se qued\u00f3 m\u00e1s corto de lo que le gustar\u00eda: \u00abLos primeros d\u00edas me qued\u00e9 corto y te prometo que la sed es la cosa que m\u00e1s miedo me da en el mundo ahora mismo. Me toc\u00f3 para a una caravana en mitad de la carretera pidiendo agua porque no me quedaba apenas agua\u00bb. El aventurero recuerda que se iba repartiendo la poca agua que ten\u00eda bebiendo un sorbito de agua cada media hora. Todo ello para poder hidratarse y evitar un posible desfallecimiento. Por lo tanto, y despu\u00e9s de esta traves\u00eda, Pau Hidalgo entiende de la importancia de ir bien equipado en los terrenos m\u00e1s complejos.<\/p>\n","protected":false},"excerpt":{"rendered":"Madrid Hace ya varios meses, concretamente el pasado 1 de enero, Pau Hidalgo arrancaba una vuelta al mundo&hellip;\n","protected":false},"author":2,"featured_media":121588,"comment_status":"","ping_status":"","sticky":false,"template":"","format":"standard","meta":{"footnotes":""},"categories":[273],"tags":[6279,40036,40037,745,14567,11977,313,10702,40038,40039,40040,40041,312,746,168,40042,40043,37637,7905,25,24,40044,40045,40046,9376,16043,14459,408,40047,6576,29405,40048,40049,40050,40051,27217,3777,40052,40053,40054,40055,40056,40057,40058,40059,2391,40060,40061,23,17484,3020,167,40062,22818,14582,10629,15746,40063,16060,40064,4450,37221,27448],"class_list":{"0":"post-121587","1":"post","2":"type-post","3":"status-publish","4":"format-standard","5":"has-post-thumbnail","7":"category-ciclismo","8":"tag-adult","9":"tag-adventure","10":"tag-arizona","11":"tag-bicycle","12":"tag-blue","13":"tag-challenge","14":"tag-ciclismo","15":"tag-confidence","16":"tag-copy-space","17":"tag-courage","18":"tag-cross-country-cycling","19":"tag-cycle","20":"tag-cycling","21":"tag-cyclist","22":"tag-deportes","23":"tag-desert","24":"tag-determination","25":"tag-endurance","26":"tag-energy","27":"tag-es","28":"tag-espana","29":"tag-exercising","30":"tag-extreme-sports","31":"tag-footpath","32":"tag-fun","33":"tag-healthy-lifestyle","34":"tag-hill","35":"tag-horizontal","36":"tag-lens-flare","37":"tag-men","38":"tag-mountain-bike","39":"tag-mountain-biking","40":"tag-moving-up","41":"tag-obscured-face","42":"tag-one-man-only","43":"tag-one-person","44":"tag-outdoors","45":"tag-recreational-pursuit","46":"tag-red-rocks","47":"tag-remote","48":"tag-rock-object","49":"tag-rock-formation","50":"tag-sedona","51":"tag-serene-people","52":"tag-side-view","53":"tag-sky","54":"tag-solitude","55":"tag-southwest-usa","56":"tag-spain","57":"tag-speed","58":"tag-sport","59":"tag-sports","60":"tag-sports-training","61":"tag-sun","62":"tag-sunlight","63":"tag-sunny","64":"tag-tourism","65":"tag-tranquil-scene","66":"tag-unrecognizable-person","67":"tag-uphill","68":"tag-usa","69":"tag-vibrant-color","70":"tag-vitality"},"share_on_mastodon":{"url":"","error":""},"_links":{"self":[{"href":"https:\/\/www.europesays.com\/es\/wp-json\/wp\/v2\/posts\/121587","targetHints":{"allow":["GET"]}}],"collection":[{"href":"https:\/\/www.europesays.com\/es\/wp-json\/wp\/v2\/posts"}],"about":[{"href":"https:\/\/www.europesays.com\/es\/wp-json\/wp\/v2\/types\/post"}],"author":[{"embeddable":true,"href":"https:\/\/www.europesays.com\/es\/wp-json\/wp\/v2\/users\/2"}],"replies":[{"embeddable":true,"href":"https:\/\/www.europesays.com\/es\/wp-json\/wp\/v2\/comments?post=121587"}],"version-history":[{"count":0,"href":"https:\/\/www.europesays.com\/es\/wp-json\/wp\/v2\/posts\/121587\/revisions"}],"wp:featuredmedia":[{"embeddable":true,"href":"https:\/\/www.europesays.com\/es\/wp-json\/wp\/v2\/media\/121588"}],"wp:attachment":[{"href":"https:\/\/www.europesays.com\/es\/wp-json\/wp\/v2\/media?parent=121587"}],"wp:term":[{"taxonomy":"category","embeddable":true,"href":"https:\/\/www.europesays.com\/es\/wp-json\/wp\/v2\/categories?post=121587"},{"taxonomy":"post_tag","embeddable":true,"href":"https:\/\/www.europesays.com\/es\/wp-json\/wp\/v2\/tags?post=121587"}],"curies":[{"name":"wp","href":"https:\/\/api.w.org\/{rel}","templated":true}]}}