{"id":121599,"date":"2025-09-17T20:42:07","date_gmt":"2025-09-17T20:42:07","guid":{"rendered":"https:\/\/www.europesays.com\/es\/121599\/"},"modified":"2025-09-17T20:42:07","modified_gmt":"2025-09-17T20:42:07","slug":"el-pecho-se-me-cerraba","status":"publish","type":"post","link":"https:\/\/www.europesays.com\/es\/121599\/","title":{"rendered":"El pecho se me cerraba"},"content":{"rendered":"<p class=\"c-paragraph\">Laura Galera ha tenido que visitar urgencias por unas dolencias que le generaron cierta preocupaci\u00f3n. La que fuera concursante de <a href=\"https:\/\/www.20minutos.es\/tags\/instituciones-empresas\/gran-hermano.html\" title=\"Gran Hermano\" rel=\"nofollow noopener\" target=\"_blank\">Gran Hermano 19<\/a> ha compartido con sus seguidores el <b>diagn\u00f3stico que le han dado los m\u00e9dicos<\/b> tras realizarle las pruebas pertinentes.<\/p>\n<p class=\"c-paragraph\">\u00abBuenas noches amores. Al final estoy en el hospital. De repente me empec\u00e9 a sentirme muy mal: <b>el pecho se me cerraba, la tos era rara y luego lleg\u00f3 una migra\u00f1a muy fuerte<\/b>\u00ab, apunt\u00f3 en una primera instancia a trav\u00e9s de una historia de Instagram sobre los s\u00edntomas que experiment\u00f3.<\/p>\n<p class=\"c-paragraph\">La joven inform\u00f3 que lo que le ocurr\u00eda pod\u00eda ser porque lleva \u00abunos d\u00edas agobiada\u00bb, lo que le ha generado <b>\u00abun poco de ansiedad\u00bb<\/b>. \u00abEso ha hecho que mis defensas baje y el pecho se me cierre m\u00e1s de lo normal y tenga esos dolores de cabeza\u00bb, detall\u00f3.<\/p>\n<p class=\"c-paragraph\">Por otro lado, la tos cree que ser\u00e1 de \u00abfr\u00edo\u00bb que cogi\u00f3. \u00abEstoy bien\u00bb, reconoci\u00f3 a sus seguidores, a quienes quiso dar las gracias por su preocupaci\u00f3n. \u00ab<b>No sab\u00e9is lo mucho que me calma sentir vuestro cari\u00f1o.<\/b> Os amo\u00bb, finaliz\u00f3 con su comunicado.<\/p>\n<p class=\"c-paragraph\">En una segunda story, la hija de Mar\u00eda Jos\u00e9 Galera comparti\u00f3 una foto en la que enfoca a <b>la v\u00eda que le colocaron en el brazo <\/b>para hacerle el chequeo m\u00e9dico.<\/p>\n<p class=\"c-paragraph\">Todo se ha quedado, ya que<b> la siguiente imagen que ha compartido ha sido desde casa<\/b>. \u00abAcabo de deshacer la maleta y mira lo que me encuentro dentro. Quiero volver\u00bb, indic\u00f3 Laura en un texto con el que acompa\u00f1\u00f3 una fotograf\u00eda en la que aparece ella con Ruvens, su compa\u00f1ero de reality, y el creador de contenido\u00a0Tapy95Fut en la Feria de Albacete.<\/p>\n","protected":false},"excerpt":{"rendered":"Laura Galera ha tenido que visitar urgencias por unas dolencias que le generaron cierta preocupaci\u00f3n. La que fuera&hellip;\n","protected":false},"author":2,"featured_media":121600,"comment_status":"","ping_status":"","sticky":false,"template":"","format":"standard","meta":{"footnotes":""},"categories":[171],"tags":[4248,1994,146,147,25,24,33686,37023,3459,23,214],"class_list":{"0":"post-121599","1":"post","2":"type-post","3":"status-publish","4":"format-standard","5":"has-post-thumbnail","7":"category-tv","8":"tag-4248","9":"tag-comparte","10":"tag-entertainment","11":"tag-entretenimiento","12":"tag-es","13":"tag-espana","14":"tag-galera","15":"tag-gh","16":"tag-laura","17":"tag-spain","18":"tag-tv"},"share_on_mastodon":{"url":"","error":""},"_links":{"self":[{"href":"https:\/\/www.europesays.com\/es\/wp-json\/wp\/v2\/posts\/121599","targetHints":{"allow":["GET"]}}],"collection":[{"href":"https:\/\/www.europesays.com\/es\/wp-json\/wp\/v2\/posts"}],"about":[{"href":"https:\/\/www.europesays.com\/es\/wp-json\/wp\/v2\/types\/post"}],"author":[{"embeddable":true,"href":"https:\/\/www.europesays.com\/es\/wp-json\/wp\/v2\/users\/2"}],"replies":[{"embeddable":true,"href":"https:\/\/www.europesays.com\/es\/wp-json\/wp\/v2\/comments?post=121599"}],"version-history":[{"count":0,"href":"https:\/\/www.europesays.com\/es\/wp-json\/wp\/v2\/posts\/121599\/revisions"}],"wp:featuredmedia":[{"embeddable":true,"href":"https:\/\/www.europesays.com\/es\/wp-json\/wp\/v2\/media\/121600"}],"wp:attachment":[{"href":"https:\/\/www.europesays.com\/es\/wp-json\/wp\/v2\/media?parent=121599"}],"wp:term":[{"taxonomy":"category","embeddable":true,"href":"https:\/\/www.europesays.com\/es\/wp-json\/wp\/v2\/categories?post=121599"},{"taxonomy":"post_tag","embeddable":true,"href":"https:\/\/www.europesays.com\/es\/wp-json\/wp\/v2\/tags?post=121599"}],"curies":[{"name":"wp","href":"https:\/\/api.w.org\/{rel}","templated":true}]}}