{"id":121615,"date":"2025-09-17T20:50:08","date_gmt":"2025-09-17T20:50:08","guid":{"rendered":"https:\/\/www.europesays.com\/es\/121615\/"},"modified":"2025-09-17T20:50:08","modified_gmt":"2025-09-17T20:50:08","slug":"la-ue-senala-que-medidas-como-no-participar-en-eurovision-son-erroneas","status":"publish","type":"post","link":"https:\/\/www.europesays.com\/es\/121615\/","title":{"rendered":"La UE se\u00f1ala que medidas como no participar en Eurovisi\u00f3n son \u00aberr\u00f3neas\u00bb"},"content":{"rendered":"<p>La alta representante de la Uni\u00f3n Europea para Asuntos Exteriores, Kaja Kallas, ha considerado este mi\u00e9rcoles que medidas como <strong>ausentarse del concurso de Eurovisi\u00f3n<\/strong> si participa Israel \u2014adoptada el martes por RTVE\u2014 como protesta por su operaci\u00f3n militar en Gaza son <strong>\u00aberr\u00f3neas\u00bb y castigan al pueblo israel\u00ed<\/strong>. <\/p>\n<p>\u00abTodas estas medidas que van en la direcci\u00f3n de castigar al pueblo israel\u00ed, creo que son err\u00f3neas y no las proponemos\u00bb, ha indicado Kallas durante una rueda de prensa al ser preguntada por la decisi\u00f3n de varios pa\u00edses europeos de <strong>no participar en el certamen <\/strong>de la canci\u00f3n si compite Israel.<\/p>\n<p>Espa\u00f1a, Irlanda, Islandia, Eslovenia y Pa\u00edses Bajos han anunciado en los \u00faltimos d\u00edas su retirada del festival de Eurovisi\u00f3n en 2026 si Israel participa. <\/p>\n<p>La UE propone varias medidas contra Israel<\/p>\n<p>Kallas ha presentado este mi\u00e9rcoles una <strong>serie de medidas de la UE contra Israel <\/strong>por la situaci\u00f3n en Gaza, que incluyen <strong>sancionar a ministros extremistas de su Gobierno<\/strong> o retirar preferencias arancelarias a <strong>mercanc\u00edas israel\u00edes<\/strong>. <\/p>\n<p>\u00abProponemos estas medidas no para castigar a Israel o al pueblo israel\u00ed, sino para intentar presionar realmente al Gobierno israel\u00ed, para que cambie de rumbo y <strong>ponga fin al sufrimiento humano en Gaza<\/strong>\u00ab, ha se\u00f1alado la pol\u00edtica estonia.<\/p>\n<p>Kallas ha asegurado que las propuestas presentadas hoy \u00abno afectan realmente al pueblo, sino que pretenden presionar al Gobierno israel\u00ed para que cambie de rumbo\u00bb. Por esa raz\u00f3n, ha rechazado medidas como las que contemplan la no participaci\u00f3n en eventos como Eurovisi\u00f3n, ya que a su juicio esto podr\u00eda ir en <strong>detrimento de la poblaci\u00f3n de Israel. <\/strong><\/p>\n<p>Por otra parte, preguntada por la raz\u00f3n de que la Comisi\u00f3n Europea haya presentado este mi\u00e9rcoles esas propuestas restrictivas contra Israel ahora y no hace por ejemplo un a\u00f1o, cuando <strong>ya se contaban los fallecidos palestinos por decenas de millares<\/strong>, Kallas ha apuntado a las directrices dadas por la presidenta comunitaria, <strong>Ursula von der Leyen<\/strong>, durante su discurso anual sobre el estado de la Uni\u00f3n, pronunciado justo hace una semana ante el pleno del Parlamento Europeo en Estrasburgo. <\/p>\n<p>\u00abTodos hemos escuchado el discurso de la presidenta de la Comisi\u00f3n en el que propon\u00eda estos puntos y creo que esto demuestra c\u00f3mo ha cambiado realmente la situaci\u00f3n\u00bb, ha afirmado Kallas. <\/p>\n<p>En concreto, se ha referido a la <strong>proliferaci\u00f3n de asentamientos israel\u00edes en Cisjordania<\/strong> y a la operaci\u00f3n terrestre que el Ej\u00e9rcito israel\u00ed ha lanzado <strong>contra la Ciudad de Gaza.<\/strong><\/p>\n<p>\u00abTodas estas cosas que causan m\u00e1s sufrimiento a la poblaci\u00f3n (&#8230;) Por eso hoy estamos aqu\u00ed, porque hace una semana tuvimos el discurso sobre el Estado de la Uni\u00f3n en el que la presidenta Von der Leyen propuso estas cosas\u00bb, ha se\u00f1alado Kallas.<\/p>\n<p>RTVE acuerda no participar en Eurovisi\u00f3n si lo hace Israel<\/p>\n<p>El martes, y siguiendo el ejemplo de otros pa\u00edses, el Consejo de Administraci\u00f3n de RTVE acord\u00f3 la <strong>retirada de la delegaci\u00f3n espa\u00f1ola <\/strong>del festival de Eurovisi\u00f3n 2026 si Israel participa.<\/p>\n<p>Espa\u00f1a se convierte as\u00ed en el quinto pa\u00eds en anunciar su retirada si participa Israel tras <strong>Irlanda, Eslovenia, Islandia y Pa\u00edses Bajos<\/strong>, en se\u00f1al de <strong>protesta por la intervenci\u00f3n militar <\/strong>de este pa\u00eds en la Franja de Gaza. <\/p>\n<p>El propio presidente del Gobierno espa\u00f1ol, Pedro S\u00e1nchez, plante\u00f3 esta posibilidad en mayo tras la \u00faltima edici\u00f3n del festival, al defender que Israel fuera apartado del certamen musical y de otros eventos similares, <strong>como se hizo con Rusia<\/strong> tras la invasi\u00f3n de Ucrania de 2022<\/p>\n","protected":false},"excerpt":{"rendered":"La alta representante de la Uni\u00f3n Europea para Asuntos Exteriores, Kaja Kallas, ha considerado este mi\u00e9rcoles que medidas&hellip;\n","protected":false},"author":2,"featured_media":121616,"comment_status":"","ping_status":"","sticky":false,"template":"","format":"standard","meta":{"footnotes":""},"categories":[42],"tags":[17,18,13,14,11,61,62,63,64,19,20,9,10,15,16,12,21,22,65,66,67],"class_list":{"0":"post-121615","1":"post","2":"type-post","3":"status-publish","4":"format-standard","5":"has-post-thumbnail","7":"category-internacional","8":"tag-breaking-news","9":"tag-breakingnews","10":"tag-featured-news","11":"tag-featurednews","12":"tag-headlines","13":"tag-internacional","14":"tag-international","15":"tag-international-news","16":"tag-internationalnews","17":"tag-latest-news","18":"tag-latestnews","19":"tag-news","20":"tag-noticias","21":"tag-noticias-destacadas","22":"tag-noticiasdestacadas","23":"tag-titulares","24":"tag-ultimas-noticias","25":"tag-ultimasnoticias","26":"tag-world","27":"tag-world-news","28":"tag-worldnews"},"share_on_mastodon":{"url":"","error":""},"_links":{"self":[{"href":"https:\/\/www.europesays.com\/es\/wp-json\/wp\/v2\/posts\/121615","targetHints":{"allow":["GET"]}}],"collection":[{"href":"https:\/\/www.europesays.com\/es\/wp-json\/wp\/v2\/posts"}],"about":[{"href":"https:\/\/www.europesays.com\/es\/wp-json\/wp\/v2\/types\/post"}],"author":[{"embeddable":true,"href":"https:\/\/www.europesays.com\/es\/wp-json\/wp\/v2\/users\/2"}],"replies":[{"embeddable":true,"href":"https:\/\/www.europesays.com\/es\/wp-json\/wp\/v2\/comments?post=121615"}],"version-history":[{"count":0,"href":"https:\/\/www.europesays.com\/es\/wp-json\/wp\/v2\/posts\/121615\/revisions"}],"wp:featuredmedia":[{"embeddable":true,"href":"https:\/\/www.europesays.com\/es\/wp-json\/wp\/v2\/media\/121616"}],"wp:attachment":[{"href":"https:\/\/www.europesays.com\/es\/wp-json\/wp\/v2\/media?parent=121615"}],"wp:term":[{"taxonomy":"category","embeddable":true,"href":"https:\/\/www.europesays.com\/es\/wp-json\/wp\/v2\/categories?post=121615"},{"taxonomy":"post_tag","embeddable":true,"href":"https:\/\/www.europesays.com\/es\/wp-json\/wp\/v2\/tags?post=121615"}],"curies":[{"name":"wp","href":"https:\/\/api.w.org\/{rel}","templated":true}]}}