{"id":121617,"date":"2025-09-17T20:51:14","date_gmt":"2025-09-17T20:51:14","guid":{"rendered":"https:\/\/www.europesays.com\/es\/121617\/"},"modified":"2025-09-17T20:51:14","modified_gmt":"2025-09-17T20:51:14","slug":"el-gobierno-ampliara-el-bono-de-alquiler-joven-a-300-euros-mensuales-y-ampliara-la-duracion-hasta-cuatro-anos-economia","status":"publish","type":"post","link":"https:\/\/www.europesays.com\/es\/121617\/","title":{"rendered":"El Gobierno ampliar\u00e1 el bono de alquiler joven a 300 euros mensuales y ampliar\u00e1 la duraci\u00f3n hasta cuatro a\u00f1os | Econom\u00eda"},"content":{"rendered":"<p class=\"\">El Gobierno ha lanzado este mi\u00e9rcoles a audiencia p\u00fablica, un d\u00eda despu\u00e9s de avanzar sus grandes l\u00edneas, el proyecto de real decreto que regula el <a href=\"https:\/\/elpais.com\/economia\/vivienda\/\" target=\"_self\" rel=\"nofollow noopener\" title=\"https:\/\/elpais.com\/economia\/vivienda\/\">Plan Estatal de Vivienda 2026-2030<\/a>, un documento de 90 p\u00e1ginas que fija las condiciones, requisitos y compromisos que marcar\u00e1n la pol\u00edtica de vivienda en Espa\u00f1a durante los pr\u00f3ximos cinco a\u00f1os. Se trata del primer plan dise\u00f1ado bajo el paraguas de la <a href=\"https:\/\/elpais.com\/economia\/2024-10-30\/que-es-la-ley-de-vivienda-un-80-de-los-demandantes-de-casa-la-desconoce-tras-un-ano-y-medio-en-vigor.html\" target=\"_self\" rel=\"nofollow noopener\" title=\"https:\/\/elpais.com\/economia\/2024-10-30\/que-es-la-ley-de-vivienda-un-80-de-los-demandantes-de-casa-la-desconoce-tras-un-ano-y-medio-en-vigor.html\">Ley de Vivienda<\/a> de 2023 y el texto insiste en que supone un cambio de paradigma: la vivienda se incorpora <a href=\"https:\/\/elpais.com\/ideas\/2025-09-07\/como-convertir-la-vivienda-en-el-quinto-pilar-del-estado-de-bienestar.html\" target=\"_self\" rel=\"nofollow noopener\" title=\"https:\/\/elpais.com\/ideas\/2025-09-07\/como-convertir-la-vivienda-en-el-quinto-pilar-del-estado-de-bienestar.html\">como quinto pilar del Estado del Bienestar<\/a>, junto a la sanidad, la educaci\u00f3n, las pensiones y la dependencia. El plan, entre otras medidas, ampl\u00eda a 300 euros mensuales el bono del alquiler y otorga <a href=\"https:\/\/elpais.com\/economia\/2025-09-15\/sanchez-anuncia-una-nueva-ayuda-de-alquiler-con-opcion-a-compra-de-30000-euros-para-jovenes.html\" target=\"_self\" rel=\"nofollow noopener\" title=\"https:\/\/elpais.com\/economia\/2025-09-15\/sanchez-anuncia-una-nueva-ayuda-de-alquiler-con-opcion-a-compra-de-30000-euros-para-jovenes.html\">un descuento de 28.800 euros<\/a> en el precio final de un piso protegido en alquiler con opci\u00f3n a compra.<\/p>\n<p class=\"\">El Ministerio de Vivienda y Agenda Urbana explica en el texto que el proceso de aprobaci\u00f3n busca un acuerdo con las autonom\u00edas para su desarrollo. Las aportaciones al plan podr\u00e1n realizarse hasta el d\u00eda 7 de octubre, aunque el Ejecutivo ya avanza las que ser\u00e1n las principales l\u00edneas: pasar de una concepci\u00f3n de la vivienda como un bien sujeto al mercado a un parque p\u00fablico y protegido permanente, concebido como \u201dherencia <a href=\"https:\/\/elpais.com\/economia\/2024-02-28\/los-espanoles-rechazan-mas-herencias-que-nunca-por-las-elevadas-deudas-y-los-costes-burocraticos.html\" target=\"_self\" rel=\"nofollow noopener\" title=\"https:\/\/elpais.com\/economia\/2024-02-28\/los-espanoles-rechazan-mas-herencias-que-nunca-por-las-elevadas-deudas-y-los-costes-burocraticos.html\">de quienes no tienen herencia<\/a>\u201c. <\/p>\n<p class=\"\">El borrador parte de un diagn\u00f3stico severo sobre el mercado residencial. M\u00e1s de una d\u00e9cada de par\u00e1lisis en la construcci\u00f3n tras el revent\u00f3n de la burbuja inmobiliaria, sumada a la escasez de mano de obra cualificada y de suelo finalista, ha generado un d\u00e9ficit estructural que el Banco de Espa\u00f1a cifra en m\u00e1s de 400.000 viviendas. Al mismo tiempo, el crecimiento demogr\u00e1fico <a href=\"https:\/\/elpais.com\/economia\/2025-08-22\/el-aumento-del-precio-de-la-vivienda-neutraliza-el-abaratamiento-de-las-hipotecas-y-los-mayores-ingresos-de-las-familias.html\" target=\"_self\" rel=\"nofollow noopener\" title=\"https:\/\/elpais.com\/economia\/2025-08-22\/el-aumento-del-precio-de-la-vivienda-neutraliza-el-abaratamiento-de-las-hipotecas-y-los-mayores-ingresos-de-las-familias.html\">ha intensificado la presi\u00f3n<\/a> sobre un parque en el que proliferan las viviendas tur\u00edsticas y los alquileres temporales, que reducen la oferta permanente. El resultado es un precio medio que en junio de 2025 alcanz\u00f3 los 1.906 euros por metro cuadrado, un 8% m\u00e1s que un a\u00f1o antes y <a href=\"https:\/\/elpais.com\/economia\/2025-09-05\/el-precio-de-la-vivienda-de-segunda-mano-rompe-todos-los-records-y-supera-los-niveles-de-la-burbuja-inmobiliaria.html\" target=\"_self\" rel=\"nofollow noopener\" title=\"https:\/\/elpais.com\/economia\/2025-09-05\/el-precio-de-la-vivienda-de-segunda-mano-rompe-todos-los-records-y-supera-los-niveles-de-la-burbuja-inmobiliaria.html\">por encima en t\u00e9rminos nominales del m\u00e1ximo registrado en 2007<\/a>. Seg\u00fan los datos que aporta el documento, los hogares destinan m\u00e1s del 35% de su renta a la vivienda y el 38,6% soporta una carga superior al 40%.<\/p>\n<p class=\"\">El plan reconoce que los j\u00f3venes son los grandes damnificados. Solo el 14,6% de quienes tienen entre 16 y 29 a\u00f1os est\u00e1n emancipados, frente al 32% de la media europea, y la edad de salida del hogar se sit\u00faa cada vez m\u00e1s lejos, en los 30 a\u00f1os. Para responder a este problema se refuerza la ayuda al alquiler juvenil, que se eleva a 300 euros al mes \u2015200 euros si es para una habitaci\u00f3n\u2015 frente a los 250 actuales y que podr\u00e1 recibirse por el plazo de dos a\u00f1os, como hasta ahora, pero con otros dos prorrogables. Se flexibilizan tambi\u00e9n los requisitos: el precio del alquiler deber\u00e1 ser inferior a 1.000 euros mensuales, y en el caso de habitaciones, de 600, duplicando el umbral vigente. Aunque con condiciones: no podr\u00e1n solicitarlo quienes dispongan de una propiedad ni quienes residan en un inmueble alquilado a un familiar directo.<\/p>\n<p class=\"\">Tambi\u00e9n se introducen f\u00f3rmulas de apoyo a la compra en municipios de menos de 10.000 habitantes, con hasta 15.000 euros por operaci\u00f3n \u2015siempre que no supere el 20% del precio total y que el inmueble se destine a residencia habitual\u2015. Se fija un precio m\u00e1ximo de 300.000 euros, que var\u00eda seg\u00fan la regi\u00f3n. A ello se suma la ayuda en el alquiler con opci\u00f3n a compra para viviendas de protecci\u00f3n oficial, como anunci\u00f3 Pedro S\u00e1nchez este lunes. Esta propuesta se dise\u00f1a como un descuento equivalente a las rentas pagadas mes a mes, con un tope de 28.800 euros. Dicha rebaja se aplica al precio final si los inquilinos deciden comprar la vivienda, y la cantidad la asumen las Administraciones p\u00fablicas.<\/p>\n<p class=\"\">El documento tambi\u00e9n ampl\u00eda la cobertura para colectivos vulnerables. Se establecen ayudas que pueden cubrir hasta el 100% del alquiler y prolongarse durante cinco a\u00f1os para v\u00edctimas de violencia de g\u00e9nero, personas en especial situaci\u00f3n de vulnerabilidad o que hayan sido desahuciadas. El apoyo puede incluir tambi\u00e9n gastos de comunidad, suministros e internet, con abono directo al propietario o gestor de la vivienda. Precisamente este mi\u00e9rcoles, el INE ha difundido que Espa\u00f1a registr\u00f3 entre abril y junio 4.133 ejecuciones hipotecarias sobre viviendas. Esto supone un incremento considerable de estos procesos, que crecen un 20,5% respecto al primer trimestre y <a href=\"https:\/\/elpais.com\/economia\/2025-09-17\/los-desahucios-por-impago-de-hipoteca-se-disparan-un-28-en-el-segundo-trimestre.html\" target=\"_self\" rel=\"nofollow noopener\" title=\"https:\/\/elpais.com\/economia\/2025-09-17\/los-desahucios-por-impago-de-hipoteca-se-disparan-un-28-en-el-segundo-trimestre.html\">un 27,8% en t\u00e9rminos interanuales<\/a>.<\/p>\n<p class=\"\">La estructura financiera del plan tambi\u00e9n marca un hito. Se prev\u00e9 un presupuesto de 7.000 millones de euros, un 135% m\u00e1s que el plan anterior, con un reparto del 60% a cargo del Estado y del otro 40% a cargo de las autonom\u00edas \u2015que son responsables de la gesti\u00f3n directa de las ayudas al tener las competencias\u2015. Se introduce una distribuci\u00f3n m\u00ednima de esos fondos: un 40% deber\u00e1 destinarse a incrementar la oferta de vivienda p\u00fablica y asequible, un 30% a rehabilitaci\u00f3n, y otro 30% a reducir la tasa de esfuerzo en el pago de la vivienda y a <a href=\"https:\/\/elpais.com\/expres\/2025-08-13\/la-odisea-de-los-jovenes-para-emanciparse-comprar-y-alquilar-es-imposible-en-toda-espana.html\" target=\"_self\" rel=\"nofollow noopener\" title=\"https:\/\/elpais.com\/expres\/2025-08-13\/la-odisea-de-los-jovenes-para-emanciparse-comprar-y-alquilar-es-imposible-en-toda-espana.html\">la emancipaci\u00f3n juvenil<\/a>.<\/p>\n<p class=\"\">Uno de los aspectos m\u00e1s subrayados es el blindaje de la vivienda protegida. Las promociones financiadas con fondos del plan deber\u00e1n mantener la condici\u00f3n de protegidas de manera indefinida, algo in\u00e9dito en la pol\u00edtica de vivienda espa\u00f1ola. En el caso de vivienda p\u00fablica, los inmuebles deber\u00e1n destinarse al alquiler durante al menos 50 a\u00f1os, con precios limitados desde el primer a\u00f1o en funci\u00f3n de la superficie \u00fatil.<\/p>\n<p class=\"\">La ejecuci\u00f3n del plan se articular\u00e1 a trav\u00e9s de convenios bilaterales entre el departamento que dirige Isabel Rodr\u00edguez y las comunidades, que deber\u00e1n fijar objetivos, indicadores, compromisos de gesti\u00f3n y mecanismos de seguimiento. El texto obliga a registrar toda la informaci\u00f3n en una plataforma com\u00fan, con actualizaciones continuas sobre solicitudes, beneficiarios, suelo y datos econ\u00f3micos. Las autonom\u00edas deber\u00e1n remitir informes trimestrales y uno anual, y el ministerio podr\u00e1 retener o reasignar fondos en caso de incumplimientos.<\/p>\n<p class=\"\">Otra de las novedades es la creaci\u00f3n de una base de datos nacional de contratos de arrendamiento. Para acceder a cualquier ayuda al alquiler financiada con este plan, los arrendadores estar\u00e1n obligados a depositar la fianza en la administraci\u00f3n auton\u00f3mica y remitir los datos al ministerio. En las comunidades que a\u00fan no dispongan de registro de fianzas se suspender\u00e1 la ayuda si no lo implementan en el plazo de un a\u00f1o.<\/p>\n","protected":false},"excerpt":{"rendered":"El Gobierno ha lanzado este mi\u00e9rcoles a audiencia p\u00fablica, un d\u00eda despu\u00e9s de avanzar sus grandes l\u00edneas, el&hellip;\n","protected":false},"author":2,"featured_media":121618,"comment_status":"","ping_status":"","sticky":false,"template":"","format":"standard","meta":{"footnotes":""},"categories":[8],"tags":[40067,17,18,95,25,24,13,14,582,11,433,19,20,3634,9,10,15,16,23,12,21,22,3633,10583,9204,6136],"class_list":{"0":"post-121617","1":"post","2":"type-post","3":"status-publish","4":"format-standard","5":"has-post-thumbnail","7":"category-espana","8":"tag-ayuda-economica","9":"tag-breaking-news","10":"tag-breakingnews","11":"tag-economia","12":"tag-es","13":"tag-espana","14":"tag-featured-news","15":"tag-featurednews","16":"tag-gobierno","17":"tag-headlines","18":"tag-jovenes","19":"tag-latest-news","20":"tag-latestnews","21":"tag-mercado-inmobiliario","22":"tag-news","23":"tag-noticias","24":"tag-noticias-destacadas","25":"tag-noticiasdestacadas","26":"tag-spain","27":"tag-titulares","28":"tag-ultimas-noticias","29":"tag-ultimasnoticias","30":"tag-vivienda","31":"tag-vivienda-segunda-mano","32":"tag-viviendas-alquiler","33":"tag-viviendas-vacacionales"},"share_on_mastodon":{"url":"","error":""},"_links":{"self":[{"href":"https:\/\/www.europesays.com\/es\/wp-json\/wp\/v2\/posts\/121617","targetHints":{"allow":["GET"]}}],"collection":[{"href":"https:\/\/www.europesays.com\/es\/wp-json\/wp\/v2\/posts"}],"about":[{"href":"https:\/\/www.europesays.com\/es\/wp-json\/wp\/v2\/types\/post"}],"author":[{"embeddable":true,"href":"https:\/\/www.europesays.com\/es\/wp-json\/wp\/v2\/users\/2"}],"replies":[{"embeddable":true,"href":"https:\/\/www.europesays.com\/es\/wp-json\/wp\/v2\/comments?post=121617"}],"version-history":[{"count":0,"href":"https:\/\/www.europesays.com\/es\/wp-json\/wp\/v2\/posts\/121617\/revisions"}],"wp:featuredmedia":[{"embeddable":true,"href":"https:\/\/www.europesays.com\/es\/wp-json\/wp\/v2\/media\/121618"}],"wp:attachment":[{"href":"https:\/\/www.europesays.com\/es\/wp-json\/wp\/v2\/media?parent=121617"}],"wp:term":[{"taxonomy":"category","embeddable":true,"href":"https:\/\/www.europesays.com\/es\/wp-json\/wp\/v2\/categories?post=121617"},{"taxonomy":"post_tag","embeddable":true,"href":"https:\/\/www.europesays.com\/es\/wp-json\/wp\/v2\/tags?post=121617"}],"curies":[{"name":"wp","href":"https:\/\/api.w.org\/{rel}","templated":true}]}}