{"id":121619,"date":"2025-09-17T20:52:19","date_gmt":"2025-09-17T20:52:19","guid":{"rendered":"https:\/\/www.europesays.com\/es\/121619\/"},"modified":"2025-09-17T20:52:19","modified_gmt":"2025-09-17T20:52:19","slug":"si-israel-pierde-lo-que-esta-haciendo-se-pondra-al-mundo-occidental-al-borde-de-la-derrota-total","status":"publish","type":"post","link":"https:\/\/www.europesays.com\/es\/121619\/","title":{"rendered":"si Israel \u00abpierde lo que est\u00e1 haciendo\u00bb se pondr\u00e1 al \u00abmundo occidental al borde de la derrota total\u00bb"},"content":{"rendered":"<p data-end=\"425\" data-start=\"249\">El expresidente del Gobierno\u00a0<strong>Jos\u00e9 Mar\u00eda Aznar<\/strong> ha acusado este mi\u00e9rcoles a <strong>Pedro S\u00e1nchez<\/strong> de \u00ababanderar la causa palestina\u00bb para \u00abhuir\u00bb de los casos de corrupci\u00f3n que afectan a su entorno.<\/p>\n<p data-end=\"659\" data-start=\"427\">Aznar ha advertido de que, si Israel \u00abpierde lo que est\u00e1 haciendo\u00bb, el mundo occidental quedar\u00eda \u00abal borde de la derrota total\u00bb. Lo ha dicho en la apertura del <strong>Campus<\/strong> <strong>FAES<\/strong> <strong>2025<\/strong>, inaugurado junto a Eduardo Frei y Tunku Varadarajan.<\/p>\n<p data-end=\"863\" data-start=\"661\">El exl\u00edder del PP ha criticado que se est\u00e1n \u00abtransformando pol\u00edticas dom\u00e9sticas en pol\u00edticas externas\u00bb, en alusi\u00f3n a S\u00e1nchez. A su juicio, esa estrategia \u00abes huir de la realidad\u00bb y supone \u00abtomar el pelo a la gente\u00bb.<\/p>\n<p><img loading=\"lazy\" decoding=\"async\" alt=\"El ministro para la Transformaci\u00f3n Digital y de la Funci\u00f3n P\u00fablico, \u00d3scar L\u00f3pez, durante el desayuno de Europa Press este lunes.\" height=\"180\" src=\"https:\/\/www.europesays.com\/es\/wp-content\/uploads\/2025\/09\/1003743924829_258696593_320x180.jpg\" width=\"320\" data-lazy-status=\"processed\" data-lazy-info=\"remove loading item 1\"\/><\/p>\n<p data-end=\"1085\" data-start=\"865\">En su intervenci\u00f3n, ha alertado tambi\u00e9n sobre la guerra en Ucrania. \u00abM\u00e1s vale que Ucrania no caiga\u00bb, ha subrayado, porque una hipot\u00e9tica victoria de <strong>Rusia<\/strong> \u2014\u00bblo puede hacer a lo mejor\u00bb\u2014\u00a0abrir\u00eda un escenario \u00abagobiante de guerra en <strong>Europa<\/strong> en cualquier momento\u00bb.<\/p>\n<p data-end=\"1301\" data-start=\"1087\">Aznar ha se\u00f1alado que <strong>Occidente<\/strong> \u00abse juega mucho\u00bb en esos dos frentes. Y ha insistido: \u00abSi Israel perdiese lo que est\u00e1 haciendo, no nos damos cuenta del problema que tendr\u00edamos en <strong>Europa<\/strong> y en el mundo occidental\u00bb.<\/p>\n<p>\u00abHuir de la corrupci\u00f3n\u00bb<\/p>\n<p data-end=\"1530\" data-start=\"1294\">El expresidente ha acusado de nuevo a S\u00e1nchez de usar la crisis de Gaza para \u00abhuir\u00bb de la corrupci\u00f3n. Seg\u00fan ha dicho, \u00abno le importan mucho los palestinos\u00bb, sino \u00ab<strong>estar un d\u00eda m\u00e1s aqu\u00ed<\/strong>\u00ab.<\/p>\n<p data-end=\"1739\" data-start=\"1532\">Aznar se ha preguntado tambi\u00e9n si al presidente \u00able importaba mucho el <strong>pueblo saharaui<\/strong>\u00ab, al que dej\u00f3 \u00abtirado\u00bb con unos acuerdos que, seg\u00fan ha recordado, a\u00fan no ha explicado en el Congreso de los Diputados.<\/p>\n<p data-end=\"1962\" data-start=\"1741\">El expresidente se ha cuestionado tambi\u00e9n cu\u00e1ntas veces ha defendido S\u00e1nchez \u00aba la <strong>oposici\u00f3n democr\u00e1tica venezolana<\/strong>\u00ab. Nunca lo har\u00e1, ha a\u00f1adido, porque \u00abno puede explicar los <strong>negocios<\/strong>\u00bb que existen en Venezuela vinculados a su entorno.<\/p>\n<p data-end=\"2192\" data-start=\"1964\">Asimismo, ha dicho que la relaci\u00f3n atl\u00e1ntica \u00abest\u00e1 en crisis\u00bb, y se trata de una crisis \u00abmuy seria\u00bb y \u00abmuy profunda\u00bb. \u00abEs una crisis tan importante que incluso se ha llegado a cuestionar la propia existencia de esa relaci\u00f3n y de esa profunda interconexi\u00f3n que es la relaci\u00f3n atl\u00e1ntica\u00bb, ha agregado.<\/p>\n<p data-end=\"2433\" data-start=\"2194\">Ha recordado que la alianza transatl\u00e1ntica ha sido \u00abla relaci\u00f3n m\u00e1s poderosa en la historia del mundo tras la Segunda Guerra Mundial\u00bb, basada en la libertad, el Estado de derecho y la seguridad, y que ha permitido \u00abla mayor prosperidad conocida\u00bb.<\/p>\n<p data-end=\"2667\" data-start=\"2435\">A su juicio, <strong>Estados Unidos<\/strong> \u00abha ca\u00eddo en el populismo\u00bb y busca atrincherarse en nuevas \u00abesferas de influencia\u00bb en lugar de ejercer un liderazgo global. Adem\u00e1s, ha criticado que <strong>administraci\u00f3n Trump<\/strong> sea \u00ababsolutamente\u00a0disruptiva con sus aliados\u00bb.<\/p>\n<p data-end=\"2853\" data-start=\"2669\">Seg\u00fan Aznar, \u00abel mundo que hemos vivido despu\u00e9s de la <strong>Segunda Guerra Mundial<\/strong> se ha terminado\u00bb, porque la relaci\u00f3n de EEUU con Europa es ahora \u00abextraordinariamente complicada y compleja\u00bb.<\/p>\n<p data-end=\"3087\" data-start=\"2855\">El expresidente ha se\u00f1alado que el Viejo Continente sufre \u00abpor desgracia una influencia absolutamente declinante\u00bb y que, en cualquier caso, <strong>Donald Trump<\/strong> \u00abno tiene la culpa\u00bb de problemas estructurales como la baja productividad, el coste energ\u00e9tico o el retraso tecnol\u00f3gico.<\/p>\n<p data-end=\"3327\" data-start=\"3089\">Del mismo modo, ha afirmado que Trump tampoco es responsable de que Europa est\u00e9 \u00abdesarmada e indefensa\u00bb. \u00abPuede tener responsabilidades en muchos casos, por ejemplo en establecer <strong>aranceles<\/strong> o en establecer tarifas o en ir en pol\u00edticas contra el libre comercio, que yo, desde luego, <strong>no comparto ni amparo<\/strong>\u00ab, ha indicado.<\/p>\n","protected":false},"excerpt":{"rendered":"El expresidente del Gobierno\u00a0Jos\u00e9 Mar\u00eda Aznar ha acusado este mi\u00e9rcoles a Pedro S\u00e1nchez de \u00ababanderar la causa palestina\u00bb&hellip;\n","protected":false},"author":2,"featured_media":121620,"comment_status":"","ping_status":"","sticky":false,"template":"","format":"standard","meta":{"footnotes":""},"categories":[5],"tags":[17,18,25,24,40068,13,14,248,11,74,10318,19,20,9,10,15,16,2959,952,23,12,21,22],"class_list":{"0":"post-121619","1":"post","2":"type-post","3":"status-publish","4":"format-standard","5":"has-post-thumbnail","7":"category-titulares","8":"tag-breaking-news","9":"tag-breakingnews","10":"tag-es","11":"tag-espana","12":"tag-faes-fundacion-de-analisis-y-estudios-sociales","13":"tag-featured-news","14":"tag-featurednews","15":"tag-gobierno-de-espana","16":"tag-headlines","17":"tag-israel","18":"tag-jose-maria-aznar","19":"tag-latest-news","20":"tag-latestnews","21":"tag-news","22":"tag-noticias","23":"tag-noticias-destacadas","24":"tag-noticiasdestacadas","25":"tag-pedro-sanchez","26":"tag-politica","27":"tag-spain","28":"tag-titulares","29":"tag-ultimas-noticias","30":"tag-ultimasnoticias"},"share_on_mastodon":{"url":"","error":""},"_links":{"self":[{"href":"https:\/\/www.europesays.com\/es\/wp-json\/wp\/v2\/posts\/121619","targetHints":{"allow":["GET"]}}],"collection":[{"href":"https:\/\/www.europesays.com\/es\/wp-json\/wp\/v2\/posts"}],"about":[{"href":"https:\/\/www.europesays.com\/es\/wp-json\/wp\/v2\/types\/post"}],"author":[{"embeddable":true,"href":"https:\/\/www.europesays.com\/es\/wp-json\/wp\/v2\/users\/2"}],"replies":[{"embeddable":true,"href":"https:\/\/www.europesays.com\/es\/wp-json\/wp\/v2\/comments?post=121619"}],"version-history":[{"count":0,"href":"https:\/\/www.europesays.com\/es\/wp-json\/wp\/v2\/posts\/121619\/revisions"}],"wp:featuredmedia":[{"embeddable":true,"href":"https:\/\/www.europesays.com\/es\/wp-json\/wp\/v2\/media\/121620"}],"wp:attachment":[{"href":"https:\/\/www.europesays.com\/es\/wp-json\/wp\/v2\/media?parent=121619"}],"wp:term":[{"taxonomy":"category","embeddable":true,"href":"https:\/\/www.europesays.com\/es\/wp-json\/wp\/v2\/categories?post=121619"},{"taxonomy":"post_tag","embeddable":true,"href":"https:\/\/www.europesays.com\/es\/wp-json\/wp\/v2\/tags?post=121619"}],"curies":[{"name":"wp","href":"https:\/\/api.w.org\/{rel}","templated":true}]}}