{"id":121621,"date":"2025-09-17T20:53:08","date_gmt":"2025-09-17T20:53:08","guid":{"rendered":"https:\/\/www.europesays.com\/es\/121621\/"},"modified":"2025-09-17T20:53:08","modified_gmt":"2025-09-17T20:53:08","slug":"yoel-cuni-viene-al-bada-huesca-a-aportar-experiencia-y-calidad-radio-huesca","status":"publish","type":"post","link":"https:\/\/www.europesays.com\/es\/121621\/","title":{"rendered":"Yoel Cuni viene al Bada Huesca a aportar experiencia y calidad | Radio Huesca"},"content":{"rendered":"<p class=\"loc\">Huesca<\/p>\n<p>Jos\u00e9 Nolasco tiene una bala m\u00e1s para reforzar el equipo tras la baja de Meris y es que de nuevo las lesiones est\u00e1n castigando a los oscenses en este inicio de temporada. \u201cPara nosotros era fundamental encontrar una persona, un jugador que pudiera adaptarse r\u00e1pidamente a lo que es el equipo y que pudiera tener balonmano competitivo desde el primer momento\u201d, dec\u00eda el t\u00e9cnico en la presentaci\u00f3n de Yoel Cuni Morales.<\/p>\n<p>L\u00f3gicamente se tendr\u00e1 que adaptar y ponerse a tono f\u00edsicamente y es que no ten\u00eda equipo desde que sali\u00f3 al final de la temporada pasada de Israel, en lo que ha sido su \u00faltimo equipo.<\/p>\n<p>Pero, como dice Nolasco, \u201clos jugadores que tienen calidad enseguida se adaptan a cualquier lado y como ha sido un jugador que ha estado en grand\u00edsimos equipos, pues esa adaptaci\u00f3n va a ser r\u00e1pida\u201d, asegura.<\/p>\n<p>El nuevo jugador del Bada Huesca viene a Huesca para \u201ccontinuar con mi carrera como jugador vine de un periodo de una lesi\u00f3n y yo pens\u00e9 como tal que ya se hab\u00eda acabado mi carrera y ahora me dan esta oportunidad de continuar y pienso aprovecharlo al m\u00e1ximo\u201d, dec\u00eda.<\/p>\n<p>Viene por primera vez a Espa\u00f1a, pero conoce bien a los equipos porque se ha enfrentado a muchos de ellos como el Barcelona, Logro\u00f1o o Ademar de Le\u00f3n en competiciones europeas. \u201cPara m\u00ed es nuevo como tal la liga, pero he tenido el placer de competir contra equipos de la Liga Asobal\u201d.<\/p>\n<p>Le gusta, \u201cun balonmano agresivo, tanto en ataque como en defensa. Es lo que me caracteriza a m\u00ed, un jugador y la confronto en todas las situaciones, mismo como ataque, como defensa. Es m\u00e1s, as\u00ed mi caracter\u00edstica es de un jugador no pasivo, sino un jugador de ir directamente a la confrontaci\u00f3n\u201d.<\/p>\n<p>Conoce a Frank Cordi\u00e9s con el que coincidi\u00f3 en la selecci\u00f3n de Cuba y espera adaptarse r\u00e1pido y, a pesar de que f\u00edsicamente le falta, \u201cpor m\u00ed yo pod\u00eda jugar hoy mismo, sin ning\u00fan tipo de problema, pero ya eso no depende de m\u00ed\u201d, comentaba.<\/p>\n<p>Es un jugador experimentado de 38 a\u00f1os con una larga trayectoria. Juega de lateral derecho y es una posici\u00f3n muy importante y por ello el Bada Huesca ha apostado por un jugador de estas caracter\u00edsticas. <\/p>\n","protected":false},"excerpt":{"rendered":"Huesca Jos\u00e9 Nolasco tiene una bala m\u00e1s para reforzar el equipo tras la baja de Meris y es&hellip;\n","protected":false},"author":2,"featured_media":121622,"comment_status":"","ping_status":"","sticky":false,"template":"","format":"standard","meta":{"footnotes":""},"categories":[278],"tags":[376,168,25,24,375,23,167],"class_list":{"0":"post-121621","1":"post","2":"type-post","3":"status-publish","4":"format-standard","5":"has-post-thumbnail","7":"category-balonmano","8":"tag-balonmano","9":"tag-deportes","10":"tag-es","11":"tag-espana","12":"tag-handball","13":"tag-spain","14":"tag-sports"},"share_on_mastodon":{"url":"","error":""},"_links":{"self":[{"href":"https:\/\/www.europesays.com\/es\/wp-json\/wp\/v2\/posts\/121621","targetHints":{"allow":["GET"]}}],"collection":[{"href":"https:\/\/www.europesays.com\/es\/wp-json\/wp\/v2\/posts"}],"about":[{"href":"https:\/\/www.europesays.com\/es\/wp-json\/wp\/v2\/types\/post"}],"author":[{"embeddable":true,"href":"https:\/\/www.europesays.com\/es\/wp-json\/wp\/v2\/users\/2"}],"replies":[{"embeddable":true,"href":"https:\/\/www.europesays.com\/es\/wp-json\/wp\/v2\/comments?post=121621"}],"version-history":[{"count":0,"href":"https:\/\/www.europesays.com\/es\/wp-json\/wp\/v2\/posts\/121621\/revisions"}],"wp:featuredmedia":[{"embeddable":true,"href":"https:\/\/www.europesays.com\/es\/wp-json\/wp\/v2\/media\/121622"}],"wp:attachment":[{"href":"https:\/\/www.europesays.com\/es\/wp-json\/wp\/v2\/media?parent=121621"}],"wp:term":[{"taxonomy":"category","embeddable":true,"href":"https:\/\/www.europesays.com\/es\/wp-json\/wp\/v2\/categories?post=121621"},{"taxonomy":"post_tag","embeddable":true,"href":"https:\/\/www.europesays.com\/es\/wp-json\/wp\/v2\/tags?post=121621"}],"curies":[{"name":"wp","href":"https:\/\/api.w.org\/{rel}","templated":true}]}}