{"id":121623,"date":"2025-09-17T20:54:07","date_gmt":"2025-09-17T20:54:07","guid":{"rendered":"https:\/\/www.europesays.com\/es\/121623\/"},"modified":"2025-09-17T20:54:07","modified_gmt":"2025-09-17T20:54:07","slug":"andres-romero-y-sebastian-fernandez-en-hombros-en-tordesillas","status":"publish","type":"post","link":"https:\/\/www.europesays.com\/es\/121623\/","title":{"rendered":"Andr\u00e9s Romero y Sebasti\u00e1n Fern\u00e1ndez, en hombros en Tordesillas"},"content":{"rendered":"<p><strong>Tordesillas (Valladolid).<\/strong> Astados de <strong>Passanha<\/strong>. Destac\u00f3 el sexto, premiado con la vuelta al ruedo.<strong> Leonardo Hern\u00e1ndez<\/strong>, ovaci\u00f3n en su lote;<strong> Andr\u00e9s Romero<\/strong>, dos orejas y ovaci\u00f3n; y <strong>Sebasti\u00e1n Fern\u00e1ndez<\/strong>, ovaci\u00f3n y dos orejas.<\/p>\n<p><strong>El Barraco (\u00c1vila).<\/strong> Festival. Novillos de<strong> Pablo Mayoral. Juan de Castilla<\/strong>, oreja; <strong>Sergio Rodr\u00edguez,<\/strong> ovaci\u00f3n;<strong> Ismael Mart\u00edn<\/strong>, dos orejas; y <strong>Rafael Reyes,<\/strong> dos orejas.<\/p>\n","protected":false},"excerpt":{"rendered":"Tordesillas (Valladolid). Astados de Passanha. Destac\u00f3 el sexto, premiado con la vuelta al ruedo. Leonardo Hern\u00e1ndez, ovaci\u00f3n en&hellip;\n","protected":false},"author":2,"featured_media":121624,"comment_status":"","ping_status":"","sticky":false,"template":"","format":"standard","meta":{"footnotes":""},"categories":[277],"tags":[40069,45,373,168,25,24,30296,1226,23,167,30309,374],"class_list":{"0":"post-121623","1":"post","2":"type-post","3":"status-publish","4":"format-standard","5":"has-post-thumbnail","7":"category-toreo","8":"tag-17-septiembre","9":"tag-45","10":"tag-bullfighting","11":"tag-deportes","12":"tag-es","13":"tag-espana","14":"tag-mas-festejos","15":"tag-noticias-de-toros","16":"tag-spain","17":"tag-sports","18":"tag-tordesillas","19":"tag-toreo"},"share_on_mastodon":{"url":"","error":""},"_links":{"self":[{"href":"https:\/\/www.europesays.com\/es\/wp-json\/wp\/v2\/posts\/121623","targetHints":{"allow":["GET"]}}],"collection":[{"href":"https:\/\/www.europesays.com\/es\/wp-json\/wp\/v2\/posts"}],"about":[{"href":"https:\/\/www.europesays.com\/es\/wp-json\/wp\/v2\/types\/post"}],"author":[{"embeddable":true,"href":"https:\/\/www.europesays.com\/es\/wp-json\/wp\/v2\/users\/2"}],"replies":[{"embeddable":true,"href":"https:\/\/www.europesays.com\/es\/wp-json\/wp\/v2\/comments?post=121623"}],"version-history":[{"count":0,"href":"https:\/\/www.europesays.com\/es\/wp-json\/wp\/v2\/posts\/121623\/revisions"}],"wp:featuredmedia":[{"embeddable":true,"href":"https:\/\/www.europesays.com\/es\/wp-json\/wp\/v2\/media\/121624"}],"wp:attachment":[{"href":"https:\/\/www.europesays.com\/es\/wp-json\/wp\/v2\/media?parent=121623"}],"wp:term":[{"taxonomy":"category","embeddable":true,"href":"https:\/\/www.europesays.com\/es\/wp-json\/wp\/v2\/categories?post=121623"},{"taxonomy":"post_tag","embeddable":true,"href":"https:\/\/www.europesays.com\/es\/wp-json\/wp\/v2\/tags?post=121623"}],"curies":[{"name":"wp","href":"https:\/\/api.w.org\/{rel}","templated":true}]}}