{"id":121627,"date":"2025-09-17T20:56:12","date_gmt":"2025-09-17T20:56:12","guid":{"rendered":"https:\/\/www.europesays.com\/es\/121627\/"},"modified":"2025-09-17T20:56:12","modified_gmt":"2025-09-17T20:56:12","slug":"solvente-victoria-de-elias-plaza-y-mercedes-arroyo-en-la-decima-prueba-del-circuito-senior-de-castilla-y-leon","status":"publish","type":"post","link":"https:\/\/www.europesays.com\/es\/121627\/","title":{"rendered":"Solvente victoria de El\u00edas Plaza y Mercedes Arroyo en la d\u00e9cima prueba del Circuito Senior de Castilla y Le\u00f3n"},"content":{"rendered":"<p>\t\t\t\t\t\t\t\t\t\t<img loading=\"lazy\" width=\"2560\" height=\"1920\" src=\"https:\/\/www.europesays.com\/es\/wp-content\/uploads\/2025\/09\/2025-Sotoverde-scaled.jpg\" class=\"attachment-post-thumbnail size-post-thumbnail wp-post-image\" alt=\"\" decoding=\"async\"  \/>\t\t\t\t\t\t\t\t\t<\/p>\n<p>El\u00edas Plaza y Mercedes Arroyo, ambos de manera muy convincente, se han impuesto en la d\u00e9cima prueba del Circuito Senior de Castilla y Le\u00f3n, que en esta ocasi\u00f3n se ha celebrado en las instalaciones del recorrido vallisoletano de Sotoverde.<\/p>\n<p>El\u00edas Plaza ha acumulado su tercer triunfo en lo que va de a\u00f1o, superando en esta ocasi\u00f3n, gracias a una sobresaliente tarjeta de 36 puntos, a Santiago Blanco y Andr\u00e9s P\u00e9rez, empatados ambos en la segunda plaza con 33.<\/p>\n<p>Igual de bien le fue a la palentina Mercedes Arroyo, asimismo en el liderato con una renta de tres puntos con respecto a Silvia Mart\u00edn, segunda clasificada a su vez con dos puntos de ventaja sobre Mar\u00eda Reyes Manteca, que complet\u00f3 el podio del torneo.<\/p>\n<p>Se da la circunstancia de que Mercedes Arroyo ha ganado nueve de las diez pruebas disputadas hasta el momento en este Circuito Senior de Castilla y Le\u00f3n 2025.<\/p>\n<p><strong>CIRCUITO SENIOR DE CASTILLA Y LE\u00d3N 2025 (D\u00e9cima prueba,\u00a0Sotoverde, 17 de\u00a0septiembre)<\/strong><\/p>\n<p><strong><a href=\"https:\/\/fgolfcyl.org\/wp-content\/uploads\/2025\/09\/circuito-senior-cyl-sotoverde-2025.pdf\" target=\"_blank\" rel=\"noreferrer noopener nofollow\">Informaci\u00f3n general<\/a><\/strong><\/p>\n<p><strong><a href=\"https:\/\/nextcaddy.com\/tour\/61014\" target=\"_blank\" rel=\"noreferrer noopener nofollow\">Consulta de resultados<\/a><\/strong><\/p>\n<p><strong>CIRCUITO SENIORS DE DAMAS Y CABALLEROS DE CASTILLA Y LE\u00d3N 2025, MEMORIAL PACO IB\u00c1\u00d1EZ<\/strong><br \/><strong><a href=\"https:\/\/fgolfcyl.org\/wp-content\/uploads\/2025\/09\/cirfgcyl1325-3.pdf\" target=\"_blank\" rel=\"noreferrer noopener nofollow\">Reglamento y Calendario<\/a><\/strong><\/p>\n<p><strong>GANADORES CIRCUITO SENIOR CASTILLA Y LE\u00d3N\u00a02025<br \/>Primera prueba (Aldeamayor, 9 abril)<br \/><\/strong>Marcos G\u00f3mez y Mercedes Arroyo<\/p>\n<p><strong>Segunda prueba (Isla Dos Aguas, 30 abril)<br \/><\/strong>Francisco Valle y\u00a0Mercedes Arroyo<\/p>\n<p><strong>Tercera prueba (El Fresnillo, 14 mayo)<br \/><\/strong>El\u00edas Plaza y Mercedes Arroyo<\/p>\n<p><strong>Cuarta prueba (Zarapicos, 28 mayo)<\/strong><br \/>Jos\u00e9 Miguel Velasco y Mercedes Arroyo<\/p>\n<p><strong>Quinta prueba (Le\u00f3n GC, 11 junio)<br \/><\/strong>Jos\u00e9 Miguel Velasco y Rosa Mary D\u00edez<\/p>\n<p><strong>Sexta prueba (Riocerezo, 25 junio)<br \/><\/strong>Jos\u00e9 Miguel Velasco y Mercedes Arroyo<\/p>\n<p><strong>S\u00e9ptima prueba (Club de Golf Soria, 25 julio)<br \/><\/strong>Jos\u00e9 Javier Sainz y Mercedes Arroyo<\/p>\n<p><strong>Octava prueba (Villa de Cu\u00e9llar, 19-20 agosto)<br \/><\/strong>El\u00edas Plaza y Mercedes Arroyo<\/p>\n<p><strong>Novena prueba (La Valmuza, 3 septiembre)<br \/><\/strong>Jos\u00e9 Miguel Velasco y Mercedes Arroyo<\/p>\n<p><strong>D\u00e9cima prueba (Sotoverde, 17 septiembre)<br \/><\/strong>El\u00edas Plaza y Mercedes Arroyo<\/p>\n","protected":false},"excerpt":{"rendered":"El\u00edas Plaza y Mercedes Arroyo, ambos de manera muy convincente, se han impuesto en la d\u00e9cima prueba del&hellip;\n","protected":false},"author":2,"featured_media":121628,"comment_status":"","ping_status":"","sticky":false,"template":"","format":"standard","meta":{"footnotes":""},"categories":[275],"tags":[168,25,24,329,23,167],"class_list":{"0":"post-121627","1":"post","2":"type-post","3":"status-publish","4":"format-standard","5":"has-post-thumbnail","7":"category-golf","8":"tag-deportes","9":"tag-es","10":"tag-espana","11":"tag-golf","12":"tag-spain","13":"tag-sports"},"share_on_mastodon":{"url":"","error":""},"_links":{"self":[{"href":"https:\/\/www.europesays.com\/es\/wp-json\/wp\/v2\/posts\/121627","targetHints":{"allow":["GET"]}}],"collection":[{"href":"https:\/\/www.europesays.com\/es\/wp-json\/wp\/v2\/posts"}],"about":[{"href":"https:\/\/www.europesays.com\/es\/wp-json\/wp\/v2\/types\/post"}],"author":[{"embeddable":true,"href":"https:\/\/www.europesays.com\/es\/wp-json\/wp\/v2\/users\/2"}],"replies":[{"embeddable":true,"href":"https:\/\/www.europesays.com\/es\/wp-json\/wp\/v2\/comments?post=121627"}],"version-history":[{"count":0,"href":"https:\/\/www.europesays.com\/es\/wp-json\/wp\/v2\/posts\/121627\/revisions"}],"wp:featuredmedia":[{"embeddable":true,"href":"https:\/\/www.europesays.com\/es\/wp-json\/wp\/v2\/media\/121628"}],"wp:attachment":[{"href":"https:\/\/www.europesays.com\/es\/wp-json\/wp\/v2\/media?parent=121627"}],"wp:term":[{"taxonomy":"category","embeddable":true,"href":"https:\/\/www.europesays.com\/es\/wp-json\/wp\/v2\/categories?post=121627"},{"taxonomy":"post_tag","embeddable":true,"href":"https:\/\/www.europesays.com\/es\/wp-json\/wp\/v2\/tags?post=121627"}],"curies":[{"name":"wp","href":"https:\/\/api.w.org\/{rel}","templated":true}]}}