{"id":121636,"date":"2025-09-17T21:02:09","date_gmt":"2025-09-17T21:02:09","guid":{"rendered":"https:\/\/www.europesays.com\/es\/121636\/"},"modified":"2025-09-17T21:02:09","modified_gmt":"2025-09-17T21:02:09","slug":"tana-rivera-se-convierte-en-la-invitada-mejor-vestida-del-desfile-de-pedro-del-hierro-con-este-conjunto-de-blusa-y-pantalon-de-lunares","status":"publish","type":"post","link":"https:\/\/www.europesays.com\/es\/121636\/","title":{"rendered":"Tana Rivera se convierte en la invitada mejor vestida del desfile de Pedro del Hierro con este conjunto de blusa y pantal\u00f3n de lunares"},"content":{"rendered":"<p data-journey-content=\"true\" data-node-id=\"2\" class=\"css-6wxqfj emevuu60\">Tana Rivera se ha convertido en la invitada estrella del desfile de Pedro del Hierro durante la Mercedes Benz Fashion Week de Madrid. Como es habitual, <strong data-node-id=\"2.1\">la hija de Eugenia Mart\u00ednez de Irujo prefiere llevar un perfil m\u00e1s discreto <\/strong>y no ha posado en el photocall donde hemos podido ver a <a href=\"https:\/\/www.elle.com\/es\/star-style\/el-estilo-de\/g66140302\/invitados-desfile-pedro-del-hierro-mercedes-benz-fashion-week-madrid\/\" target=\"_blank\" data-vars-ga-outbound-link=\"https:\/\/www.elle.com\/es\/star-style\/el-estilo-de\/g66140302\/invitados-desfile-pedro-del-hierro-mercedes-benz-fashion-week-madrid\/\" data-vars-ga-ux-element=\"Hyperlink\" data-vars-ga-call-to-action=\"todos los invitados de esta cita ineludible en el mundo de la moda.\" data-node-id=\"2.5\" class=\"body-link css-103hk4r emevuu60\" rel=\"nofollow noopener\">todos los invitados de esta cita ineludible en el mundo de la moda.<\/a> Donde s\u00ed hemos podido verla y admirar su estilismo ha sido en el front row donde ha posado rodeada de sus grandes amigos, Tom\u00e1s P\u00e1ramo y Pablo Castellanos.<\/p>\n<p data-journey-content=\"true\" data-node-id=\"3\" class=\"css-6wxqfj emevuu60\">La que s\u00ed se ha dejado ver, y todos hemos sido conscientes de su presencia, ha sido Tamara Falc\u00f3. <a href=\"https:\/\/www.elle.com\/es\/star-style\/el-estilo-de\/a66139698\/tamara-falco-vestido-satinado-invitada-otono-desfile-pedro-del-hierro\/\" target=\"_blank\" data-vars-ga-outbound-link=\"https:\/\/www.elle.com\/es\/star-style\/el-estilo-de\/a66139698\/tamara-falco-vestido-satinado-invitada-otono-desfile-pedro-del-hierro\/\" data-vars-ga-ux-element=\"Hyperlink\" data-vars-ga-call-to-action=\"La Marquesa de Gri\u00f1\u00f3n ha acudido con un espectacular vestido de sat\u00e9n para invitadas de oto\u00f1o\" data-node-id=\"3.1\" class=\"body-link css-103hk4r emevuu60\" rel=\"nofollow noopener\">La Marquesa de Gri\u00f1\u00f3n ha acudido con un espectacular vestido de sat\u00e9n para invitadas de oto\u00f1o<\/a> con el que se ha convertido en una de las protagonistas indiscutibles del desfile. Hemos podido ser testigos de <strong data-node-id=\"3.3\">un afectuoso saludo que se han dado las dos<\/strong>, que se conocen desde hace a\u00f1os y siempre han tenido una relaci\u00f3n de lo m\u00e1s cordial. Y, mientras que la hija de Isabel Preysler optaba por la elegancia cl\u00e1sica de su look, Rivera eleg\u00eda sumarse a una de las m\u00e1ximas tendencias que vamos a ver durante todo el oto\u00f1o 2025.<\/p>\n<p data-journey-content=\"true\" data-node-id=\"4\" class=\"css-6wxqfj emevuu60\">Hablamos de los lunares y los topos, un estampado que va a marcar nuestro armario de temporada junto con el marr\u00f3n chocolate y las prendas de ante.<\/p>\n<p>Tana Rivera sorprende con un conjunto de lunares en el desfile de Pedro del Hierro<\/p>\n<p data-journey-content=\"true\" data-node-id=\"7\" class=\"css-6wxqfj emevuu60\">La hija de Eugenia Mart\u00ednez de Irujo nos sorprend\u00eda con este conjunto de topos compuesto por blusa y pantal\u00f3n, con nudo en un lateral, donde hemos podido ver c\u00f3mo hac\u00eda contraste entre las dos prendas una en blanco y otra en negro.<\/p>\n<p data-journey-content=\"true\" data-node-id=\"8\" class=\"css-6wxqfj emevuu60\">Terminaba este imponente look rompiendo el black and white con un bolso rojo y ha elegido unas sandalias con plataforma en negro, del mismo tono que las joyas con las que decoraba este precioso estilismo.<\/p>\n<p><img draggable=\"true\" alt=\"tana rivera lunares pedro del hierro\" title=\"Tana Rivera\" loading=\"lazy\" width=\"5504\" height=\"8256\" decoding=\"async\" data-nimg=\"1\" style=\"color:transparent;width:100%;height:auto;\"   src=\"https:\/\/www.europesays.com\/es\/wp-content\/uploads\/2025\/09\/tana-rivera-poses-during-the-pedro-del-hierro-fashion-show-news-photo-1758119871.pjpeg\" class=\"css-0 e1g79fud0\"\/><a target=\"_blank\" rel=\"noopener nofollow\" data-theme-key=\"base-link\" href=\"https:\/\/pinterest.com\/pin\/create\/button\/?url=https:\/\/www.elle.com\/es\/star-style\/el-estilo-de\/a66150500\/tana-rivera-desfile-pedro-del-hierro-madrid-conjunto-lunares\/&amp;description=- ElleSpain&amp;media=https:\/\/hips.hearstapps.com\/hmg-prod\/images\/tana-rivera-poses-during-the-pedro-del-hierro-fashion-show-news-photo-1758119871.pjpeg?resize=1600:*\" class=\"pinterest css-on9hn5 e1c1bym14\"><img decoding=\"async\" data-dynamic-svg=\"true\" src=\"https:\/\/www.elle.com\/_assets\/design-tokens\/fre\/static\/icons\/social\/pinterest.e8cf655.svg?primary=%2523ffffff\" loading=\"lazy\" data-testid=\"dynamic-svg-base\" height=\"auto\" width=\"auto\" alt=\"pinterest\" class=\"css-4lml0h e1mlxuuw1\"\/><\/a><\/p>\n<p>Europa Press Entertainment\/\/Getty Images<\/p>\n<p><img draggable=\"true\" alt=\"pedro del hierro photocall mercedes benz fashion week madrid spring\/summer 2026\" title=\"Pedro Del Hierro - Photocall - Mercedes-Benz Fashion Week Madrid Spring\/Summer 2026\" loading=\"lazy\" width=\"2667\" height=\"4000\" decoding=\"async\" data-nimg=\"1\" style=\"color:transparent;width:100%;height:auto;\"   src=\"https:\/\/www.europesays.com\/es\/wp-content\/uploads\/2025\/09\/tom-c3-a1s-p-c3-a1ramo-tana-rivera-and-pablo-castellano-attend-the-news-photo-1758119884.pjpeg\" class=\"css-0 e1g79fud0\"\/><a target=\"_blank\" rel=\"noopener nofollow\" data-theme-key=\"base-link\" href=\"https:\/\/pinterest.com\/pin\/create\/button\/?url=https:\/\/www.elle.com\/es\/star-style\/el-estilo-de\/a66150500\/tana-rivera-desfile-pedro-del-hierro-madrid-conjunto-lunares\/&amp;description=- ElleSpain&amp;media=https:\/\/hips.hearstapps.com\/hmg-prod\/images\/tom-c3-a1s-p-c3-a1ramo-tana-rivera-and-pablo-castellano-attend-the-news-photo-1758119884.pjpeg?resize=1600:*\" class=\"pinterest css-on9hn5 e1c1bym14\"><img decoding=\"async\" data-dynamic-svg=\"true\" src=\"https:\/\/www.elle.com\/_assets\/design-tokens\/fre\/static\/icons\/social\/pinterest.e8cf655.svg?primary=%2523ffffff\" loading=\"lazy\" data-testid=\"dynamic-svg-base\" height=\"auto\" width=\"auto\" alt=\"pinterest\" class=\"css-4lml0h e1mlxuuw1\"\/><\/a><\/p>\n<p>Carlos Alvarez\/\/Getty Images<\/p>\n<p><img src=\"https:\/\/www.europesays.com\/es\/wp-content\/uploads\/2025\/09\/1758142929_355_ade596ee-932c-4fd8-997c-ab0e77af060a_1668503088.file\" alt=\"Headshot of Sara Alcoceba\" title=\"Headshot of Sara Alcoceba\" width=\"100%\" height=\"100%\" decoding=\"async\" loading=\"lazy\" class=\"css-o0wq4v ev8dhu53\"\/><\/p>\n<p>Sara Alcoceba es experta en estilo, celebrities y moda. No hay estilismo de famosa que le pase desapercibido y es capaz de bucear en todas las webs de las marcas de moda hasta sacar el outfit completo que han llevado a su \u00faltimo evento. De Zara, Mango o H&amp;M hasta la boutique m\u00e1s rec\u00f3ndita: Sara es especialista en contarte de qu\u00e9 visten las famosas y c\u00f3mo llevar su look.\u00a0<\/p>\n<p>Su gran pasi\u00f3n es cubrir la actualidad en alfombras rojas y eventos de moda. De los Oscars a la Gala Met, pasando por el d\u00eda a d\u00eda que comparten influencers y celebrities en sus redes sociales o los photocalls a los que acuden los royals y la alta sociedad. Siempre tiene un ojo puesto en lo que se cuece en Instagram y TikTok.\u00a0<\/p>\n<p>Sara Alcoceba se gradu\u00f3 en Periodismo en la Universidad Carlos III de Madrid y desde entonces se ha especializado en medios de comunicaci\u00f3n digitales, trabajando en revistas de moda y lifestyle. Pas\u00f3 por Cosmopolitan, HOLA y Vanitatis cubriendo actualidad y belleza, y tuvo una temporada muy fitness escribiendo sobre entrenamientos y nutrici\u00f3n en Women\u2019s Health. \u00a0\u00a0<\/p>\n<p>Con una trayectoria de casi una d\u00e9cada en medios digitales, Sara lleva m\u00e1s de 7 a\u00f1os vinculada a ELLE, donde ahora ha tomado las riendas de la secci\u00f3n de Star Style para contarte todo lo que tienes que saber sobre tus famosas favoritas. \u00a0\u00a0<\/p>\n","protected":false},"excerpt":{"rendered":"Tana Rivera se ha convertido en la invitada estrella del desfile de Pedro del Hierro durante la Mercedes&hellip;\n","protected":false},"author":2,"featured_media":121637,"comment_status":"","ping_status":"","sticky":false,"template":"","format":"standard","meta":{"footnotes":""},"categories":[174],"tags":[255,253,146,147,25,24,256,23],"class_list":{"0":"post-121636","1":"post","2":"type-post","3":"status-publish","4":"format-standard","5":"has-post-thumbnail","7":"category-famosos","8":"tag-celebrities","9":"tag-discover","10":"tag-entertainment","11":"tag-entretenimiento","12":"tag-es","13":"tag-espana","14":"tag-famosos","15":"tag-spain"},"share_on_mastodon":{"url":"","error":""},"_links":{"self":[{"href":"https:\/\/www.europesays.com\/es\/wp-json\/wp\/v2\/posts\/121636","targetHints":{"allow":["GET"]}}],"collection":[{"href":"https:\/\/www.europesays.com\/es\/wp-json\/wp\/v2\/posts"}],"about":[{"href":"https:\/\/www.europesays.com\/es\/wp-json\/wp\/v2\/types\/post"}],"author":[{"embeddable":true,"href":"https:\/\/www.europesays.com\/es\/wp-json\/wp\/v2\/users\/2"}],"replies":[{"embeddable":true,"href":"https:\/\/www.europesays.com\/es\/wp-json\/wp\/v2\/comments?post=121636"}],"version-history":[{"count":0,"href":"https:\/\/www.europesays.com\/es\/wp-json\/wp\/v2\/posts\/121636\/revisions"}],"wp:featuredmedia":[{"embeddable":true,"href":"https:\/\/www.europesays.com\/es\/wp-json\/wp\/v2\/media\/121637"}],"wp:attachment":[{"href":"https:\/\/www.europesays.com\/es\/wp-json\/wp\/v2\/media?parent=121636"}],"wp:term":[{"taxonomy":"category","embeddable":true,"href":"https:\/\/www.europesays.com\/es\/wp-json\/wp\/v2\/categories?post=121636"},{"taxonomy":"post_tag","embeddable":true,"href":"https:\/\/www.europesays.com\/es\/wp-json\/wp\/v2\/tags?post=121636"}],"curies":[{"name":"wp","href":"https:\/\/api.w.org\/{rel}","templated":true}]}}