{"id":121646,"date":"2025-09-17T21:07:16","date_gmt":"2025-09-17T21:07:16","guid":{"rendered":"https:\/\/www.europesays.com\/es\/121646\/"},"modified":"2025-09-17T21:07:16","modified_gmt":"2025-09-17T21:07:16","slug":"el-documental-postumo-de-ozzy-osbourne-ya-tiene-fecha-de-estreno","status":"publish","type":"post","link":"https:\/\/www.europesays.com\/es\/121646\/","title":{"rendered":"El documental p\u00f3stumo de Ozzy Osbourne ya tiene fecha de estreno"},"content":{"rendered":"<p><img alt=\"El documental &quot;Ozzy: No Escape\" class=\"global-image\" decoding=\"async\" fetchpriority=\"high\" height=\"1079\" loading=\"eager\" src=\"https:\/\/www.europesays.com\/es\/wp-content\/uploads\/2025\/09\/W7CMGBUGV5AWRPPZ5GDMSDJ6OQ.jpg\" width=\"1920\"\/>El documental \u00abOzzy: No Escape From Now\u00bb se estrena en Paramount+ como homenaje p\u00f3stumo al l\u00edder de Black Sabbath (AP\/Henny Ray Abrams, archivo)<\/p>\n<p class=\"paragraph\">El estreno de <b>Ozzy: No Escape From Now<\/b> ser\u00e1 a trav\u00e9s de <b>Paramount+<\/b> y representa un acontecimiento importante para la historia del rock, al ofrecer un retrato \u00edntimo y p\u00f3stumo de l\u00edder de <b>Black Sabbath<\/b>, quien muri\u00f3 el 22 de julio a los 76 a\u00f1os.<\/p>\n<p class=\"paragraph\">La producci\u00f3n, dirigida por la galardonada <b>Tania Alexander<\/b>, se presenta como un homenaje a la vida y el cantante, y coincide con la primera declaraci\u00f3n p\u00fablica de su viuda, <b>Sharon Osbourne<\/b>, tras la muerte del m\u00fasico.<\/p>\n<p class=\"paragraph\">El documental re\u00fane a la familia Osbourne y a figuras reconocidas de la m\u00fasica en un testimonio audiovisual \u00fanico.<\/p>\n<p class=\"paragraph\">Ozzy: No Escape From Now, de dos horas de duraci\u00f3n, estar\u00e1 disponible internacionalmente en la plataforma de streaming, con la \u00fanica excepci\u00f3n de Jap\u00f3n.<\/p>\n<p><img alt=\"La producci\u00f3n recorre los \u00faltimos\" class=\"global-image\" decoding=\"async\" fetchpriority=\"low\" height=\"1080\" loading=\"lazy\" src=\"https:\/\/www.europesays.com\/es\/wp-content\/uploads\/2025\/09\/1758143231_56_MTZ62RTXAJAHXKKHGM3ANOEWLY.jpg\" width=\"1920\"\/>La producci\u00f3n recorre los \u00faltimos a\u00f1os de Ozzy, su lucha contra el Parkinson y su legado musical (REUTERS\/Fredrik Sandberg\/Scanpix Sweden)<\/p>\n<p class=\"paragraph\">La obra recorre los \u00faltimos seis a\u00f1os de la vida de Osbourne, con \u00e9nfasis en sus problemas de salud, su esfuerzo por regresar a los escenarios y el impacto emocional de su diagn\u00f3stico de <b>Parkinson<\/b>.<\/p>\n<p class=\"paragraph\">La sinopsis oficial describe la pel\u00edcula como un retrato valiente y sin adornos, que muestra c\u00f3mo el dolor cr\u00f3nico afect\u00f3 la salud mental del artista y se reflej\u00f3 en su m\u00fasica m\u00e1s reciente.<\/p>\n<p class=\"paragraph\">El filme tambi\u00e9n documenta el proceso de grabaci\u00f3n de la colaboraci\u00f3n de Osbourne con Post Malone en 2019, as\u00ed como los dos \u00e1lbumes que siguieron a ese proyecto.<\/p>\n<p class=\"paragraph\">En una de sus \u00faltimas entrevistas, el propio Ozzy afirma: \u201c<b>Eso fue la mejor medicina que tuve en ese momento<\/b>\u201d, en referencia a la experiencia musical que lo ayud\u00f3 a superar una etapa dif\u00edcil.<\/p>\n<p class=\"paragraph\"><b>Ozzy: No Escape From Now<\/b> estar\u00e1 disponible en <b>Paramount+<\/b> desde el 7 de octubre.<\/p>\n<p><img alt=\"\" class=\"global-image\" decoding=\"async\" fetchpriority=\"low\" height=\"1305\" loading=\"lazy\" src=\"https:\/\/www.europesays.com\/es\/wp-content\/uploads\/2025\/09\/1758143232_56_FLZCLGWIEBCLRDDYKYVBI36JH4.jpg\" width=\"1920\"\/><\/p>\n<p class=\"paragraph\">La familia Osbourne ocupa un lugar central en el documental, detr\u00e1s y ante las c\u00e1maras. La directora <b>Tania Alexander<\/b> trabaj\u00f3 en colaboraci\u00f3n con <b>Sharon Osbourne<\/b> y sus hijos <b>Aimee<\/b>, <b>Kelly<\/b> y <b>Jack<\/b>.<\/p>\n<p class=\"paragraph\">Ellos ofrecen testimonios sobre los momentos m\u00e1s dif\u00edciles, como la ca\u00edda que Ozzy sufri\u00f3 en febrero de 2019 y que lo oblig\u00f3 a cancelar su gira de despedida.<\/p>\n<p class=\"paragraph\">Adem\u00e1s, la producci\u00f3n cuenta con la participaci\u00f3n de m\u00fasicos de renombre internacional, entre ellos <b>Tony Iommi<\/b> (Black Sabbath), <b>Duff McKagan<\/b> y <b>Slash<\/b> (Guns N\u2019 Roses), <b>Robert Trujillo<\/b> y <b>James Hetfield<\/b> (Metallica), <b>Billy Idol<\/b>, <b>Maynard James Keenan<\/b> (Tool), <b>Chad Smith<\/b> (Red Hot Chili Peppers), <b>Zakk Wylde<\/b>, <b>Andrew Watt<\/b>, <b>Billy Morrison<\/b>, <b>Tom Morello<\/b> (Rage Against The Machine), <b>Mike Inez<\/b> (Alice In Chains) y <b>Billy Corgan<\/b> (Smashing Pumpkins).<\/p>\n<p><img alt=\"La familia Osbourne y m\u00fasicos\" class=\"global-image\" decoding=\"async\" fetchpriority=\"low\" height=\"1080\" loading=\"lazy\" src=\"https:\/\/www.europesays.com\/es\/wp-content\/uploads\/2025\/09\/PAO64MR25NATDGFGTERVD22ICE.jpg\" width=\"1920\"\/>La familia Osbourne y m\u00fasicos internacionales participan en el documental, que incluye testimonios y material in\u00e9dito (Shutterstock)<\/p>\n<p class=\"paragraph\">El proyecto estuvo a cargo de <b>Echo Velvet<\/b>, en asociaci\u00f3n con la familia Osbourne y <b>MTV Entertainment Studios<\/b>, y cuenta con <b>Sharon Osbourne<\/b> como productora ejecutiva.<\/p>\n<p class=\"paragraph\">El documental tambi\u00e9n aborda el \u00faltimo concierto de <b>Ozzy Osbourne<\/b>, celebrado en Birmingham el 5 de julio, pocas semanas antes de su fallecimiento.<\/p>\n<p class=\"paragraph\">La pel\u00edcula no fue concebida originalmente como un homenaje p\u00f3stumo, pero tras la muerte del artista, adquiere un nuevo significado como testimonio de su determinaci\u00f3n.<\/p>\n<p class=\"paragraph\">El relato incluye detalles sobre las <b>m\u00faltiples cirug\u00edas<\/b> a las que se someti\u00f3 el m\u00fasico, el avance de su enfermedad y la manera en que estos desaf\u00edos influyeron en su vida personal y profesional.<\/p>\n<p><img alt=\"Sharon Osbourne realiza su primera\" class=\"global-image\" decoding=\"async\" fetchpriority=\"low\" height=\"1081\" loading=\"lazy\" src=\"https:\/\/www.europesays.com\/es\/wp-content\/uploads\/2025\/09\/SKRQPVURYFFGZI2O4GRZL6UWTM.jpg\" width=\"1920\"\/>Sharon Osbourne realiza su primera declaraci\u00f3n p\u00fablica tras la muerte de Ozzy, agradeciendo el apoyo de los fans (REUTERS\/Mario Anzuoni)<\/p>\n<p class=\"paragraph\"><b>Sharon Osbourne<\/b> rompi\u00f3 el silencio en septiembre con un mensaje en redes sociales, dos meses despu\u00e9s de la muerte de su esposo.<\/p>\n<p class=\"paragraph\">La viuda del cantante agradeci\u00f3 el apoyo recibido por parte de los seguidores de Ozzy, subrayando el consuelo que le han brindado los mensajes y homenajes en redes sociales.<\/p>\n<p class=\"paragraph\">\u201cTodav\u00eda tengo dificultades para encontrar las palabras que expresen lo agradecida que estoy por el abrumador amor y apoyo que han mostrado en las redes sociales\u201d, escribi\u00f3 en Instagram.<\/p>\n<p class=\"paragraph\">A\u00f1adi\u00f3 que las muestras de afecto le han proporcionado alivio en momentos de tristeza: \u201cSus comentarios, publicaciones y tributos me han dado m\u00e1s confort del que imaginan. Nada ha pasado desapercibido, de hecho, me ha ayudado a sobrellevar muchas noches\u201d.<\/p>\n<p><img alt=\"Jack, Sharon y Kelly ven\" class=\"global-image\" decoding=\"async\" fetchpriority=\"low\" height=\"2333\" loading=\"lazy\" src=\"https:\/\/www.europesays.com\/es\/wp-content\/uploads\/2025\/09\/OTDIBHLTKBAZFFBNKMI5EESREU.jpg\" width=\"3500\"\/>Jack, Sharon y Kelly ven las flores colocadas en el banco del puente Black Sabbath en Broad Street en memoria del m\u00fasico (Jacob King\/PA via AP)<\/p>\n<p class=\"paragraph\">La \u00faltima aparici\u00f3n p\u00fablica de Sharon antes de este mensaje tuvo lugar durante el <b>cortejo f\u00fanebre de Ozzy <\/b>en Birmingham el 30 de julio.<\/p>\n","protected":false},"excerpt":{"rendered":"El documental \u00abOzzy: No Escape From Now\u00bb se estrena en Paramount+ como homenaje p\u00f3stumo al l\u00edder de Black&hellip;\n","protected":false},"author":2,"featured_media":121647,"comment_status":"","ping_status":"","sticky":false,"template":"","format":"standard","meta":{"footnotes":""},"categories":[169],"tags":[17089,17090,17091,177,146,147,25,24,176,17092,17093,175,17094,17095,17096,17097,17098,17099,23,3789,17100,14542],"class_list":{"0":"post-121646","1":"post","2":"type-post","3":"status-publish","4":"format-standard","5":"has-post-thumbnail","7":"category-cine","8":"tag-arm-around-shoulder","9":"tag-auction","10":"tag-ca","11":"tag-cine","12":"tag-entertainment","13":"tag-entretenimiento","14":"tag-es","15":"tag-espana","16":"tag-film","17":"tag-kywd","18":"tag-kywd-sl","19":"tag-movies","20":"tag-osbourne-ozzy","21":"tag-osbourne-sharon","22":"tag-pictures-of-the-month","23":"tag-pose","24":"tag-press-shoot","25":"tag-smile","26":"tag-spain","27":"tag-sunglasses","28":"tag-top-pictures","29":"tag-u-s"},"share_on_mastodon":{"url":"","error":""},"_links":{"self":[{"href":"https:\/\/www.europesays.com\/es\/wp-json\/wp\/v2\/posts\/121646","targetHints":{"allow":["GET"]}}],"collection":[{"href":"https:\/\/www.europesays.com\/es\/wp-json\/wp\/v2\/posts"}],"about":[{"href":"https:\/\/www.europesays.com\/es\/wp-json\/wp\/v2\/types\/post"}],"author":[{"embeddable":true,"href":"https:\/\/www.europesays.com\/es\/wp-json\/wp\/v2\/users\/2"}],"replies":[{"embeddable":true,"href":"https:\/\/www.europesays.com\/es\/wp-json\/wp\/v2\/comments?post=121646"}],"version-history":[{"count":0,"href":"https:\/\/www.europesays.com\/es\/wp-json\/wp\/v2\/posts\/121646\/revisions"}],"wp:featuredmedia":[{"embeddable":true,"href":"https:\/\/www.europesays.com\/es\/wp-json\/wp\/v2\/media\/121647"}],"wp:attachment":[{"href":"https:\/\/www.europesays.com\/es\/wp-json\/wp\/v2\/media?parent=121646"}],"wp:term":[{"taxonomy":"category","embeddable":true,"href":"https:\/\/www.europesays.com\/es\/wp-json\/wp\/v2\/categories?post=121646"},{"taxonomy":"post_tag","embeddable":true,"href":"https:\/\/www.europesays.com\/es\/wp-json\/wp\/v2\/tags?post=121646"}],"curies":[{"name":"wp","href":"https:\/\/api.w.org\/{rel}","templated":true}]}}