{"id":121668,"date":"2025-09-17T21:18:12","date_gmt":"2025-09-17T21:18:12","guid":{"rendered":"https:\/\/www.europesays.com\/es\/121668\/"},"modified":"2025-09-17T21:18:12","modified_gmt":"2025-09-17T21:18:12","slug":"se-estrenara-en-febrero-contra-cody-haddon-relevo","status":"publish","type":"post","link":"https:\/\/www.europesays.com\/es\/121668\/","title":{"rendered":"se estrenar\u00e1 en febrero contra Cody Haddon\n| Relevo"},"content":{"rendered":"<p class=\"paragraph\" data-mrf-recirculation=\"Links art\u00edculo\">Ya es oficial: <strong>Aleksandre Topuria va a debutar en la UFC en el pr\u00f3ximo mes de febrero<\/strong>. Lo har\u00e1 en UFC 312 en suelo australiano, concretamente en S\u00eddney. El hermano de <a class=\"link\" href=\"https:\/\/www.relevo.com\/mma\/luchadores\/ilia-topuria\/\" target=\"_self\" rel=\"nofollow noopener\"><strong>Ilia Topuria<\/strong><\/a> pelear\u00e1 ante <strong>Cody Haddon<\/strong> (8-1) y todos los papeles necesarios ya est\u00e1n confirmados, desde el contrato hasta la visa.<\/p>\n<p class=\"paragraph\" data-mrf-recirculation=\"Links art\u00edculo\">De este modo, el peleador hispano-georgiano, que tiene un registro de 5-1 en su carrera, se desplazar\u00e1 a Australia para preparar el combate. Su rival, Coddy Haddon, confirm\u00f3 el duelo entre ambos: \u00ab<strong>Pelear\u00e9 con Aleksandre Topuria en UFC 312. Muy emocionado. \u00a1Va a ser un bombazo!<\/strong>\u00ab, escribi\u00f3 en redes sociales.<\/p>\n<p class=\"paragraph\" data-mrf-recirculation=\"Links art\u00edculo\">El mayor de los Topuria, de 28 a\u00f1os, <a class=\"link\" data-voc-vtm-id=\"in-text-traffic\" href=\"https:\/\/www.relevo.com\/mma\/ufc\/ilia-topuria-ante-reto-decimo-20250102000451-nt.html\" target=\"_self\" rel=\"nofollow noopener\">tendr\u00e1 a Ilia en la esquina para apoyar a su hermano<\/a>. &#8216;El Cazador&#8217; tendr\u00e1 el aliento de &#8216;El Matador&#8217;.<\/p>\n<p>\u00abMis planes eran un poco diferentes, pero cuando tu hermano gana el cintur\u00f3n mundial, es lo que hay\u00bb<\/p>\n<p>Aleksandre Topuria<br \/>\nLuchador de la UFC\n<\/p>\n<p class=\"paragraph\" data-mrf-recirculation=\"Links art\u00edculo\">Aleksandre Topuria, en una entrevista con Eurosport al confirmarse su combate, explic\u00f3 c\u00f3mo ha avanzado su carrera en la UFC: \u00abLa pelea se iba a dar desde principios de 2024. <strong>Mis planes eran un poco diferentes, pero cuando tu hermano gana el cintur\u00f3n mundial, es lo que hay<\/strong>\u00ab, explic\u00f3 el peso gallo. \u00abMis planes era entrar en la UFC, hacer unas peleas m\u00e1s. Ten\u00eda la UFC a las puertas, y si est\u00e1 aqu\u00ed, \u00bfqu\u00e9 voy a decir? Ganar un poco m\u00e1s dinero, pelear en la jaula m\u00e1s grande, en la liga m\u00e1s grande del mundo. \u00bfPor qu\u00e9 desaprovechar esta oportunidad? <strong>Mi carrera no ha ido como la de todos los dem\u00e1s, otros peleadores han podido centrarse en s\u00ed mismos<\/strong>. Yo he estado con mi hermano, y tuve una charla con \u00e9l para aplazar mi pelea, porque necesit\u00e1bamos plena concentraci\u00f3n en \u00e9l. Porque iba a pelear por el cintur\u00f3n y eso nos iba a abrir la puerta a \u00e9l y a m\u00ed tambi\u00e9n\u00bb, ha dicho.<\/p>\n<blockquote class=\"twitter-tweet\" data-width=\"100%\">\n<p lang=\"es\" dir=\"ltr\">Aleksandre Topuria habla en Eurosport en exclusiva tras confirmar su debut en la <a href=\"https:\/\/twitter.com\/hashtag\/UFC?src=hash&amp;ref_src=twsrc%5Etfw\" rel=\"nofollow noopener\" target=\"_blank\">#UFC<\/a> <\/p>\n<p>El compromiso con Ilia retras\u00f3 su llegada a la compa\u00f1\u00eda: \u00abIba a pelear por el cintur\u00f3n. Eso nos iba a abrir la puerta a los dos\u00bb \u2665\ufe0f<\/p>\n<p>Le veremos el 9 de febrero en el <a href=\"https:\/\/twitter.com\/hashtag\/UFC312?src=hash&amp;ref_src=twsrc%5Etfw\" rel=\"nofollow noopener\" target=\"_blank\">#UFC312<\/a> en <a href=\"https:\/\/twitter.com\/StreamMaxES?ref_src=twsrc%5Etfw\" rel=\"nofollow noopener\" target=\"_blank\">@streammaxes<\/a> <a href=\"https:\/\/t.co\/7bPpvgIGbE\" rel=\"nofollow\">pic.twitter.com\/7bPpvgIGbE<\/a><\/p>\n<p>\u2014 Eurosport.es (@Eurosport_ES) <a href=\"https:\/\/twitter.com\/Eurosport_ES\/status\/1877474110713852396?ref_src=twsrc%5Etfw\" rel=\"nofollow noopener\" target=\"_blank\">January 9, 2025<\/a><\/p><\/blockquote>\n<p class=\"paragraph\" data-mrf-recirculation=\"Links art\u00edculo\">El escenario no ser\u00e1 nada f\u00e1cil: Haddon es australiano y el combate tendr\u00e1 lugar en el Quods Bank Arena de S\u00eddney, por lo que tendr\u00e1 el factor p\u00fablico a favor. Aunque falta por conocer el horario oficial por parte de la UFC, <strong>el combate tendr\u00e1 lugar en la madrugada del 8 al 9 de febrero<\/strong> como parte de las preliminares de UFC 312.<\/p>\n<p><script async src=\"https:\/\/platform.twitter.com\/widgets.js\" charset=\"utf-8\"><\/script><\/p>\n","protected":false},"excerpt":{"rendered":"Ya es oficial: Aleksandre Topuria va a debutar en la UFC en el pr\u00f3ximo mes de febrero. Lo&hellip;\n","protected":false},"author":2,"featured_media":121669,"comment_status":"","ping_status":"","sticky":false,"template":"","format":"standard","meta":{"footnotes":""},"categories":[276],"tags":[40076,168,25,24,11540,40077,37,347,5012,8003,23,167,348,343],"class_list":{"0":"post-121668","1":"post","2":"type-post","3":"status-publish","4":"format-standard","5":"has-post-thumbnail","7":"category-ufc","8":"tag-cody","9":"tag-deportes","10":"tag-es","11":"tag-espana","12":"tag-febrero","13":"tag-haddon","14":"tag-hermano","15":"tag-ilia","16":"tag-llega","17":"tag-peleara","18":"tag-spain","19":"tag-sports","20":"tag-topuria","21":"tag-ufc"},"share_on_mastodon":{"url":"","error":""},"_links":{"self":[{"href":"https:\/\/www.europesays.com\/es\/wp-json\/wp\/v2\/posts\/121668","targetHints":{"allow":["GET"]}}],"collection":[{"href":"https:\/\/www.europesays.com\/es\/wp-json\/wp\/v2\/posts"}],"about":[{"href":"https:\/\/www.europesays.com\/es\/wp-json\/wp\/v2\/types\/post"}],"author":[{"embeddable":true,"href":"https:\/\/www.europesays.com\/es\/wp-json\/wp\/v2\/users\/2"}],"replies":[{"embeddable":true,"href":"https:\/\/www.europesays.com\/es\/wp-json\/wp\/v2\/comments?post=121668"}],"version-history":[{"count":0,"href":"https:\/\/www.europesays.com\/es\/wp-json\/wp\/v2\/posts\/121668\/revisions"}],"wp:featuredmedia":[{"embeddable":true,"href":"https:\/\/www.europesays.com\/es\/wp-json\/wp\/v2\/media\/121669"}],"wp:attachment":[{"href":"https:\/\/www.europesays.com\/es\/wp-json\/wp\/v2\/media?parent=121668"}],"wp:term":[{"taxonomy":"category","embeddable":true,"href":"https:\/\/www.europesays.com\/es\/wp-json\/wp\/v2\/categories?post=121668"},{"taxonomy":"post_tag","embeddable":true,"href":"https:\/\/www.europesays.com\/es\/wp-json\/wp\/v2\/tags?post=121668"}],"curies":[{"name":"wp","href":"https:\/\/api.w.org\/{rel}","templated":true}]}}