{"id":121678,"date":"2025-09-17T21:24:12","date_gmt":"2025-09-17T21:24:12","guid":{"rendered":"https:\/\/www.europesays.com\/es\/121678\/"},"modified":"2025-09-17T21:24:12","modified_gmt":"2025-09-17T21:24:12","slug":"hasta-cuanto-puede-crecer-san-mames","status":"publish","type":"post","link":"https:\/\/www.europesays.com\/es\/121678\/","title":{"rendered":"\u00bfHasta cu\u00e1nto puede crecer San Mam\u00e9s?"},"content":{"rendered":"<p>Jon Uriarte dej\u00f3 caer la noticia en los proleg\u00f3menos del estreno en Champions ante el Arsenal a modo de globo sonda para comprobar c\u00f3mo respiraba  &#8230; la masa social despu\u00e9s de que los medios se hicieran eco de sus palabras. El presidente del Athletic sorprendi\u00f3 con unas declaraciones en las que abr\u00eda la puerta a una eventual ampliaci\u00f3n del aforo de San Mam\u00e9s con una fuerte inversi\u00f3n para atender una demanda cada vez m\u00e1s elevada de carn\u00e9s que ha aumentado a 7.000 el n\u00famero de aficionados que quieren hacerse socios.<\/p>\n<p class=\"v-p\">No fue un anuncio improvisado del inquilino de Ibaigane. Eligi\u00f3 el lugar \u2013las tripas de un campo con capacidad para 53.000 espectadores y con doce a\u00f1os de vida\u2013, el escenario \u2013un escaparate internacional gigantesco como es la Liga de Campeones\u2013 y el momento \u2013apenas 48 horas antes de su tradicional comparecencia ante la Prensa al inicio de cada temporada\u2013.<\/p>\n<p class=\"v-p\">Y hay otro elemento determinante: el contexto. Uriarte habla de habilitar nuevos espacios \u00abhasta debajo de los asientos\u00bb, si fuese necesario, porque el equipo est\u00e1 subido en la ola buena, la que le permite codearse con los clubes m\u00e1s poderosos de la Liga y asentarse en las competiciones europeas. \u00bfPero el estadio puede crecer, hay opciones reales de incrementar el aforo? S\u00ed, se puede hacer, aunque por supuesto la obra no estar\u00eda exenta de complejidad.<\/p>\n<p class=\"v-p\">De hecho, el grupo de trabajo encargado de levantar el coliseo rojiblanco bajo la direcci\u00f3n del arquitecto C\u00e9sar Azc\u00e1rate, de Idom, ya dijo en su d\u00eda que hab\u00eda un margen para ganar m\u00e1s asientos \u2013hasta un m\u00e1ximo de 3.000\u2013 si el Athletic apostaba en el futuro por ganar aforo. Porque a d\u00eda de hoy el planteamiento de Uriarte en ning\u00fan caso contempla hacer m\u00e1s grande el campo, sino impulsar retoques para que la capacidad del recinto que acogi\u00f3 el pasado mayo la final de la Europa League sea mayor.<\/p>\n<p class=\"v-p\">El proyecto original llamado a suceder a la vieja Catedral dibujaba un anillo con cerca de 60.000 localidades, pero estudios posteriores aconsejaron reducirlas y se quedaron en las 53.000 actuales. De ellas, en torno a 45.000 est\u00e1n reservadas para los socios. La situaci\u00f3n deportiva y social del Athletic ha cambiado sobremanera desde entonces. En esta tercera \u00e9poca de Ernesto Valverde al equipo se le ve con frecuencia en la zona noble de la clasificaci\u00f3n, Europa empieza a ser un entorno natural y se levant\u00f3 la Copa del Rey en La Cartuja despu\u00e9s de cuatro d\u00e9cadas en el desierto.<\/p>\n<p class=\"v-p\">Estos \u00e9xitos no s\u00f3lo han servido para fidelizar a los aficionados, sino que otros muchos se han subido al carro. Adem\u00e1s, a diferencia de lo que ocurr\u00eda antes, San Mam\u00e9s tiene tambi\u00e9n vida cuando no hay partidos, con restaurantes, bares y hasta un polideportivo. Es decir, hay un importante volumen de negocio dentro y en sus aleda\u00f1os.<\/p>\n<p class=\"v-p\">Con este panorama como tel\u00f3n de fondo Uriarte y sus colaboradores han promovido un proceso de reflexi\u00f3n interna que desean extender de forma paulatina a otras \u00e1reas del club y, por supuesto, a la masa social. El presidente ha dado el pistoletazo de salida a un movimiento que se intuye a medio plazo y que necesita de un reposado debate previo para no tropezar en un asunto tan sensible como es retocar un estadio consolidado y que ya es mayor de edad. Sin prisa pero sin pausa.<\/p>\n<p class=\"v-p\"><strong>Estructura r\u00edgida<\/strong><\/p>\n<p class=\"v-p\">Hay consideraciones como punto de partida que los dirigentes del club tienen claras. El campo no puede crecer hacia abajo \u2013el subsuelo est\u00e1 copado y en ese supuesto las gradas se &#8216;comer\u00edan&#8217; las bandas\u2013 y tampoco puede ensancharse por su cercan\u00eda a las viviendas y a los edificios universitarios. La estructura, por tanto, es inamovible, as\u00ed que cualquier plan de ampliaci\u00f3n debe sustentarse en el interior y sobre lo que ya est\u00e1 construido.<\/p>\n<p class=\"v-p\">La primera impresi\u00f3n cuando se observa el dise\u00f1o de las tribunas altas, las m\u00e1s cercanas a la cubierta, permite comprobar que en sus chaflanes se ha apostado por una grada en forma de ola, lo que deja espacios susceptibles de acoger m\u00e1s asientos en las cuatro &#8216;esquinas&#8217; de San Mam\u00e9s. El eventual plan todav\u00eda est\u00e1 en la fase embrionaria, pero la Asamblea de Compromisarios est\u00e1 a la vuelta de la esquina y no se descarta que surja este debate.<\/p>\n","protected":false},"excerpt":{"rendered":"Jon Uriarte dej\u00f3 caer la noticia en los proleg\u00f3menos del estreno en Champions ante el Arsenal a modo&hellip;\n","protected":false},"author":2,"featured_media":121679,"comment_status":"","ping_status":"","sticky":false,"template":"","format":"standard","meta":{"footnotes":""},"categories":[268],"tags":[20294,168,25,24,280,282,23980,789,2228,281,23,167],"class_list":{"0":"post-121678","1":"post","2":"type-post","3":"status-publish","4":"format-standard","5":"has-post-thumbnail","7":"category-futbol","8":"tag-crecer","9":"tag-deportes","10":"tag-es","11":"tag-espana","12":"tag-football","13":"tag-futbol","14":"tag-mames","15":"tag-puede","16":"tag-san","17":"tag-soccer","18":"tag-spain","19":"tag-sports"},"share_on_mastodon":{"url":"","error":""},"_links":{"self":[{"href":"https:\/\/www.europesays.com\/es\/wp-json\/wp\/v2\/posts\/121678","targetHints":{"allow":["GET"]}}],"collection":[{"href":"https:\/\/www.europesays.com\/es\/wp-json\/wp\/v2\/posts"}],"about":[{"href":"https:\/\/www.europesays.com\/es\/wp-json\/wp\/v2\/types\/post"}],"author":[{"embeddable":true,"href":"https:\/\/www.europesays.com\/es\/wp-json\/wp\/v2\/users\/2"}],"replies":[{"embeddable":true,"href":"https:\/\/www.europesays.com\/es\/wp-json\/wp\/v2\/comments?post=121678"}],"version-history":[{"count":0,"href":"https:\/\/www.europesays.com\/es\/wp-json\/wp\/v2\/posts\/121678\/revisions"}],"wp:featuredmedia":[{"embeddable":true,"href":"https:\/\/www.europesays.com\/es\/wp-json\/wp\/v2\/media\/121679"}],"wp:attachment":[{"href":"https:\/\/www.europesays.com\/es\/wp-json\/wp\/v2\/media?parent=121678"}],"wp:term":[{"taxonomy":"category","embeddable":true,"href":"https:\/\/www.europesays.com\/es\/wp-json\/wp\/v2\/categories?post=121678"},{"taxonomy":"post_tag","embeddable":true,"href":"https:\/\/www.europesays.com\/es\/wp-json\/wp\/v2\/tags?post=121678"}],"curies":[{"name":"wp","href":"https:\/\/api.w.org\/{rel}","templated":true}]}}