{"id":121696,"date":"2025-09-17T21:33:12","date_gmt":"2025-09-17T21:33:12","guid":{"rendered":"https:\/\/www.europesays.com\/es\/121696\/"},"modified":"2025-09-17T21:33:12","modified_gmt":"2025-09-17T21:33:12","slug":"lo-esencial-estaba-en-lo-extraordinario","status":"publish","type":"post","link":"https:\/\/www.europesays.com\/es\/121696\/","title":{"rendered":"Lo esencial estaba en lo extraordinario"},"content":{"rendered":"<p id=\"e38M04Qhe4\" data-wc=\"138\">En un acto de generosidad y valent\u00eda,<strong> Marina Romero<\/strong> ha confesado estar atravesando un bache de salud. Una situaci\u00f3n delicada en la que cuenta con el completo apoyo de sus \u00edntimos, y es que todos han cerrado filas a su alrededor para ser su soporte en este camino que afronta con optimismo: desde<strong> Javier Tudela<\/strong>, con el que ha formado una bonita familia en los ocho a\u00f1os que llevan juntos, pasando por su madre, su cu\u00f1ada Anita Matamoros y su suegra, Makoke. De hecho, la colaboradora televisiva <a class=\"hm-link ho-link\" href=\"https:\/\/www.hola.com\/actualidad\/20250821851476\/makoke-cancela-su-boda-con-gonzalo-fernandez-en-el-ultimo-momento\/\" data-mrf-recirculation=\"article-body-link\" rel=\"nofollow noopener\" target=\"_blank\">cancel\u00f3 in extremis su boda con Gonzalo Fern\u00e1ndez<\/a>, prevista para el 13 de septiembre, para volcarse al 100% en su nuera. En estos cuatro d\u00edas que han pasado desde que comparti\u00f3 su nueva realidad, \u00a0la influencer ha recibido una oleada de cari\u00f1o a la que ha respondido con una poderosa reflexi\u00f3n.<\/p>\n<p> <img src=\"https:\/\/www.europesays.com\/es\/wp-content\/uploads\/2025\/09\/842660de85cb-gettyimages-948689328.jpg\"   width=\"681\" height=\"1024\" loading=\"lazy\" decoding=\"async\" alt=\"Marina Romero y Javier Tudela en el Festival de Cine de M\u00e1laga\" fetchpriority=\"auto\" class=\"image ho-image\"\/>\u00a9 Getty Images<\/p>\n<p id=\"eLKJU6fcBr\" data-wc=\"83\">\u00bb Hay cosas que hacemos sin pensar, por inercia, como leer un libro bajo la sombra en una tarde tranquila, preparar tortitas una ma\u00f1ana cualquiera, escuchar la risa de tus hijos mientras juegan, o simplemente tumbarte a mirar las nubes pasar. <strong>Peque\u00f1os gestos, tan normales que casi nunca los valoramos y ah\u00ed entiendes que lo simple nunca fue peque\u00f1o, lo esencial no estaba en lo extraordinario, sino en esos momentos sencillos que siempre estuvieron ah\u00ed, esperando a ser apreciados\u00bb<\/strong>, ha dicho la influencer.<\/p>\n<p id=\"eSsZViOGcE\" data-wc=\"99\">Marina ha acompa\u00f1ado sus palabras de unas fotos que ahora tienen para ella otro significado. La mayor parte de las instant\u00e1neas est\u00e1n protagonizadas \u00a0por sus hijos, Javier (4) y Bianca (2), a los que vemos en momentos tan rutinarios como el desayuno, jugando juntos o pasando tiempo con otros miembros de la familia como su abuela, Noem\u00ed Marqu\u00e9s. Tambi\u00e9n aparece la creadora de contenido leyendo al aire libre y capturando el cielo. <strong>Momentos cotidianos a los que no damos el valor que merecen hasta que la vida te pone en una situaci\u00f3n complicada, como la que ella atraviesa actualmente.<\/strong><\/p>\n<p> <img src=\"https:\/\/www.europesays.com\/es\/wp-content\/uploads\/2025\/09\/8fe4d75a1824-marina1.jpg\"   width=\"768\" height=\"1024\" loading=\"lazy\" decoding=\"async\" alt=\"Bianca, la hija de Javier Tudela y Marina Romero\" fetchpriority=\"auto\" class=\"image ho-image\"\/>\u00a9 marinaromerom<\/p>\n<p> <img src=\"https:\/\/www.europesays.com\/es\/wp-content\/uploads\/2025\/09\/ea64b3b88a92-marina2.jpg\"   width=\"769\" height=\"1024\" loading=\"lazy\" decoding=\"async\" alt=\"Marina Romero, pareja de Javier Tudela, con su hijo Javi\" fetchpriority=\"auto\" class=\"image ho-image\"\/>\u00a9 marinaromerom<\/p>\n<p> <img src=\"https:\/\/www.europesays.com\/es\/wp-content\/uploads\/2025\/09\/fe6880678d38-hay-cosas-que-hacemos-sin-pensar-por-inercia-como-leer-un-libro-bajo-la-sombra.jpg\"   width=\"769\" height=\"1024\" loading=\"lazy\" decoding=\"async\" alt=\"Media Image\" fetchpriority=\"auto\" class=\"image ho-image\"\/>\u00a9 marinaromerom<\/p>\n<p id=\"e8dQApGzkv\" data-wc=\"93\">Sus palabras en medio de la tormenta se han llenado de mensajes de \u00e1nimo. \u00abTe abrazo con el coraz\u00f3n\u00bb, ha dicho Arantxa de Benito; \u00a0\u00abFamilia bonita. Abrazo inmenso, con much\u00edsimo cari\u00f1o\u00bb, ha puesto Emma Garc\u00eda; \u00abTodo va a pasar para volver a volver\u00bb, ha indicado Marta Escalante, conocido en la esfera digital como Hola Cuore; \u00abCu\u00e1nta raz\u00f3n. Mucho \u00e1nimo guap\u00edsima\u00bb, ha escrito la influencer \u00a0Mar\u00eda Fern\u00e1ndez Urbaneja. Otros rostros conocidos como <strong>Tamara Gorro, Carla Campra y Cristina Fern\u00e1ndez Torres, mujer de \u00c1lvaro Castillejo Preysler, se han sumado tambi\u00e9n a las muestras de apoyo.<\/strong><\/p>\n<p>Un flechazo que lo cambi\u00f3 todo<\/p>\n<p id=\"eKhf2w_-ry\" data-wc=\"123\">La pareja vive esta etapa en la intimidad de su hogar y sin soltarse de la mano. As\u00ed ha sido desde que se conocieron hace ocho a\u00f1os gracias a Anita, la hermana de \u00e9l. Fue ella quien los present\u00f3 y conectaron de inmediato. De hecho, Marina tard\u00f3 poco en mudarse a Madrid y se instal\u00f3 con \u00e9l en <a class=\"hm-link ho-link\" href=\"https:\/\/www.hola.com\/actualidad\/20250823851763\/makoke-reaparece-muy-afectada-tras-cancelar-su-boda\/\" data-mrf-recirculation=\"article-body-link\" rel=\"nofollow noopener\" target=\"_blank\">el chal\u00e9 familiar de Makoke<\/a>, situado en la exclusiva urbanizaci\u00f3n de La Finca. R\u00e1pidamente se convirti\u00f3 en una m\u00e1s de la familia, que creci\u00f3 en 2021 y 2023 con Javi y Bianca, dos ni\u00f1os que los llenan de energ\u00eda e ilusi\u00f3n pese a los obst\u00e1culos. Porque<strong>\u00a0como dice el concursante de la cuarta edici\u00f3n de Gran Hermano VIP, \u00abvamos con todo y a por todo\u00bb.<\/strong><\/p>\n","protected":false},"excerpt":{"rendered":"En un acto de generosidad y valent\u00eda, Marina Romero ha confesado estar atravesando un bache de salud. Una&hellip;\n","protected":false},"author":2,"featured_media":121697,"comment_status":"","ping_status":"","sticky":false,"template":"","format":"standard","meta":{"footnotes":""},"categories":[91],"tags":[517,146,147,25,24,38146,15187,23],"class_list":{"0":"post-121696","1":"post","2":"type-post","3":"status-publish","4":"format-standard","5":"has-post-thumbnail","7":"category-entretenimiento","8":"tag-actualidad","9":"tag-entertainment","10":"tag-entretenimiento","11":"tag-es","12":"tag-espana","13":"tag-javier-tudela","14":"tag-makoke","15":"tag-spain"},"share_on_mastodon":{"url":"","error":""},"_links":{"self":[{"href":"https:\/\/www.europesays.com\/es\/wp-json\/wp\/v2\/posts\/121696","targetHints":{"allow":["GET"]}}],"collection":[{"href":"https:\/\/www.europesays.com\/es\/wp-json\/wp\/v2\/posts"}],"about":[{"href":"https:\/\/www.europesays.com\/es\/wp-json\/wp\/v2\/types\/post"}],"author":[{"embeddable":true,"href":"https:\/\/www.europesays.com\/es\/wp-json\/wp\/v2\/users\/2"}],"replies":[{"embeddable":true,"href":"https:\/\/www.europesays.com\/es\/wp-json\/wp\/v2\/comments?post=121696"}],"version-history":[{"count":0,"href":"https:\/\/www.europesays.com\/es\/wp-json\/wp\/v2\/posts\/121696\/revisions"}],"wp:featuredmedia":[{"embeddable":true,"href":"https:\/\/www.europesays.com\/es\/wp-json\/wp\/v2\/media\/121697"}],"wp:attachment":[{"href":"https:\/\/www.europesays.com\/es\/wp-json\/wp\/v2\/media?parent=121696"}],"wp:term":[{"taxonomy":"category","embeddable":true,"href":"https:\/\/www.europesays.com\/es\/wp-json\/wp\/v2\/categories?post=121696"},{"taxonomy":"post_tag","embeddable":true,"href":"https:\/\/www.europesays.com\/es\/wp-json\/wp\/v2\/tags?post=121696"}],"curies":[{"name":"wp","href":"https:\/\/api.w.org\/{rel}","templated":true}]}}