{"id":121700,"date":"2025-09-17T21:35:10","date_gmt":"2025-09-17T21:35:10","guid":{"rendered":"https:\/\/www.europesays.com\/es\/121700\/"},"modified":"2025-09-17T21:35:10","modified_gmt":"2025-09-17T21:35:10","slug":"copiar-a-los-fabricantes-chinos","status":"publish","type":"post","link":"https:\/\/www.europesays.com\/es\/121700\/","title":{"rendered":"copiar a los fabricantes chinos"},"content":{"rendered":"<p>Audi ya no es Audi. Al menos en China, aunque <a rel=\"noopener, noreferrer nofollow\" href=\"https:\/\/forococheselectricos.com\/noticias\/esto-ya-no-es-audi-fans-de-toda-la-vida-cargan-contra-la-marca-20250722-37775.html\" target=\"_blank\">algunos se\u00f1alen<\/a> que su nuevo lenguaje de dise\u00f1o de los interiores tampoco casa con lo que tradicionalmente hemos conocido en los germanos aqu\u00ed en Europa.\u00a0<\/p>\n<p>Sea como sea, lo cierto es que la compa\u00f1\u00eda ha emprendido un nuevo rumbo en el pa\u00eds asi\u00e1tico. El pasado mes de abril, mi compa\u00f1ero Javier Lacort <a class=\"text-outboundlink\" href=\"https:\/\/www.xataka.com\/movilidad\/audi-se-parte-dos-siempre-china-audi-mayusculas-aros-cesion-al-mando-pekin\" data-vars-post-title=\"En China, los legendarios cuatro aros de Audi han desaparecido: su logo ahora es un simple AUDI en may\u00fasculas\" data-vars-post-url=\"https:\/\/www.xataka.com\/movilidad\/audi-se-parte-dos-siempre-china-audi-mayusculas-aros-cesion-al-mando-pekin\" rel=\"nofollow noopener\" target=\"_blank\">ya tuvo un primer contacto<\/a> con el nuevo Audi E5 Sportback en el Sal\u00f3n del Autom\u00f3vil de Shanghai donde vio en persona ese Audi que no es Audi.\u00a0<\/p>\n<p>La primera pista salta a la vista, con cuatro aros que han sido sustituidos por las cuatro letras que forman la palabra Audi. Escrib\u00eda Javier Lacort entonces:<\/p>\n<blockquote><p>\u00abLo primero que uno percibe es ruptura. Metaf\u00f3rica, y f\u00edsica: el\u00a0stand\u00a0de la marca en la feria se parti\u00f3 en dos, con sus distintos logos. Ya no es Audi adapt\u00e1ndose a China. Es\u00a0<strong>Audi delegando su identidad para sobrevivir en el mercado<\/strong>\u00a0que sostiene buena parte de su cuenta de resultados global\u00bb<\/p><\/blockquote>\n<p>    <a href=\"https:\/\/www.xataka.com\/movilidad\/audi-a6-avant-e-tron-performance-analisis-review-caracteristicas-precio-ficha-tecnica\" class=\"pivot-outboundlink\" data-vars-post-title=\"Pensaba que tardar\u00eda mucho en decir esto pero el Audi A6 Avant e-tron me ha hecho adelantarme: es mejor que cualquier gasolina\" rel=\"nofollow noopener\" target=\"_blank\"><br \/>\n     <img loading=\"lazy\" decoding=\"async\" alt=\"Pensaba que tardar\u00eda mucho en decir esto pero el Audi A6 Avant e-tron me ha hecho adelantarme: es mejor que cualquier gasolina\" width=\"375\" height=\"142\" src=\"https:\/\/www.europesays.com\/es\/wp-content\/uploads\/2025\/09\/1758144909_427_375_142.jpeg\"\/><br \/>\n    <\/a><\/p>\n<p> \u00bfPor qu\u00e9 un coche el\u00e9ctrico tiene menos autonom\u00eda que la que anuncian<\/p>\n<p>Primeros resultados<\/p>\n<p>Lo que ha resultado de este abrazo al coche el\u00e9ctrico y el coche chino por y para China ha sido positivo para la compa\u00f1\u00eda. Se\u00f1alan en <a rel=\"noopener, noreferrer nofollow\" href=\"https:\/\/carnewschina.com\/2025\/09\/17\/audi-e5-sportback-receives-10153-orders-within-30-minutes-of-launch\/\" target=\"_blank\">CarNewsChina<\/a> que la marca ha conseguido m\u00e1s de 10.000 reservas en la primera media hora desde que se abrieran pedidos del Audi E5 Sportback.\u00a0<\/p>\n<p>Desde luego, no son las <a class=\"text-outboundlink\" href=\"https:\/\/www.xataka.com\/movilidad\/xiaomi-ha-vendido-200-000-suvs-electricos-180-segundos-tesla-tiene-razones-para-preocuparse\" data-vars-post-title=\"El SU7 de Xiaomi caus\u00f3 una fiebre sin precedentes. El YU7 ha vendido 200.000 unidades en tres minutos exactos\" data-vars-post-url=\"https:\/\/www.xataka.com\/movilidad\/xiaomi-ha-vendido-200-000-suvs-electricos-180-segundos-tesla-tiene-razones-para-preocuparse\" rel=\"nofollow noopener\" target=\"_blank\">200.000 reservas en tres minutos<\/a> que acumul\u00f3 el <a class=\"text-outboundlink\" href=\"https:\/\/www.xataka.com\/movilidad\/xiaomi-yu7-caracteristicas-precio-ficha-tecnica\" data-vars-post-title=\"Xiaomi YU7: el segundo coche el\u00e9ctrico de Xiaomi no solo es un producto tecnol\u00f3gico, es toda una apuesta por el lujo\" data-vars-post-url=\"https:\/\/www.xataka.com\/movilidad\/xiaomi-yu7-caracteristicas-precio-ficha-tecnica\" rel=\"nofollow noopener\" target=\"_blank\">Xiaomi YU7<\/a>. Ni las <a class=\"text-outboundlink\" href=\"https:\/\/www.xataka.com\/movilidad\/xiaomi-su7-ultra-ha-desatado-locura-registrando-7-000-reservas-10-minutos-pensaban-vender-10-000-unidades-todo-2025\" data-vars-post-title=\"El Xiaomi SU7 Ultra ha registrado 7.000 reservas en 10 minutos. Pensaban vender 10.000 unidades en todo 2025\" data-vars-post-url=\"https:\/\/www.xataka.com\/movilidad\/xiaomi-su7-ultra-ha-desatado-locura-registrando-7-000-reservas-10-minutos-pensaban-vender-10-000-unidades-todo-2025\" rel=\"nofollow noopener\" target=\"_blank\">7.000 reservas<\/a> que consigui\u00f3 el <a class=\"text-outboundlink\" href=\"https:\/\/www.xataka.com\/movilidad\/xiaomi-su7-ultra-caracteristicas-precio-ficha-tecnica\" data-vars-post-title=\"Xiaomi SU7 Ultra: 350 km\/h de velocidad punta y 1.548 CV de potencia para alzarse como el rey del coche el\u00e9ctrico\" data-vars-post-url=\"https:\/\/www.xataka.com\/movilidad\/xiaomi-su7-ultra-caracteristicas-precio-ficha-tecnica\" rel=\"nofollow noopener\" target=\"_blank\">Xiaomi SU7 Ultra<\/a> en 10 minutos (esperaban vender 10.000 versiones de este tipo en el primer a\u00f1o). Pero las cifras son buenas. Especialmente si tenemos en cuenta que el devenir de las compa\u00f1\u00edas europeas en China <a class=\"text-outboundlink\" href=\"https:\/\/www.xataka.com\/movilidad\/alemania-era-lider-china-sus-ventas-han-caido-a-mitad-coche-electrico-esta-matando-a-bmw-mercedes-volkswagen\" data-vars-post-title=\"Alemania era l\u00edder en China. Sus ventas han ca\u00eddo a la mitad y el coche el\u00e9ctrico est\u00e1 matando a BMW, Mercedes o Volkswagen \" data-vars-post-url=\"https:\/\/www.xataka.com\/movilidad\/alemania-era-lider-china-sus-ventas-han-caido-a-mitad-coche-electrico-esta-matando-a-bmw-mercedes-volkswagen\" rel=\"nofollow noopener\" target=\"_blank\">est\u00e1 siendo especialmente malo<\/a> en los \u00faltimos a\u00f1os.\u00a0<\/p>\n<p>    <a href=\"https:\/\/www.xataka.com\/movilidad\/audi-rs-e-tron-gt-performance-analisis-review-caracteristicas-precio-ficha-tecnica\" class=\"pivot-outboundlink\" data-vars-post-title=\"Un coche el\u00e9ctrico superdeportivo siempre me hab\u00eda parecido una idea absurda. Hasta que prob\u00e9 el Audi e-tron GT\" rel=\"nofollow noopener\" target=\"_blank\"><br \/>\n     <img loading=\"lazy\" decoding=\"async\" alt=\"Un coche el\u00e9ctrico superdeportivo siempre me hab\u00eda parecido una idea absurda. Hasta que prob\u00e9 el Audi e-tron GT\" width=\"375\" height=\"142\" src=\"https:\/\/www.europesays.com\/es\/wp-content\/uploads\/2025\/09\/1758144909_742_375_142.jpeg\"\/><br \/>\n    <\/a><\/p>\n<p>El <strong>problema<\/strong> era especialmente grave para Audi a la que <a rel=\"noopener, noreferrer nofollow\" href=\"https:\/\/www.chinadaily.com.cn\/a\/202404\/30\/WS66305b4ca31082fc043c4dc1.html#:~:text=Doellner%20said%20of%20the%20core,percent%20of%20its%20global%20deliveries.\" target=\"_blank\">el 40% de las ventas de todo el mundo<\/a> le llegaban desde China. Pero los fabricantes europeos han sido arrasados por los rivales chinos <a class=\"text-outboundlink\" href=\"https:\/\/www.xataka.com\/movilidad\/hemos-estado-salon-automovil-shanghai-ahora-solo-tenemos-pregunta-cuantas-pantallas-demasiadas-pantallas\" data-vars-post-title=\"Hemos estado en el Sal\u00f3n del Autom\u00f3vil de Shanghai y ahora solo tenemos una pregunta: cu\u00e1ntas pantallas son demasiadas pantallas  \" data-vars-post-url=\"https:\/\/www.xataka.com\/movilidad\/hemos-estado-salon-automovil-shanghai-ahora-solo-tenemos-pregunta-cuantas-pantallas-demasiadas-pantallas\" rel=\"nofollow noopener\" target=\"_blank\">a golpe de pantallas y software<\/a>. Unos fuegos artificiales dentro del coche que en Europa <a class=\"text-outboundlink\" href=\"https:\/\/www.xataka.com\/movilidad\/china-siempre-ha-copiado-tecnologia-occidental-ahora-al-reves-volkswagen-busca-ingenieros-chinos\" data-vars-post-title=\"China siempre ha copiado la tecnolog\u00eda occidental. Ahora es al rev\u00e9s: Volkswagen busca ingenieros chinos\" data-vars-post-url=\"https:\/\/www.xataka.com\/movilidad\/china-siempre-ha-copiado-tecnologia-occidental-ahora-al-reves-volkswagen-busca-ingenieros-chinos\" rel=\"nofollow noopener\" target=\"_blank\">no han sabido leer o comprender<\/a>.\u00a0<\/p>\n<p>Como medida de urgencia, <a rel=\"noopener, noreferrer nofollow\" href=\"https:\/\/www.audi-mediacenter.com\/en\/press-releases\/double-debut-in-shanghai-audi-and-the-audi-e-concept-16359\" target=\"_blank\">Audi anunci\u00f3 el pasado mes de noviembre<\/a> un giro estrat\u00e9gico en su acercamiento a China. Entonces, Gernot D\u00f6llner, CEO de Audi, ya iba dando algunos detalles de lo que pod\u00edamos esperar ver:\u00a0\u00a0<\/p>\n<blockquote><p>\u00abLos clientes premium chinos tienen expectativas distintas: son m\u00e1s j\u00f3venes que en el resto del mundo y m\u00e1s aficionados a la tecnolog\u00eda. Esperan una conectividad l\u00edder, as\u00ed como una conducci\u00f3n automatizada y, lo que es m\u00e1s importante, una experiencia emocionante e inconfundible en un interior que sea familiar y sorprendente a la vez\u00bb.<\/p><\/blockquote>\n<p>Para saciar los deseos chinos, Audi lleg\u00f3 a un acuerdo con SAIC, empresa estatal china con la que Volkswagen tiene una estrecha relaci\u00f3n <a class=\"text-outboundlink\" rel=\"noopener, noreferrer nofollow\" href=\"https:\/\/www.motorpasion.com\/industria\/marcas-europeas-fueron-a-china-a-fabricar-sus-coches-electricos-no-salio-bien-ahora-china-quiere-sus-marcas-solo-fabriquen-china-para-no-cometer-error\" data-vars-post-title=\"Las marcas europeas fueron a China a fabricar sus coches el\u00e9ctricos; no sali\u00f3 bien. Ahora China quiere que sus marcas solo fabriquen en China para no cometer el mismo error\" data-vars-post-url=\"https:\/\/www.motorpasion.com\/industria\/marcas-europeas-fueron-a-china-a-fabricar-sus-coches-electricos-no-salio-bien-ahora-china-quiere-sus-marcas-solo-fabriquen-china-para-no-cometer-error\" target=\"_blank\">desde su asociaci\u00f3n para poder fabricar en el pa\u00eds<\/a>. As\u00ed, la imagen visual de este coche desarrollado entre chinos y europeos ya cambia por completo la imagen que tenemos de los de Ingolstadt en Europa.\u00a0<\/p>\n<p>Llama la atenci\u00f3n el juego lum\u00ednico delantero creado con 942 LEDs y alrededor de 2.000 peque\u00f1os elementos triangulares que ofrecen animaciones din\u00e1micas. En el interior hay un panel que se va hasta las 59 pulgadas, movido por un chip Snapdragon 8295 de Qualcomm. \u00c9ste est\u00e1 formado por diversas pantallas. La central es de 27 pulgadas y tiene resoluci\u00f3n 4K.<\/p>\n<p>                   <img class=\"centro_sinmarco\" height=\"3307\" width=\"4961\" loading=\"lazy\" decoding=\"async\"  fetchpriority=\"high\"  src=\"https:\/\/www.europesays.com\/es\/wp-content\/uploads\/2025\/09\/1758144910_202_450_1000.jpeg\" alt=\"A250524 Large\"\/><\/p>\n<p>                   <img class=\"centro_sinmarco\" height=\"3721\" width=\"4961\" loading=\"lazy\" decoding=\"async\"  fetchpriority=\"high\"  src=\"https:\/\/www.europesays.com\/es\/wp-content\/uploads\/2025\/09\/1758144910_278_450_1000.jpeg\" alt=\"A250534 Large\"\/><\/p>\n<p>Y el equipamiento no se queda atr\u00e1s: asientos ventilados y calefactables, un enorme techo solar, c\u00e1maras 360\u00ba, suspensi\u00f3n adaptativa o sistema de sonido Bose de 18 altavoces. Hay que a\u00f1adir 27 sensores (entre los que se incluyen sensores LiDAR, radares y ultras\u00f3nicos) movidos por un <a rel=\"noopener, noreferrer nofollow\" href=\"https:\/\/www.bitauto.com\/news\/100297946178.html\" target=\"_blank\">chip Orin-X de Nvidia<\/a> que permiten seleccionar modos de conducci\u00f3n semiaut\u00f3noma en ciudad y autopista. La china <a rel=\"noopener, noreferrer nofollow\" href=\"https:\/\/www.enriquedans.com\/2025\/05\/conduccion-autonoma-donde-estamos.html\" target=\"_blank\">Momenta<\/a> tambi\u00e9n forma parte del proyecto para este \u00faltimo cometido.<\/p>\n<p>Todo desde 235.900 yuanes chinos (28.000 euros) con bater\u00eda de 76,2 kWh y motor trasero de 295 CV. La opci\u00f3n m\u00e1s cara es la que monta una bater\u00eda de 100 kWh y doble motor para generar hasta 776 CV de potencia. Esta \u00faltima versi\u00f3n tiene un precio de 319.900 yuanes (37.970 euros).\u00a0<\/p>\n<p>    <a href=\"https:\/\/www.xataka.com\/movilidad\/audi-cerrara-su-primera-fabrica-coches-electricos-motivo-muy-simple-no-venden\" class=\"pivot-outboundlink\" data-vars-post-title=\"Audi cerrar\u00e1 su primera f\u00e1brica de coches el\u00e9ctricos. El motivo es muy simple: no los venden \" rel=\"nofollow noopener\" target=\"_blank\"><br \/>\n     <img loading=\"lazy\" decoding=\"async\" alt=\"Audi cerrar\u00e1 su primera f\u00e1brica de coches el\u00e9ctricos. El motivo es muy simple: no los venden \" width=\"375\" height=\"142\" src=\"https:\/\/www.europesays.com\/es\/wp-content\/uploads\/2025\/09\/1758144910_426_375_142.jpeg\"\/><br \/>\n    <\/a><\/p>\n<p>Es decir, este Audi E5 Sportback no tiene casi nada de Audi. Y, sin embargo, todo indica que por eso est\u00e1 cosechando buenos resultados en China. No est\u00e1 al nivel de marcas como Xiaomi en su acogida pero viendo los resultados de los fabricantes europeos, no se puede decir que no han tomado la decisi\u00f3n correcta.\u00a0<\/p>\n<p>Fotos | Audi<\/p>\n<p>En Xataka |\u00a0<a class=\"text-outboundlink\" href=\"https:\/\/www.xataka.com\/movilidad\/audi-tt-ha-muerto-victima-europa-consumidores-esta-nuestra-carta-amor\" data-vars-post-title=\"El Audi TT ha muerto v\u00edctima de Europa y los consumidores. Esta es nuestra carta de amor\" data-vars-post-url=\"https:\/\/www.xataka.com\/movilidad\/audi-tt-ha-muerto-victima-europa-consumidores-esta-nuestra-carta-amor\" rel=\"nofollow noopener\" target=\"_blank\">El Audi TT ha muerto v\u00edctima de Europa y los consumidores. Esta es nuestra carta de amor<\/a><\/p>\n","protected":false},"excerpt":{"rendered":"Audi ya no es Audi. Al menos en China, aunque algunos se\u00f1alen que su nuevo lenguaje de dise\u00f1o&hellip;\n","protected":false},"author":2,"featured_media":121701,"comment_status":"","ping_status":"","sticky":false,"template":"","format":"standard","meta":{"footnotes":""},"categories":[80],"tags":[82,95,94,25,24,23],"class_list":{"0":"post-121700","1":"post","2":"type-post","3":"status-publish","4":"format-standard","5":"has-post-thumbnail","7":"category-economia","8":"tag-business","9":"tag-economia","10":"tag-economy","11":"tag-es","12":"tag-espana","13":"tag-spain"},"share_on_mastodon":{"url":"","error":""},"_links":{"self":[{"href":"https:\/\/www.europesays.com\/es\/wp-json\/wp\/v2\/posts\/121700","targetHints":{"allow":["GET"]}}],"collection":[{"href":"https:\/\/www.europesays.com\/es\/wp-json\/wp\/v2\/posts"}],"about":[{"href":"https:\/\/www.europesays.com\/es\/wp-json\/wp\/v2\/types\/post"}],"author":[{"embeddable":true,"href":"https:\/\/www.europesays.com\/es\/wp-json\/wp\/v2\/users\/2"}],"replies":[{"embeddable":true,"href":"https:\/\/www.europesays.com\/es\/wp-json\/wp\/v2\/comments?post=121700"}],"version-history":[{"count":0,"href":"https:\/\/www.europesays.com\/es\/wp-json\/wp\/v2\/posts\/121700\/revisions"}],"wp:featuredmedia":[{"embeddable":true,"href":"https:\/\/www.europesays.com\/es\/wp-json\/wp\/v2\/media\/121701"}],"wp:attachment":[{"href":"https:\/\/www.europesays.com\/es\/wp-json\/wp\/v2\/media?parent=121700"}],"wp:term":[{"taxonomy":"category","embeddable":true,"href":"https:\/\/www.europesays.com\/es\/wp-json\/wp\/v2\/categories?post=121700"},{"taxonomy":"post_tag","embeddable":true,"href":"https:\/\/www.europesays.com\/es\/wp-json\/wp\/v2\/tags?post=121700"}],"curies":[{"name":"wp","href":"https:\/\/api.w.org\/{rel}","templated":true}]}}