{"id":121704,"date":"2025-09-17T21:37:22","date_gmt":"2025-09-17T21:37:22","guid":{"rendered":"https:\/\/www.europesays.com\/es\/121704\/"},"modified":"2025-09-17T21:37:22","modified_gmt":"2025-09-17T21:37:22","slug":"la-oficina-de-conflictos-de-intereses-vuelve-a-archivar-la-denuncia-del-pp-contra-sanchez-por-el-rescate-de-air-europa","status":"publish","type":"post","link":"https:\/\/www.europesays.com\/es\/121704\/","title":{"rendered":"La Oficina de Conflictos de Intereses vuelve a archivar la denuncia del PP contra S\u00e1nchez por el rescate de Air Europa"},"content":{"rendered":"<p class=\"article-text\">\n        La Oficina de Conflictos de Intereses ha archivado de nuevo la denuncia presentada por el Partido Popular contra el presidente del Gobierno, Pedro S\u00e1nchez, por haber participado en las reuniones del Consejo de Ministros en las que se acord\u00f3 el rescate a la aerol\u00ednea Air Europa durante la pandemia. El partido de Alberto N\u00fa\u00f1ez Feij\u00f3o denunci\u00f3 al jefe del Ejecutivo por no ausentarse de esas citas en las que se decidi\u00f3 ayudar a la compa\u00f1\u00eda al entender que esta empresa \u201cten\u00eda v\u00ednculos de naturaleza econ\u00f3mica y profesional con su mujer, Bego\u00f1a G\u00f3mez\u201d.\n    <\/p>\n<p>    <a href=\"https:\/\/www.eldiario.es\/politica\/claves-rescate-air-europa-tres-prestamos-frentes-judiciales-via-muerta_1_12305071.html\" data-mrf-recirculation=\"saber-mas\" data-dl-event=\"saber-mas\" rel=\"nofollow noopener\" target=\"_blank\"><\/p>\n<p class=\"know-more__title\">Las claves del rescate a Air Europa: tres pr\u00e9stamos y dos frentes judiciales en v\u00eda muerta<\/p>\n<p>            <img decoding=\"async\" class=\"lazy\" loading=\"lazy\" data-src=\"https:\/\/static.eldiario.es\/clip\/29fd8eda-9387-4a0e-b892-63d24c2618e3_16-9-aspect-ratio_default_0.jpg\" src=\"data:image\/svg+xml,%3Csvg xmlns=\" http:=\"\" viewbox=\"0 0 880 495\" alt=\"Las claves del rescate a Air Europa: tres pr\u00e9stamos y dos frentes judiciales en v\u00eda muerta\"\/><\/p>\n<p>                        <\/a><\/p>\n<p class=\"article-text\">\n        La resoluci\u00f3n de la Oficina de Conflictos de Intereses, dependiente del Ministerio para la Transformaci\u00f3n Digital, determina que dado que la esposa de S\u00e1nchez \u201cno se ha encontrado vinculada por una relaci\u00f3n laboral ni profesional que implicara funciones de direcci\u00f3n, asesoramiento o administraci\u00f3n\u201d ni en Air Europa ni en su matriz Globalia \u201cno concurri\u00f3 el supuesto de hecho legal determinante de la obligaci\u00f3n de abstenci\u00f3n de su c\u00f3nyuge, por lo que se resuelve\u201d.\u00a0\n    <\/p>\n<p class=\"article-text\">\n        El organismo ha tenido que volver a analizar la denuncia despu\u00e9s de que el <a href=\"https:\/\/www.eldiario.es\/politica\/justicia-obliga-gobierno-estudiar-denuncia-pp-begona-gomez-rescate-air-europa_1_12374172.html\" target=\"_blank\" data-mrf-recirculation=\"links-noticia\" class=\"link\" rel=\"nofollow noopener\">Tribunal Superior de Justicia de Madrid (TSJM)<\/a> le instara a examinar a fondo las alegaciones del PP sobre <a href=\"https:\/\/www.eldiario.es\/politica\/claves-rescate-air-europa-tres-prestamos-frentes-judiciales-via-muerta_1_12305071.html\" target=\"_blank\" data-mrf-recirculation=\"links-noticia\" class=\"link\" rel=\"nofollow noopener\">el rescate millonario de Air Europa<\/a> y sobre si S\u00e1nchez tendr\u00eda que haberse abstenido. Los jueces determinaron que la Oficina rechaz\u00f3 la queja de los conservadores sin argumentos suficientes.\n    <\/p>\n<p class=\"article-text\">\n        En la nueva resoluci\u00f3n figura que la Oficina reclam\u00f3 documentaci\u00f3n al Registro Mercantil Central, a la Tesorer\u00eda General de la Seguridad Social, al Ministerio de Presidencia, Justicia y Relaciones con las Cortes y a Globalia. Esta \u00faltima respondi\u00f3 que Bego\u00f1a G\u00f3mez \u201cno ha ocupado ni ocupa ning\u00fan cargo, ni desempe\u00f1a ni ha desempe\u00f1ado ninguna actividad profesional o mercantil en Globalia Corporaci\u00f3n Empresarial, SAU, ni en ninguna de las sociedades integrantes de su grupo empresarial\u201d.\u00a0\n    <\/p>\n<p class=\"article-text\">\n        El rescate de la aerol\u00ednea durante la pandemia se ha convertido en el objetivo de caza mayor tanto de la derecha parlamentaria como de los grupos de extrema derecha que ejercen la acusaci\u00f3n popular en todas las causas judiciales relacionadas con el Gobierno. La decisi\u00f3n del Consejo de Ministros de <a href=\"https:\/\/www.eldiario.es\/economia\/gobierno-rescata-air-europa-475-millones_1_6383489.html\" target=\"_blank\" data-mrf-recirculation=\"links-noticia\" class=\"link\" rel=\"nofollow noopener\">rescatar la compa\u00f1\u00eda de los Hidalgo con 475 millones<\/a> de euros despu\u00e9s de que el coronavirus se llevara por delante la actividad de la aerol\u00ednea. Un pr\u00e9stamo participativo y otro m\u00e1s ordinario.\n    <\/p>\n<p class=\"article-text\">\n        Uno de los grandes objetivos de la derecha ha sido vincular este rescate o bien con Jos\u00e9 Luis \u00c1balos o bien con Bego\u00f1a G\u00f3mez, intentando sin \u00e9xito que diversos juzgados y tribunales investiguen por la v\u00eda penal si alguno de los dos influy\u00f3 de forma irregular en la decisi\u00f3n del Ejecutivo de rescatar la aerol\u00ednea. Ha habido intentos tanto en el \u2018caso Koldo\u2019 como en la causa que dirige el juez Juan Carlos Peinado, a quien <a href=\"https:\/\/www.eldiario.es\/politica\/audiencia-madrid-vuelve-prohibir-peinado-investigue-rescate-air-europa-anula-imputacion-rector-complutense_1_12304952.html\" target=\"_blank\" data-mrf-recirculation=\"links-noticia\" class=\"link\" rel=\"nofollow noopener\">la Audiencia Provincial de Madrid<\/a> ha tenido que repetir en varias ocasiones que no hay nada que investigar a este respecto.\u00a0\n    <\/p>\n<p>    <a href=\"https:\/\/www.eldiario.es\/politica\/justicia-obliga-gobierno-estudiar-denuncia-pp-begona-gomez-rescate-air-europa_1_12374172.html\" data-mrf-recirculation=\"saber-mas-abajo\" data-dl-event=\"saber-mas-abajo\" rel=\"nofollow noopener\" target=\"_blank\"><\/p>\n<p class=\"know-more__title\">La Justicia obliga al Gobierno a estudiar una denuncia del PP sobre Bego\u00f1a G\u00f3mez y el rescate de Air Europa\n<\/p>\n<p>            <img decoding=\"async\" class=\"lazy\" loading=\"lazy\" data-src=\"https:\/\/static.eldiario.es\/clip\/d0725fbb-6ef8-43f1-a5ac-b6be5713e229_16-9-aspect-ratio_default_0.jpg\" src=\"data:image\/svg+xml,%3Csvg xmlns=\" http:=\"\" viewbox=\"0 0 880 495\" alt=\"La Justicia obliga al Gobierno a estudiar una denuncia del PP sobre Bego\u00f1a G\u00f3mez y el rescate de Air Europa\"\/><\/p>\n<p>                        <\/a><\/p>\n<p class=\"article-text\">\n        En el fondo de estas sospechas esgrimidas por Manos Limpias, HazteOir, Vox o el Partido Popular, est\u00e1 la relaci\u00f3n que Bego\u00f1a G\u00f3mez mantuvo con la empresa de Javier Hidalgo. Un pacto firmado en enero de 2020 para sufragar con un patrocinio de 40.000 euros para vuelos, becas y eventos que nunca lleg\u00f3 a ejecutarse por la pandemia. La aerol\u00ednea pag\u00f3 1.716 euros por dos billetes a Londres para que G\u00f3mez y la presidenta del \u00c1frica Center asistieran a un evento. La UCO especific\u00f3 que el \u00fanico v\u00ednculo entre G\u00f3mez e Hidalgo era haber coincidido en dos eventos en el primer a\u00f1o de pandemia.\n    <\/p>\n","protected":false},"excerpt":{"rendered":"La Oficina de Conflictos de Intereses ha archivado de nuevo la denuncia presentada por el Partido Popular contra&hellip;\n","protected":false},"author":2,"featured_media":121705,"comment_status":"","ping_status":"","sticky":false,"template":"","format":"standard","meta":{"footnotes":""},"categories":[8],"tags":[14564,40078,17,18,70,6775,25,24,700,13,14,11,17860,19,20,9,10,15,16,26526,956,786,199,23,12,21,22,739],"class_list":{"0":"post-121704","1":"post","2":"type-post","3":"status-publish","4":"format-standard","5":"has-post-thumbnail","7":"category-espana","8":"tag-air","9":"tag-archivar","10":"tag-breaking-news","11":"tag-breakingnews","12":"tag-conflictos","13":"tag-denuncia","14":"tag-es","15":"tag-espana","16":"tag-europa","17":"tag-featured-news","18":"tag-featurednews","19":"tag-headlines","20":"tag-intereses","21":"tag-latest-news","22":"tag-latestnews","23":"tag-news","24":"tag-noticias","25":"tag-noticias-destacadas","26":"tag-noticiasdestacadas","27":"tag-oficina","28":"tag-pp","29":"tag-rescate","30":"tag-sanchez","31":"tag-spain","32":"tag-titulares","33":"tag-ultimas-noticias","34":"tag-ultimasnoticias","35":"tag-vuelve"},"share_on_mastodon":{"url":"","error":""},"_links":{"self":[{"href":"https:\/\/www.europesays.com\/es\/wp-json\/wp\/v2\/posts\/121704","targetHints":{"allow":["GET"]}}],"collection":[{"href":"https:\/\/www.europesays.com\/es\/wp-json\/wp\/v2\/posts"}],"about":[{"href":"https:\/\/www.europesays.com\/es\/wp-json\/wp\/v2\/types\/post"}],"author":[{"embeddable":true,"href":"https:\/\/www.europesays.com\/es\/wp-json\/wp\/v2\/users\/2"}],"replies":[{"embeddable":true,"href":"https:\/\/www.europesays.com\/es\/wp-json\/wp\/v2\/comments?post=121704"}],"version-history":[{"count":0,"href":"https:\/\/www.europesays.com\/es\/wp-json\/wp\/v2\/posts\/121704\/revisions"}],"wp:featuredmedia":[{"embeddable":true,"href":"https:\/\/www.europesays.com\/es\/wp-json\/wp\/v2\/media\/121705"}],"wp:attachment":[{"href":"https:\/\/www.europesays.com\/es\/wp-json\/wp\/v2\/media?parent=121704"}],"wp:term":[{"taxonomy":"category","embeddable":true,"href":"https:\/\/www.europesays.com\/es\/wp-json\/wp\/v2\/categories?post=121704"},{"taxonomy":"post_tag","embeddable":true,"href":"https:\/\/www.europesays.com\/es\/wp-json\/wp\/v2\/tags?post=121704"}],"curies":[{"name":"wp","href":"https:\/\/api.w.org\/{rel}","templated":true}]}}