{"id":121708,"date":"2025-09-17T21:39:38","date_gmt":"2025-09-17T21:39:38","guid":{"rendered":"https:\/\/www.europesays.com\/es\/121708\/"},"modified":"2025-09-17T21:39:38","modified_gmt":"2025-09-17T21:39:38","slug":"las-virgenes-puso-cuarta-pero-todo-se-define-en-la-quinta","status":"publish","type":"post","link":"https:\/\/www.europesays.com\/es\/121708\/","title":{"rendered":"Las V\u00edrgenes puso cuarta, pero todo se define en la quinta"},"content":{"rendered":"<p>Se disput\u00f3 la cuarta fecha del torneo en Las V\u00edrgenes y cuando solo resta una fecha para el cierre de la fase clasificatoria, ya hay varios que sacaron pasaje a las zonas campeonatos de cada categor\u00eda.<\/p>\n<p><img loading=\"lazy\" decoding=\"async\" class=\"alignnone size-full wp-image-93914\" src=\"https:\/\/toquedeportivo.com\/wp-content\/uploads\/2025\/09\/LAS-VIRGENES-4\u00b0_2.jpg\" alt=\"\" width=\"800\" height=\"452\"  \/><img loading=\"lazy\" decoding=\"async\" class=\"alignnone size-full wp-image-92319\" src=\"https:\/\/www.europesays.com\/es\/wp-content\/uploads\/2025\/08\/fda4779f-8577-464a-84a8-82c4d94bdcc4.jpg\" alt=\"\" width=\"1600\" height=\"810\"  \/><img loading=\"lazy\" decoding=\"async\" class=\"alignnone size-full wp-image-93917\" src=\"https:\/\/toquedeportivo.com\/wp-content\/uploads\/2025\/09\/LAS-VIRGENES-4\u00b0_5.jpg\" alt=\"\" width=\"800\" height=\"451\"  \/><\/p>\n<p>En los Libres ya la semana anterior hab\u00edan asegurado su lugar entre los mejores, Distintos, Cameruccio Motos y Buenos Muchachos, ahora Los Moyos dependen de s\u00ed mismos, ni siquiera tienen que ganar, solo que no le expulsen jugadores y se mete por Fair Play. Adem\u00e1s, quedan dos lugares en la zona B, pero hay cuatro postulantes, todo puede pasar.<\/p>\n<p><img loading=\"lazy\" decoding=\"async\" class=\"alignnone size-full wp-image-93965\" src=\"https:\/\/toquedeportivo.com\/wp-content\/uploads\/2025\/09\/LAS-VIRGENES-4\u00b0_53.jpg\" alt=\"\" width=\"800\" height=\"450\"  \/><img loading=\"lazy\" decoding=\"async\" class=\"alignnone size-full wp-image-90966\" src=\"https:\/\/www.europesays.com\/es\/wp-content\/uploads\/2025\/08\/942ce22b-dcb2-4431-8524-e404f0c6996a.jpg\" alt=\"\" width=\"1165\" height=\"1280\"  \/><img loading=\"lazy\" decoding=\"async\" class=\"alignnone size-full wp-image-93925\" src=\"https:\/\/toquedeportivo.com\/wp-content\/uploads\/2025\/09\/LAS-VIRGENES-4\u00b0_13.jpg\" alt=\"\" width=\"800\" height=\"578\"  \/><\/p>\n<p>En esta jornada, Distintos se impuso con claridad a Cameruccio Motos por 4 a 1manteniendo el puntaje perfecto y la cima. Justamente Los Moyos le ganaron a Chak 3 a 1 y quedaron a un pasito de clasificar en su primer torneo.<\/p>\n<p><img loading=\"lazy\" decoding=\"async\" class=\"alignnone size-full wp-image-93920\" src=\"https:\/\/toquedeportivo.com\/wp-content\/uploads\/2025\/09\/LAS-VIRGENES-4\u00b0_8.jpg\" alt=\"\" width=\"800\" height=\"451\"  \/><img loading=\"lazy\" decoding=\"async\" class=\"alignnone size-full wp-image-91302\" src=\"https:\/\/www.europesays.com\/es\/wp-content\/uploads\/2025\/08\/alimento-para-perro_Mesa-de-trabajo-1-scaled.png\" alt=\"\" width=\"2560\" height=\"567\"  \/><img loading=\"lazy\" decoding=\"async\" class=\"alignnone size-full wp-image-93989\" src=\"https:\/\/toquedeportivo.com\/wp-content\/uploads\/2025\/09\/LAS-VIRGENES-4\u00b0_77.jpg\" alt=\"\" width=\"800\" height=\"451\"  \/><\/p>\n<p>Confluencia por su parte le gan\u00f3 a Real Envido 2 a 1 y necesita aparte de ganar, que pierdan Los Moyos, que le expulsen y amonesten jugadores, y que los senadores se bajen los sueldos, complicado.<\/p>\n<p><img loading=\"lazy\" decoding=\"async\" class=\"alignnone size-full wp-image-93945\" src=\"https:\/\/toquedeportivo.com\/wp-content\/uploads\/2025\/09\/LAS-VIRGENES-4\u00b0_33.jpg\" alt=\"\" width=\"800\" height=\"450\"  \/><img loading=\"lazy\" decoding=\"async\" class=\"alignnone size-full wp-image-91626\" src=\"https:\/\/www.europesays.com\/es\/wp-content\/uploads\/2025\/08\/GOMERIA-scaled.png\" alt=\"\" width=\"2560\" height=\"567\"  \/><img loading=\"lazy\" decoding=\"async\" class=\"alignnone size-full wp-image-93968\" src=\"https:\/\/toquedeportivo.com\/wp-content\/uploads\/2025\/09\/LAS-VIRGENES-4\u00b0_56.jpg\" alt=\"\" width=\"800\" height=\"451\"  \/><\/p>\n<p>Por la zona B, Buenos Muchachos tambi\u00e9n mantiene el rendimiento ideal, ahora derrot\u00f3 a Vimar por la m\u00ednima y espera tranquilo el pase a la zona campeonato. Punto Carne gole\u00f3 a El Rejunte 5 a 0 y quiere clasificarse, al igual que Transporte Bautista que le gan\u00f3 a TM 413 2 a 0 y ambos tienen aspiraciones.<\/p>\n<p><img loading=\"lazy\" decoding=\"async\" class=\"alignnone size-full wp-image-93915\" src=\"https:\/\/toquedeportivo.com\/wp-content\/uploads\/2025\/09\/LAS-VIRGENES-4\u00b0_3.jpg\" alt=\"\" width=\"800\" height=\"450\"  \/><img loading=\"lazy\" decoding=\"async\" class=\"alignnone size-full wp-image-91765\" src=\"https:\/\/www.europesays.com\/es\/wp-content\/uploads\/2025\/08\/843db896-d103-4350-933b-6b01660412d6.jpg\" alt=\"\" width=\"1080\" height=\"1080\"  \/><img loading=\"lazy\" decoding=\"async\" class=\"alignnone size-full wp-image-93931\" src=\"https:\/\/toquedeportivo.com\/wp-content\/uploads\/2025\/09\/LAS-VIRGENES-4\u00b0_19.jpg\" alt=\"\" width=\"800\" height=\"451\"  \/><\/p>\n<p>En los S\u00faper \u00abV\u00bb, Intratables y FAS ya est\u00e1n adentro, Los Chelos y la UEC a un pasito, los dem\u00e1s todos tienen una m\u00ednima chance de clasificar, ser\u00e1 una fecha apasionante.<\/p>\n<p><img loading=\"lazy\" decoding=\"async\" class=\"alignnone size-full wp-image-93962\" src=\"https:\/\/toquedeportivo.com\/wp-content\/uploads\/2025\/09\/LAS-VIRGENES-4\u00b0_50.jpg\" alt=\"\" width=\"800\" height=\"451\"  \/><img loading=\"lazy\" decoding=\"async\" class=\"alignnone size-full wp-image-93487\" src=\"https:\/\/www.europesays.com\/es\/wp-content\/uploads\/2025\/08\/0366582b-67ad-47dd-8651-4353b2e7dc24.jpg\" alt=\"\" width=\"1024\" height=\"1536\"  \/><img loading=\"lazy\" decoding=\"async\" class=\"alignnone size-full wp-image-93954\" src=\"https:\/\/toquedeportivo.com\/wp-content\/uploads\/2025\/09\/LAS-VIRGENES-4\u00b0_42.jpg\" alt=\"\" width=\"800\" height=\"451\"  \/><\/p>\n<p>El \u00faltimo s\u00e1bado, la UEC y De Primera finalizaron 1 a 1, Mientras que Intratables derrot\u00f3 por la m\u00ednima a Fletes Celso logrando la clasificaci\u00f3n en la zona A.<\/p>\n<p><img loading=\"lazy\" decoding=\"async\" class=\"alignnone size-full wp-image-93973\" src=\"https:\/\/toquedeportivo.com\/wp-content\/uploads\/2025\/09\/LAS-VIRGENES-4\u00b0_61.jpg\" alt=\"\" width=\"800\" height=\"450\"  \/><img loading=\"lazy\" decoding=\"async\" class=\"alignnone size-full wp-image-90378\" src=\"https:\/\/www.europesays.com\/es\/wp-content\/uploads\/2025\/08\/INDISUR-FINAL.png\" alt=\"\" width=\"4750\" height=\"605\"  \/><img loading=\"lazy\" decoding=\"async\" class=\"alignnone size-full wp-image-93981\" src=\"https:\/\/toquedeportivo.com\/wp-content\/uploads\/2025\/09\/LAS-VIRGENES-4\u00b0_69.jpg\" alt=\"\" width=\"800\" height=\"450\"  \/><\/p>\n<p>Por el grupo B, FAS Electricidad baj\u00f3 a Los Chelos, el ex puntero, le gan\u00f3 1-0 y tambi\u00e9n asegur\u00f3 un lugar en el top de la categor\u00eda. Por su parte Bombas Barchiesi que estaba casi afuera, meti\u00f3 un triunfazo ante Mercaditto Colombatti tambi\u00e9n 1-0 y revivi\u00f3 para pelear en la fecha final.<\/p>\n<p><img loading=\"lazy\" decoding=\"async\" class=\"alignnone size-full wp-image-93960\" src=\"https:\/\/toquedeportivo.com\/wp-content\/uploads\/2025\/09\/LAS-VIRGENES-4\u00b0_48.jpg\" alt=\"\" width=\"800\" height=\"451\"  \/><img loading=\"lazy\" decoding=\"async\" class=\"size-full wp-image-89713 aligncenter\" src=\"https:\/\/www.europesays.com\/es\/wp-content\/uploads\/2025\/08\/barchiesi2.jpg\" alt=\"\" width=\"634\" height=\"357\"\/><img loading=\"lazy\" decoding=\"async\" class=\"alignnone size-full wp-image-93916\" src=\"https:\/\/toquedeportivo.com\/wp-content\/uploads\/2025\/09\/LAS-VIRGENES-4\u00b0_4.jpg\" alt=\"\" width=\"800\" height=\"450\"  \/><\/p>\n<p>Pasamos a los Seniors, los hombres de mayor experiencia en el torneo y en la vida. A puro empate en la jornada sabatina, el l\u00edder Claus igual\u00f3 ante Toledo Electricidad 1 a 1, mientras que Lubricentro Lubricar hizo lo propio frente a Adamo pero 2-2, nada cambi\u00f3 entre los de arriba, el que sac\u00f3 provecho fue Materiales 9 de Julio que derrot\u00f3 ajustadamente a Radiadores Jos\u00e9 2 a 1 y de sostener la tabla ahora se meti\u00f3 en el entrevero.<\/p>\n<p><img loading=\"lazy\" decoding=\"async\" class=\"alignnone size-full wp-image-93969\" src=\"https:\/\/toquedeportivo.com\/wp-content\/uploads\/2025\/09\/LAS-VIRGENES-4\u00b0_57.jpg\" alt=\"\" width=\"800\" height=\"451\"  \/><img loading=\"lazy\" decoding=\"async\" class=\"size-full wp-image-68297 aligncenter\" src=\"https:\/\/www.europesays.com\/es\/wp-content\/uploads\/2025\/08\/cameruccio.jpg\" alt=\"\" width=\"670\" height=\"109\"\/><img loading=\"lazy\" decoding=\"async\" class=\"alignnone size-full wp-image-93964\" src=\"https:\/\/toquedeportivo.com\/wp-content\/uploads\/2025\/09\/LAS-VIRGENES-4\u00b0_52.jpg\" alt=\"\" width=\"800\" height=\"451\"  \/><\/p>\n<p>Finalmente, analizamos la categor\u00eda Veteranos, la de mayor conflictividad interna de los players, su cabeza les dice que son Messi, pero el cuerpito no acompa\u00f1a. Ya clasificados se encuentran Goma Sur, la UEC, y Firuletes. Quedan dos lugares para cuatro postulantes.<\/p>\n<p><img loading=\"lazy\" decoding=\"async\" class=\"alignnone size-full wp-image-93951\" src=\"https:\/\/toquedeportivo.com\/wp-content\/uploads\/2025\/09\/LAS-VIRGENES-4\u00b0_39.jpg\" alt=\"\" width=\"800\" height=\"450\"  \/><img loading=\"lazy\" decoding=\"async\" class=\"alignnone size-full wp-image-67193\" src=\"https:\/\/www.europesays.com\/es\/wp-content\/uploads\/2025\/08\/robertino-1.jpg\" alt=\"\" width=\"1200\" height=\"160\"  \/><img loading=\"lazy\" decoding=\"async\" class=\"alignnone size-full wp-image-93985\" src=\"https:\/\/toquedeportivo.com\/wp-content\/uploads\/2025\/09\/LAS-VIRGENES-4\u00b0_73.jpg\" alt=\"\" width=\"800\" height=\"451\"  \/><\/p>\n<p>En la jornada Goma Sur gole\u00f3 al campe\u00f3n Demuru Seguro 5 a 2, mantiene el puntaje perfecto y clasific\u00f3. Por su parte Radiadores Jos\u00e9 se despeg\u00f3 del fondo al meterle un p\u00f3ker de goles a Asami (4-1) y alimentar la ilusi\u00f3n, aunque bastante lejana de clasificar.<\/p>\n<p><img loading=\"lazy\" decoding=\"async\" class=\"alignnone size-full wp-image-93963\" src=\"https:\/\/toquedeportivo.com\/wp-content\/uploads\/2025\/09\/LAS-VIRGENES-4\u00b0_51.jpg\" alt=\"\" width=\"800\" height=\"451\"  \/><img loading=\"lazy\" decoding=\"async\" class=\"size-full wp-image-67177 aligncenter\" src=\"https:\/\/www.europesays.com\/es\/wp-content\/uploads\/2025\/09\/eltrevol.jpg\" alt=\"\" width=\"431\" height=\"260\"\/><img loading=\"lazy\" decoding=\"async\" class=\"alignnone size-full wp-image-93935\" src=\"https:\/\/toquedeportivo.com\/wp-content\/uploads\/2025\/09\/LAS-VIRGENES-4\u00b0_23.jpg\" alt=\"\" width=\"800\" height=\"450\"  \/><\/p>\n<p>Por el Interzonal, la UEC venci\u00f3 a otro campe\u00f3n, Hay Equipo por 2 a 1, para meterse de lleno en la pr\u00f3xima fase entre los mejores.<\/p>\n<p><img loading=\"lazy\" decoding=\"async\" class=\"alignnone size-full wp-image-93979\" src=\"https:\/\/toquedeportivo.com\/wp-content\/uploads\/2025\/09\/LAS-VIRGENES-4\u00b0_67.jpg\" alt=\"\" width=\"800\" height=\"451\"  \/><img loading=\"lazy\" decoding=\"async\" class=\"size-full wp-image-68094 aligncenter\" src=\"https:\/\/www.europesays.com\/es\/wp-content\/uploads\/2025\/08\/Radiadores.jpg\" alt=\"\" width=\"669\" height=\"109\"\/><img loading=\"lazy\" decoding=\"async\" class=\"alignnone size-full wp-image-93976\" src=\"https:\/\/toquedeportivo.com\/wp-content\/uploads\/2025\/09\/LAS-VIRGENES-4\u00b0_64.jpg\" alt=\"\" width=\"800\" height=\"450\"  \/><\/p>\n<p>Para el cierre, la zona B, Firuletes en un partidazo de hacha y tiza, dir\u00eda mi abuelo, le gan\u00f3 a La Vinoteca, un cl\u00e1sico de la categor\u00eda por 2 a 1 y ya est\u00e1 clasificado. Lubricantes Lucas y Fletes Celso se llenaron a goles brindando un gran espect\u00e1culo que finaliz\u00f3 con los dos coleros empardando en tres.<\/p>\n<p><img loading=\"lazy\" decoding=\"async\" class=\"alignnone size-full wp-image-93932\" src=\"https:\/\/toquedeportivo.com\/wp-content\/uploads\/2025\/09\/LAS-VIRGENES-4\u00b0_20.jpg\" alt=\"\" width=\"800\" height=\"451\"  \/><img loading=\"lazy\" decoding=\"async\" class=\"alignnone size-full wp-image-69584\" src=\"https:\/\/www.europesays.com\/es\/wp-content\/uploads\/2025\/08\/1755704016_386_layunta.gif\" alt=\"\" width=\"1000\" height=\"250\"\/><img loading=\"lazy\" decoding=\"async\" class=\"alignnone size-full wp-image-93921\" src=\"https:\/\/toquedeportivo.com\/wp-content\/uploads\/2025\/09\/LAS-VIRGENES-4\u00b0_9.jpg\" alt=\"\" width=\"800\" height=\"451\"  \/><\/p>\n<p>Se viene la fecha final de la fase clasificatoria, varios ya clasificados y otros tantos con posibilidades, recordemos que venimos a divertirnos, quedar en la zona de arriba o en la de abajo, es un detalle, lo importante son los asados y el riego en estos que compartimos con nuestros compa\u00f1eros. Abrazo de gol para todos.<\/p>\n<p>Por Fabi\u00e1n Segura\/Toquedeportivo.com<\/p>\n<p><img loading=\"lazy\" decoding=\"async\" class=\"alignnone size-full wp-image-93930\" src=\"https:\/\/toquedeportivo.com\/wp-content\/uploads\/2025\/09\/LAS-VIRGENES-4\u00b0_18.jpg\" alt=\"\" width=\"800\" height=\"450\"  \/><img loading=\"lazy\" decoding=\"async\" class=\"size-full wp-image-89702 aligncenter\" src=\"https:\/\/www.europesays.com\/es\/wp-content\/uploads\/2025\/08\/1755704011_727_Sin-titulo-1.jpg\" alt=\"\" width=\"550\" height=\"690\"\/><img loading=\"lazy\" decoding=\"async\" class=\"alignnone size-full wp-image-93944\" src=\"https:\/\/toquedeportivo.com\/wp-content\/uploads\/2025\/09\/LAS-VIRGENES-4\u00b0_32.jpg\" alt=\"\" width=\"800\" height=\"451\"  \/><img loading=\"lazy\" decoding=\"async\" class=\"size-full wp-image-86115 aligncenter\" src=\"https:\/\/www.europesays.com\/es\/wp-content\/uploads\/2025\/08\/7e9fd542-22e1-4162-9972-ebbb7f5be4e7.jpeg\" alt=\"\" width=\"640\" height=\"640\"  \/><img loading=\"lazy\" decoding=\"async\" class=\"alignnone size-full wp-image-93947\" src=\"https:\/\/toquedeportivo.com\/wp-content\/uploads\/2025\/09\/LAS-VIRGENES-4\u00b0_35.jpg\" alt=\"\" width=\"800\" height=\"451\"  \/><\/p>\n<p>Goleadores<\/p>\n<p>Libres A: Juli\u00e1n Gil (Cameruccio Motos) 9 goles<\/p>\n<p>Libres B: Franco Leguizamon (Alfajores Vimar) 6 goles<\/p>\n<p>S\u00faper \u00abV\u00bb Zona A: Jorge Cervera (UEC) 4 goles<\/p>\n<p>S\u00faper \u00abV\u00bb Zona B: D. Gonz\u00e1lez (Los Chelos), A. Montoro (Dietetica), y D. Corvalan (FAS) 2 goles<\/p>\n<p>Seniors: Oscar Camacho (Adamo) 4 goles<\/p>\n<p>Veteranos A: D. Riera (Demuru), C. Castro y F. Pasten (Goma Sur) 3 goles<\/p>\n<p>Veteranos B: Guillermo Macheroni (La Vinoteca) 5 goles<\/p>\n<p><img loading=\"lazy\" decoding=\"async\" class=\"alignnone size-full wp-image-92783\" src=\"https:\/\/www.europesays.com\/es\/wp-content\/uploads\/2025\/08\/79dddde3-7549-4d76-8816-8e3d5e3bad92.jpg\" alt=\"\" width=\"2048\" height=\"2560\"  \/><\/p>\n<p><img loading=\"lazy\" decoding=\"async\" class=\"alignnone size-full wp-image-93952\" src=\"https:\/\/toquedeportivo.com\/wp-content\/uploads\/2025\/09\/LAS-VIRGENES-4\u00b0_40.jpg\" alt=\"\" width=\"800\" height=\"451\"  \/><img loading=\"lazy\" decoding=\"async\" class=\"alignnone size-full wp-image-80287\" src=\"https:\/\/www.europesays.com\/es\/wp-content\/uploads\/2025\/08\/60166f71-d7e7-4c6e-b2a0-6e16b607edaa.jpg\" alt=\"\" width=\"800\" height=\"399\"  \/><img loading=\"lazy\" decoding=\"async\" class=\"alignnone size-full wp-image-93957\" src=\"https:\/\/toquedeportivo.com\/wp-content\/uploads\/2025\/09\/LAS-VIRGENES-4\u00b0_45.jpg\" alt=\"\" width=\"800\" height=\"451\"  \/><img loading=\"lazy\" decoding=\"async\" class=\"alignnone size-full wp-image-83984\" src=\"https:\/\/www.europesays.com\/es\/wp-content\/uploads\/2025\/08\/goma_sur.jpg\" alt=\"\" width=\"1280\" height=\"957\"  \/><img loading=\"lazy\" decoding=\"async\" class=\"alignnone size-full wp-image-93991\" src=\"https:\/\/toquedeportivo.com\/wp-content\/uploads\/2025\/09\/LAS-VIRGENES-4\u00b0_79.jpg\" alt=\"\" width=\"800\" height=\"450\"  \/><img loading=\"lazy\" decoding=\"async\" class=\"size-full wp-image-68096 aligncenter\" src=\"https:\/\/www.europesays.com\/es\/wp-content\/uploads\/2025\/08\/c960dac7-9c36-464b-8005-9406c8e81b87-e1647375164868.jpg\" alt=\"\" width=\"300\" height=\"369\"\/><\/p>\n<p>Posiciones<\/p>\n<p><img loading=\"lazy\" decoding=\"async\" class=\"size-full wp-image-93911 alignleft\" src=\"https:\/\/www.europesays.com\/es\/wp-content\/uploads\/2025\/09\/image002-5.png\" alt=\"\" width=\"374\" height=\"902\"\/><\/p>\n<p>Pr\u00f3xima fecha (5\u00b0)<br \/>\nLibres A<\/p>\n<p>Cameruccio Motos vs. Los Moyos (1\u00b0)<\/p>\n<p>Distintos vs. Real Envido (2\u00b0)<\/p>\n<p>Chak vs. Confluencia (3\u00b0)<\/p>\n<p>Libres B<\/p>\n<p>Vimar vs. P. Carne (1\u00b0)<\/p>\n<p>B. Muchachos vs. TM 413 (2\u00b0)<\/p>\n<p>El Rejunte vs. T. Bautista (3\u00b0)<\/p>\n<p>S\u00faper \u00abV\u00bb Zona A<\/p>\n<p>UEC vs. Fletes Celso (2\u00b0)<\/p>\n<p>De Primera vs. D. M\u00e9dico (3\u00b0)<\/p>\n<p>S\u00faper \u00abV\u00bb Zona B<\/p>\n<p>Colombatti vs. Diet\u00e9tica (1\u00b0)<\/p>\n<p>Bombas Barchiesi vs. Los Chelos (3\u00b0)<\/p>\n<p>Seniors<\/p>\n<p>Toledo vs. Lubricentro Lubricar (1\u00b0)<\/p>\n<p>Claus vs. M. 9 de Julio (2\u00b0)<\/p>\n<p>Adamo vs. Acopio Indisur (3\u00b0)<\/p>\n<p>Veteranos A<\/p>\n<p>Goma Sur vs. UEC (1\u00b0)<\/p>\n<p>Demuru vs. Asami (2\u00b0)<\/p>\n<p>Veteranos B<\/p>\n<p>Lubricantes Lucas vs. Hay Equipo (1\u00b0)<\/p>\n<p>Fletes Celso vs. La Vinoteca (2\u00b0)<\/p>\n<p>Interzonal<\/p>\n<p>Radiadores Jos\u00e9 vs. Firuletes (3\u00b0)<\/p>\n<p><img loading=\"lazy\" decoding=\"async\" class=\"alignnone size-full wp-image-93987\" src=\"https:\/\/toquedeportivo.com\/wp-content\/uploads\/2025\/09\/LAS-VIRGENES-4\u00b0_75.jpg\" alt=\"\" width=\"800\" height=\"451\"  \/><img loading=\"lazy\" decoding=\"async\" class=\"alignnone size-full wp-image-70438\" src=\"https:\/\/www.europesays.com\/es\/wp-content\/uploads\/2025\/08\/banner_abogados.jpg\" alt=\"\" width=\"960\" height=\"960\"  \/><img loading=\"lazy\" decoding=\"async\" class=\"alignnone size-full wp-image-93923\" src=\"https:\/\/toquedeportivo.com\/wp-content\/uploads\/2025\/09\/LAS-VIRGENES-4\u00b0_11.jpg\" alt=\"\" width=\"800\" height=\"451\"  \/><img loading=\"lazy\" decoding=\"async\" class=\"alignnone size-full wp-image-90548\" src=\"https:\/\/www.europesays.com\/es\/wp-content\/uploads\/2025\/08\/aaa6dd5d-8bc2-459d-9e40-4c41109ed855.jpg\" alt=\"\" width=\"900\" height=\"1600\"  \/><\/p>\n<p>Galer\u00eda de im\u00e1genes<\/p>\n<p><a target=\"_blank\" href=\"https:\/\/wa.link\/aqk96o\" title=\"fas_2\" rel=\"nofollow noopener\"><img decoding=\"async\" src=\"https:\/\/www.europesays.com\/es\/wp-content\/uploads\/2025\/09\/fas_2.gif\" title=\"fas_2\"\/><\/a><\/p>\n","protected":false},"excerpt":{"rendered":"Se disput\u00f3 la cuarta fecha del torneo en Las V\u00edrgenes y cuando solo resta una fecha para el&hellip;\n","protected":false},"author":2,"featured_media":121709,"comment_status":"","ping_status":"","sticky":false,"template":"","format":"standard","meta":{"footnotes":""},"categories":[278],"tags":[376,168,25,24,375,23,167],"class_list":{"0":"post-121708","1":"post","2":"type-post","3":"status-publish","4":"format-standard","5":"has-post-thumbnail","7":"category-balonmano","8":"tag-balonmano","9":"tag-deportes","10":"tag-es","11":"tag-espana","12":"tag-handball","13":"tag-spain","14":"tag-sports"},"share_on_mastodon":{"url":"","error":""},"_links":{"self":[{"href":"https:\/\/www.europesays.com\/es\/wp-json\/wp\/v2\/posts\/121708","targetHints":{"allow":["GET"]}}],"collection":[{"href":"https:\/\/www.europesays.com\/es\/wp-json\/wp\/v2\/posts"}],"about":[{"href":"https:\/\/www.europesays.com\/es\/wp-json\/wp\/v2\/types\/post"}],"author":[{"embeddable":true,"href":"https:\/\/www.europesays.com\/es\/wp-json\/wp\/v2\/users\/2"}],"replies":[{"embeddable":true,"href":"https:\/\/www.europesays.com\/es\/wp-json\/wp\/v2\/comments?post=121708"}],"version-history":[{"count":0,"href":"https:\/\/www.europesays.com\/es\/wp-json\/wp\/v2\/posts\/121708\/revisions"}],"wp:featuredmedia":[{"embeddable":true,"href":"https:\/\/www.europesays.com\/es\/wp-json\/wp\/v2\/media\/121709"}],"wp:attachment":[{"href":"https:\/\/www.europesays.com\/es\/wp-json\/wp\/v2\/media?parent=121708"}],"wp:term":[{"taxonomy":"category","embeddable":true,"href":"https:\/\/www.europesays.com\/es\/wp-json\/wp\/v2\/categories?post=121708"},{"taxonomy":"post_tag","embeddable":true,"href":"https:\/\/www.europesays.com\/es\/wp-json\/wp\/v2\/tags?post=121708"}],"curies":[{"name":"wp","href":"https:\/\/api.w.org\/{rel}","templated":true}]}}