{"id":121718,"date":"2025-09-17T21:46:11","date_gmt":"2025-09-17T21:46:11","guid":{"rendered":"https:\/\/www.europesays.com\/es\/121718\/"},"modified":"2025-09-17T21:46:11","modified_gmt":"2025-09-17T21:46:11","slug":"el-casademont-zaragoza-captura-la-primera-victoria-de-la-pretemporada","status":"publish","type":"post","link":"https:\/\/www.europesays.com\/es\/121718\/","title":{"rendered":"El Casademont Zaragoza captura la primera victoria de la pretemporada"},"content":{"rendered":"<p>            El Casademont Zaragoza captura la primera victoria de la pretemporada                <\/p>\n<p>El Casademont Zaragoza captura la primera victoria de la pretemporada<\/p>\n<p class=\"epigraph\">El conjunto aragon\u00e9s remonta en los minutos finales y derrota al Bilbao Basket en Ejea (94-88)<\/p>\n<p class=\"paragraph\">Pintaba mal, muy mal, el temita cuando a falta de seis minutos y 34 segundos para el bocinazo (72-81) Erik Stevenson perpetr\u00f3 una antideportiva sobre un Amar Sylla que se dispon\u00eda a mancillar el aro aragon\u00e9s. El escalofr\u00edo tras la ca\u00edda de Sylla se transform\u00f3 en alivio cuando el senegal\u00e9s se levant\u00f3 sin mayores problemas. Despu\u00e9s, solo anot\u00f3 un tiro libre, fall\u00f3 el otro y desperdici\u00f3 la bola posterior. Todo el personal le explic\u00f3 a Stevenson que as\u00ed no. Adem\u00e1s del consejo a este alero que tanto promete, el c\u00f3nclave aragon\u00e9s decidi\u00f3 jugar los minutos finales con cuatro peque\u00f1os para intentar remontar un partido que ten\u00eda ganado el Bilbao Basket. <b>Acert\u00f3 Ram\u00edrez con un baloncesto final agresivo, disruptivo, que logr\u00f3 el colapso rival cuando ya todo parec\u00eda perdido. Al final 94-88, primer triunfo veraniego y bastantes razones para comenzar a creer en el inicio del segundo tramo de la pretemporada.<\/b><\/p>\n<p>            Conforme a los criterios de<br \/>\n            <a class=\"trustproject_img\" id=\"trustproject_img\" href=\"https:\/\/thetrustproject.org\/\" target=\"_blank\" rel=\"nofollow noopener\" aria-label=\"Trust Project\"><img decoding=\"async\" loading=\"lazy\" src=\"https:\/\/www.heraldo.es\/images\/Trust-Logo-Horizontal.svg\" alt=\"Logo Trust Project\" width=\"200\" height=\"34\"\/><\/a><\/p>\n<p>        <a href=\"https:\/\/www.henneo.com\/\" title=\"Grupo Henneo\" class=\"logo\" rel=\"nofollow noopener\" target=\"_blank\"><br \/>\n            <img decoding=\"async\" src=\"https:\/\/www.heraldo.es\/images\/logo_henneo_gris.svg\" alt=\"Logo Henneo\" width=\"559\" height=\"389\" loading=\"lazy\"\/><br \/>\n        <\/a><\/p>\n<p>\u00a9 HERALDO DE ARAGON EDITORA, S.L.U.<br \/>Tel\u00e9fono 976 765 000 \/ &#8211; P\u00ba. Independencia, 29, 50001 Zaragoza &#8211; CIF: B99288763 &#8211; Inscrita en el Registro Mercantil de Zaragoza al Tomo 3796, Libro 0, Folio 177, Secci\u00f3n 8, Hoja Z-50564<br \/>Queda prohibida toda reproducci\u00f3n sin permiso escrito de la empresa a los efectos del art\u00edculo 32.1, p\u00e1rrafo segundo, de la Ley de Propiedad Intelectual<\/p>\n<p>\n                P\u00ba Independencia, 29, 50001 Zaragoza<br \/> Tel\u00e9fono 976 765 000\n            <\/p>\n<p>                    Actualmente tu navegador no permite ejecutar JavaScript. Para poder disfrutar de nuestro contenido es necesario que lo permita.<br \/>\n                                        <img decoding=\"async\" loading=\"lazy\" alt=\"Heraldo logo\" src=\"https:\/\/dkumiip2e9ary.cloudfront.net\/xalok\/heraldo\/especiales\/hola-de-nuevo\/logo-heraldo.svg\" width=\"215\" height=\"43\"\/><\/p>\n","protected":false},"excerpt":{"rendered":"El Casademont Zaragoza captura la primera victoria de la pretemporada El Casademont Zaragoza captura la primera victoria de&hellip;\n","protected":false},"author":2,"featured_media":121719,"comment_status":"","ping_status":"","sticky":false,"template":"","format":"standard","meta":{"footnotes":""},"categories":[269],"tags":[299,298,2511,168,25,24,961,1078,23,167,1261,491],"class_list":{"0":"post-121718","1":"post","2":"type-post","3":"status-publish","4":"format-standard","5":"has-post-thumbnail","7":"category-baloncesto","8":"tag-baloncesto","9":"tag-basketball","10":"tag-casademont","11":"tag-deportes","12":"tag-es","13":"tag-espana","14":"tag-pretemporada","15":"tag-primera","16":"tag-spain","17":"tag-sports","18":"tag-victoria","19":"tag-zaragoza"},"share_on_mastodon":{"url":"","error":""},"_links":{"self":[{"href":"https:\/\/www.europesays.com\/es\/wp-json\/wp\/v2\/posts\/121718","targetHints":{"allow":["GET"]}}],"collection":[{"href":"https:\/\/www.europesays.com\/es\/wp-json\/wp\/v2\/posts"}],"about":[{"href":"https:\/\/www.europesays.com\/es\/wp-json\/wp\/v2\/types\/post"}],"author":[{"embeddable":true,"href":"https:\/\/www.europesays.com\/es\/wp-json\/wp\/v2\/users\/2"}],"replies":[{"embeddable":true,"href":"https:\/\/www.europesays.com\/es\/wp-json\/wp\/v2\/comments?post=121718"}],"version-history":[{"count":0,"href":"https:\/\/www.europesays.com\/es\/wp-json\/wp\/v2\/posts\/121718\/revisions"}],"wp:featuredmedia":[{"embeddable":true,"href":"https:\/\/www.europesays.com\/es\/wp-json\/wp\/v2\/media\/121719"}],"wp:attachment":[{"href":"https:\/\/www.europesays.com\/es\/wp-json\/wp\/v2\/media?parent=121718"}],"wp:term":[{"taxonomy":"category","embeddable":true,"href":"https:\/\/www.europesays.com\/es\/wp-json\/wp\/v2\/categories?post=121718"},{"taxonomy":"post_tag","embeddable":true,"href":"https:\/\/www.europesays.com\/es\/wp-json\/wp\/v2\/tags?post=121718"}],"curies":[{"name":"wp","href":"https:\/\/api.w.org\/{rel}","templated":true}]}}