{"id":121722,"date":"2025-09-17T21:48:12","date_gmt":"2025-09-17T21:48:12","guid":{"rendered":"https:\/\/www.europesays.com\/es\/121722\/"},"modified":"2025-09-17T21:48:12","modified_gmt":"2025-09-17T21:48:12","slug":"la-serie-por-la-que-sylvester-stallone-aplazo-su-jubilacion-es-renovada-por-una-cuarta-temporada","status":"publish","type":"post","link":"https:\/\/www.europesays.com\/es\/121722\/","title":{"rendered":"La serie por la que Sylvester Stallone aplaz\u00f3 su jubilaci\u00f3n es renovada por una cuarta temporada"},"content":{"rendered":"<p class=\"c-paragraph\"><b\/>El fracaso de <b>Los mercen4rios<\/b>, en paralelo al abandono forzado de sus sagas fetiche (esto es, <b>Rocky y Rambo<\/b>), har\u00eda parecer que a Sylvester Stallone no le queda nada que hacer en el cine. Es lo que le llev\u00f3 a plantearse la jubilaci\u00f3n, pero hete aqu\u00ed que la estrella fue convocada por <b>Dave Erickson <\/b>y el todopoderoso<b> Taylor Sheridan<\/b> (art\u00edfice del universo <b>Yellowstone<\/b>) para protagonizar una serie de g\u00e1ngsters. Se trataba de <b>Tulsa King<\/b>, donde Stallone vino a interpretar a Dwight Manfredi. Alias \u2018El General\u2019: un antiguo jefe de la mafia exiliado en Oklahoma.<\/p>\n<p class=\"c-paragraph\">Ah\u00ed el personaje de Stallone quiso construir su propio imperio, dedic\u00e1ndose Tulsa King a narrar estos esfuerzos mientras se convert\u00eda en la serie original m\u00e1s vista de <b>Paramount+<\/b>. Con el estreno de su segunda temporada la plataforma alcanz\u00f3 un r\u00e9cord de<b> 21.1 millones de espectadores<\/b>, convenciendo a Stallone de posponer la retirada para dedicarse en cuerpo y alma a la serie. As\u00ed que, mientras Erickson y Sheridan empezaban a darle vueltas a un posible spin-off, Stallone intent\u00f3 que Paramount renovara por partida doble Tulsa King.<\/p>\n<p class=\"c-paragraph\">Esto es, que la compa\u00f1\u00eda diera luz verde a la producci\u00f3n de dos temporadas seguidas,<b> la tercera y la cuarta<\/b>. Esto no fue posible en su d\u00eda y el desarrollo ha continuado a un ritmo normal, pero ahora que la tercera temporada est\u00e1 a punto de estrenarse (ser\u00e1 <b>este domingo<\/b>), podemos confirmar que Tulsa King tambi\u00e9n tendr\u00e1 una cuarta. As\u00ed lo ha confirmado <a href=\"https:\/\/www.hollywoodreporter.com\/tv\/tv-news\/tulsa-king-renewed-season-4-1236372900\/\" rel=\"nofollow noreferrer noopener\" target=\"_blank\">Hollywood Reporter<\/a>, con la acelerada renovaci\u00f3n de Tulsa King en v\u00edsperas de que la tercera revalide la apuesta de Paramount+.<\/p>\n<p class=\"c-paragraph\">La sinopsis de la temporada que se estrena de forma inminente es la que sigue: \u201cEl imperio de Dwight se expande, al igual que sus enemigos y los riesgos para su equipo. Ahora se enfrenta a sus adversarios m\u00e1s peligrosos hasta la fecha en Tulsa: <b>los Dunmire<\/b>, una poderosa familia de dinero antiguo que no sigue las reglas del viejo mundo, lo que obliga a Dwight a luchar por todo lo que ha construido y a proteger a su familia\u201d.<\/p>\n<p class=\"c-paragraph\">Podemos suponer que la temporada ya fue planteada con visos a la renovaci\u00f3n por una cuarta, as\u00ed que el plan de Stallone prosigue con buen pie mientras junto a \u00e9l regresan en el reparto <b>Annabella Sciorra, Vincent Piazza, Frank Grillo, Garrett Hedlund<\/b> o <b>Robert Patrick<\/b>. Pero entretanto, \u00bfqu\u00e9 hay de aquel spin-off? Pues resulta que esta tercera temporada tambi\u00e9n presentar\u00e1 en alg\u00fan punto a un nuevo personaje llamado Russell Lee Washington Jr., interpretado nada menos que por <b>Samuel L. Jackson<\/b>.<\/p>\n<p class=\"c-paragraph\">Ser\u00e1 la introducci\u00f3n de nada menos que el protagonista del confirmado spin-off de Tulsa King, titulado<b> <\/b><b>NOLA King<\/b>. El cual ya est\u00e1 en marcha, y conociendo como se las gasta Sheridan lo mismo no es el \u00fanico spin-off que est\u00e1 tanteando ahora mismo.<\/p>\n","protected":false},"excerpt":{"rendered":"El fracaso de Los mercen4rios, en paralelo al abandono forzado de sus sagas fetiche (esto es, Rocky y&hellip;\n","protected":false},"author":2,"featured_media":121723,"comment_status":"","ping_status":"","sticky":false,"template":"","format":"standard","meta":{"footnotes":""},"categories":[174],"tags":[255,146,147,25,24,256,5043,2074,156,23,12673,12672],"class_list":{"0":"post-121722","1":"post","2":"type-post","3":"status-publish","4":"format-standard","5":"has-post-thumbnail","7":"category-famosos","8":"tag-celebrities","9":"tag-entertainment","10":"tag-entretenimiento","11":"tag-es","12":"tag-espana","13":"tag-famosos","14":"tag-por","15":"tag-que","16":"tag-serie","17":"tag-spain","18":"tag-stallone","19":"tag-sylvester"},"share_on_mastodon":{"url":"","error":""},"_links":{"self":[{"href":"https:\/\/www.europesays.com\/es\/wp-json\/wp\/v2\/posts\/121722","targetHints":{"allow":["GET"]}}],"collection":[{"href":"https:\/\/www.europesays.com\/es\/wp-json\/wp\/v2\/posts"}],"about":[{"href":"https:\/\/www.europesays.com\/es\/wp-json\/wp\/v2\/types\/post"}],"author":[{"embeddable":true,"href":"https:\/\/www.europesays.com\/es\/wp-json\/wp\/v2\/users\/2"}],"replies":[{"embeddable":true,"href":"https:\/\/www.europesays.com\/es\/wp-json\/wp\/v2\/comments?post=121722"}],"version-history":[{"count":0,"href":"https:\/\/www.europesays.com\/es\/wp-json\/wp\/v2\/posts\/121722\/revisions"}],"wp:featuredmedia":[{"embeddable":true,"href":"https:\/\/www.europesays.com\/es\/wp-json\/wp\/v2\/media\/121723"}],"wp:attachment":[{"href":"https:\/\/www.europesays.com\/es\/wp-json\/wp\/v2\/media?parent=121722"}],"wp:term":[{"taxonomy":"category","embeddable":true,"href":"https:\/\/www.europesays.com\/es\/wp-json\/wp\/v2\/categories?post=121722"},{"taxonomy":"post_tag","embeddable":true,"href":"https:\/\/www.europesays.com\/es\/wp-json\/wp\/v2\/tags?post=121722"}],"curies":[{"name":"wp","href":"https:\/\/api.w.org\/{rel}","templated":true}]}}