{"id":121728,"date":"2025-09-17T21:51:09","date_gmt":"2025-09-17T21:51:09","guid":{"rendered":"https:\/\/www.europesays.com\/es\/121728\/"},"modified":"2025-09-17T21:51:09","modified_gmt":"2025-09-17T21:51:09","slug":"avance-de-la-promesa-capitulo-678-de-este-jueves-18-de-septiembre-pia-recibe-una-devastadora-noticia-el-mundo","status":"publish","type":"post","link":"https:\/\/www.europesays.com\/es\/121728\/","title":{"rendered":"Avance de &#039;La Promesa&#039;, cap\u00edtulo 678 de este jueves 18 de septiembre: P\u00eda recibe una devastadora noticia &#8211; El Mundo"},"content":{"rendered":"<ol>\n<li><a href=\"https:\/\/news.google.com\/rss\/articles\/CBMiiAFBVV95cUxNV1F6ZGp5YVg3UGpxQWJ2SjVkTnd6d29laTdhWWdJTE9UNC1Pa25LREFZaFBwRmRYVEJkY1JYS3hSVlRwV0cwdXFHOVVVb1hVRzNkRlJZV3QyNGFncGVBSzBnZUNLdHF4WUo1NHdNRG1QVGkxUV85MExJc2FjNVIxbDRZa2J4TUVM0gGIAUFVX3lxTE52QW03QkZHNFp0ekR6MXZ6OGhlMGVPMTVjT1lfc3c0UTA5UW4xdERtSktVRklndGd3bmRBQ2VqT1Uya0FBZzR4MjFUT1pObGlPSk1nZmxlN0toV1ZPTjV0X3JQLVk4dHFXM2ZxY2RWVXB0WmRHOWNKSVRNeDl6b3l6TFVMem10Qng?oc=5\" target=\"_blank\" rel=\"nofollow noopener\">Avance de &#8216;La Promesa&#8217;, cap\u00edtulo 678 de este jueves 18 de septiembre: P\u00eda recibe una devastadora noticia<\/a>&nbsp;&nbsp;El Mundo<\/li>\n<li><a href=\"https:\/\/news.google.com\/rss\/articles\/CBMiwAFBVV95cUxNRGdBak5iV1FjWEprZFloRmd6T1VDU09lV0V3YU1RUHNUTnZSMDNYNk9xaGhuem1ycG9uN01HbDYzYmhja3Rqb2taOUJja3ZBUnlTTGFnZDFQLVZRTzVUNUJ5YXZuUFRySGxoa3lERWJsTDZkQVNCMUZlVlFPaC1hdmJaYnNGTFVmTG1zNXd3RWxBQnhoX1A3b0NBTHg2bWR2Q2RCX18tWXBXcXczMlVzY1g2WDE5bERaVFlWVlJrZmjSAcYBQVVfeXFMUE5nQmxmVGxydy14MHRBYVVnbGdJWUdnS1VBZGZIRm8yQnY1ZjZ6OVFEZXdOM2ljMmdyRmZXUmZtelBROXhKRGNPMWFZRFdONkxRQW1OSGhPVjZHZGRZeE05N0F0dFAzSFdLUWN1N3N2eU15SzlDY2tWVXZSbGs4bTVnVkhPeWxWQVVxa3Nvd0JiVmFyQjI3YzU3czBZNm9UR2c1a1h2dmxOMmdLN2pvZGRLYkM2M0FncmFMNXNQdDNqUmlWbW9B?oc=5\" target=\"_blank\" rel=\"nofollow noopener\">Avance del cap\u00edtulo de &#8216;La Promesa&#8217; del jueves, 18 de septiembre: P\u00eda ser\u00e1 trasladada<\/a>&nbsp;&nbsp;El Confidencial<\/li>\n<li><a href=\"https:\/\/news.google.com\/rss\/articles\/CBMiuAFBVV95cUxQR3pJT000RmxjY3pSZFAyaGVyUWRFcmNmdDY5Y2xpWENnQ0V4M2VxcndvZVU5X3lZdG1TWTAwLVRvYlRSQUJfM0lpN0NxQnhITDZmRzVRUHRyanNUckRjSGZkV0NOcEdmOGExREhEbEFBUUtKWDBFaWItYmZrakRwZ0FaUFB3QmI5aHRvWDh5ai12b3NHVU1OUFEtQ0VZQTREYkZ4ME81ZldQWndwSTR1eVUtUTdrbWN4?oc=5\" target=\"_blank\" rel=\"nofollow noopener\">&#8216;La Promesa&#8217; avanza el plan de Lorenzo para casarse con \u00c1ngela y Catalina se enfrenta a Valladares en RTVE<\/a>&nbsp;&nbsp;elDiario.es<\/li>\n<li><a href=\"https:\/\/news.google.com\/rss\/articles\/CBMimgFBVV95cUxOWXBrYUJBa25rREExOTZTc2ZuRk0xN1RySzdiNko2T3VNVS10NjRHSktsanFjV3V5RHNVWG1Xam1aMnRBOW9QcFNiLW4yV3lhT2lDUm9zdDB5alVFOGoxODFWV3BPaVJoZzF3b3ZycnNvd0F1N1hTVXpPQzJkVy0tNHFKQjdDZlVEY0hSM2p4aHNZWUwwS3U4LXBR?oc=5\" target=\"_blank\" rel=\"nofollow noopener\">Mar\u00eda Castro se planta en \u2018La Promesa\u2019 y toma una decisi\u00f3n que pocos podr\u00e1n olvidar<\/a>&nbsp;&nbsp;xcatalunya.cat<\/li>\n<li><a href=\"https:\/\/news.google.com\/rss\/articles\/CBMisgFBVV95cUxPdGw0Zm1GcXhycUxBd2NoQkJpYWlaQ0s0aXRYa1hScXRLcVpuT3k0dGIwRWVUbFV6eGdLeHNmV2xxVkJfMThnWnVwTVp6QUJLTlNSUG8tek5PbXNCenZFUUlfd2U5TFBuTV9ZMnNWTmVISXdLb1Q2cEQ0X0pSeGs3VGVDLWFlVDNtTERvaFJlVUdBcGR5VldlQnB4Nm5Demt2OGJQbGtUNjdpRERPanNQVEhn0gG3AUFVX3lxTE00SVMwem9GZ1BWNTZaQnJPTkZ0UXhhQkxHU0RHWGRKSF9MRmZ2NzZsc2JDWkE0bUJkQWFtVWxzZlgtTzM5OTV5c2ZlYmN6bHRDdWNVWlJ6WjhzWlFKVUI5Zm13VmNBcmtYWlNrMjc4SlFNMDdYb3REVFo0Rkt0b1RZSG9tckp0ZEx4aFFuXzJ4bklvOV9HSF8tejBoc0ZPMjduWUtmYV81bFNqekVoVHlxNGdYRlh1MA?oc=5\" target=\"_blank\" rel=\"nofollow noopener\">Avance del cap\u00edtulo de \u2018La Promesa\u2019 de hoy: el bar\u00f3n de Valladares cruza una l\u00ednea roja con Cat&#8230;<\/a>&nbsp;&nbsp;OkDiario<\/li>\n<\/ol>\n","protected":false},"excerpt":{"rendered":"Avance de &#8216;La Promesa&#8217;, cap\u00edtulo 678 de este jueves 18 de septiembre: P\u00eda recibe una devastadora noticia&nbsp;&nbsp;El Mundo&hellip;\n","protected":false},"author":2,"featured_media":121729,"comment_status":"","ping_status":"","sticky":false,"template":"","format":"standard","meta":{"footnotes":""},"categories":[171],"tags":[11030,146,147,25,24,11031,805,23,807,11029,6761,214],"class_list":{"0":"post-121728","1":"post","2":"type-post","3":"status-publish","4":"format-standard","5":"has-post-thumbnail","7":"category-tv","8":"tag-cineseries","9":"tag-entertainment","10":"tag-entretenimiento","11":"tag-es","12":"tag-espana","13":"tag-la-promesa","14":"tag-series","15":"tag-spain","16":"tag-television","17":"tag-television-series","18":"tag-tresb","19":"tag-tv"},"share_on_mastodon":{"url":"","error":""},"_links":{"self":[{"href":"https:\/\/www.europesays.com\/es\/wp-json\/wp\/v2\/posts\/121728","targetHints":{"allow":["GET"]}}],"collection":[{"href":"https:\/\/www.europesays.com\/es\/wp-json\/wp\/v2\/posts"}],"about":[{"href":"https:\/\/www.europesays.com\/es\/wp-json\/wp\/v2\/types\/post"}],"author":[{"embeddable":true,"href":"https:\/\/www.europesays.com\/es\/wp-json\/wp\/v2\/users\/2"}],"replies":[{"embeddable":true,"href":"https:\/\/www.europesays.com\/es\/wp-json\/wp\/v2\/comments?post=121728"}],"version-history":[{"count":0,"href":"https:\/\/www.europesays.com\/es\/wp-json\/wp\/v2\/posts\/121728\/revisions"}],"wp:featuredmedia":[{"embeddable":true,"href":"https:\/\/www.europesays.com\/es\/wp-json\/wp\/v2\/media\/121729"}],"wp:attachment":[{"href":"https:\/\/www.europesays.com\/es\/wp-json\/wp\/v2\/media?parent=121728"}],"wp:term":[{"taxonomy":"category","embeddable":true,"href":"https:\/\/www.europesays.com\/es\/wp-json\/wp\/v2\/categories?post=121728"},{"taxonomy":"post_tag","embeddable":true,"href":"https:\/\/www.europesays.com\/es\/wp-json\/wp\/v2\/tags?post=121728"}],"curies":[{"name":"wp","href":"https:\/\/api.w.org\/{rel}","templated":true}]}}