{"id":121730,"date":"2025-09-17T21:52:12","date_gmt":"2025-09-17T21:52:12","guid":{"rendered":"https:\/\/www.europesays.com\/es\/121730\/"},"modified":"2025-09-17T21:52:12","modified_gmt":"2025-09-17T21:52:12","slug":"darren-hayman-critica-de-amazing-things-2025","status":"publish","type":"post","link":"https:\/\/www.europesays.com\/es\/121730\/","title":{"rendered":"Darren Hayman, cr\u00edtica de Amazing Things (2025)"},"content":{"rendered":"<p><strong>Darren Hayman<\/strong> tira de coletilla (\u2018And His Electric Guitars\u2019) para firmar su \u00faltima entrega hasta la fecha, en lo que ser\u00eda un recurso autorizado ya que, en efecto, un colch\u00f3n de guitarras el\u00e9ctricas ampara a las canciones incluidas en la referencia. Fuera como fuese, esta entrega de <strong>Darren Hayman<\/strong> tiene todas las papeletas para convertirse en una de esas gemas de la temporada que, si nada lo remedia, podr\u00eda quedar disimulada entre la actual mara\u00f1a de lanzamientos, corriendo el (injusto) riesgo de pasar ante el oyente con disimulo y sin pena ni gloria.<\/p>\n<p>El nuevo conjunto de canciones del ex <a href=\"https:\/\/www.mondosonoro.com\/artistas-musica\/hefner\/\" rel=\"nofollow noopener\" target=\"_blank\">Hefner<\/a> no es sino resultado del duelo que sigue al fallecimiento de un amigo, circunstancia que queda expresada a las claras en el primer fraseo del disco. Un luto que deriva, en manos del brit\u00e1nico, en bonito disco \u2013por momentos incluso precioso\u2013, adem\u00e1s de supurar sentida honestidad desde composiciones tan cargadas de melancol\u00eda y a\u00f1oranza como de esperanza y luz. Un equilibrio en el que no tienen cabida esos graznidos interpretativos marca y se\u00f1a de la casa en la \u00e9poca de los infravalorados Hefner, apostando ahora el de Essex por una concreci\u00f3n vocal bastante m\u00e1s austera y, de paso, acorde al motivo principal de <strong>\u201cAmazing Things\u201d<\/strong>.<\/p>\n<p>Un dec\u00e1logo en el que Hayman expande sentimientos en forma de canciones inspiradas y bien posicionadas en torno a este \u00e1lbum casi conceptual, con la presencia en primer plano de las mencionadas guitarras. Indie-pop atemporal con influencias de los dos lados del charco, concretado en piezas tan bien parecidas (y con preferenicas por los medios tiempos) como son \u201cNobody You&#8217;d Know\u201d, la propia \u201cAmazing Things\u201d que da t\u00edtulo al producto, el acercamiento a la new wave de \u201cClean White Page\u201d, \u201cHeart&#8217;s Been Broken Before\u201d, una \u201cAll the Toys\u201d a lo Robert Forster, o esa aut\u00e9ntica maravilla que es \u201cSomething Beautiful\u201d, mientras que \u201cDo Whatever You Want\u201d acelera el ritmo y es lo que m\u00e1s se asemeja al antiguo cat\u00e1logo de <a href=\"https:\/\/www.mondosonoro.com\/artistas-musica\/hefner\/\" rel=\"nofollow noopener\" target=\"_blank\">Hefner<\/a> del lote.<\/p>\n<p>Es verdad que el disco relaja su inter\u00e9s impl\u00edcito en el que ser\u00eda su \u00faltimo tramo, pero no es menos cierto que el LP supone un logro en s\u00ed mismo, gracias a valiosas composiciones ante las que ser\u00eda un error pasar de largo. \u201cAmazing Things\u201d es un disco ambicioso dentro de su propia sencillez de intenciones. Canciones extensas en forma de exorcismos que no son sino remedios para paliar ese dolor motivado por una conclusi\u00f3n irreversible que <strong>Darren Hayman<\/strong> pule, con esmero, hasta sacar a la superficie el diamante sonoro que esconde la experiencia.<\/p>\n","protected":false},"excerpt":{"rendered":"Darren Hayman tira de coletilla (\u2018And His Electric Guitars\u2019) para firmar su \u00faltima entrega hasta la fecha, en&hellip;\n","protected":false},"author":2,"featured_media":121731,"comment_status":"","ping_status":"","sticky":false,"template":"","format":"standard","meta":{"footnotes":""},"categories":[170],"tags":[146,147,25,24,184,185,23],"class_list":{"0":"post-121730","1":"post","2":"type-post","3":"status-publish","4":"format-standard","5":"has-post-thumbnail","7":"category-musica","8":"tag-entertainment","9":"tag-entretenimiento","10":"tag-es","11":"tag-espana","12":"tag-music","13":"tag-musica","14":"tag-spain"},"share_on_mastodon":{"url":"","error":""},"_links":{"self":[{"href":"https:\/\/www.europesays.com\/es\/wp-json\/wp\/v2\/posts\/121730","targetHints":{"allow":["GET"]}}],"collection":[{"href":"https:\/\/www.europesays.com\/es\/wp-json\/wp\/v2\/posts"}],"about":[{"href":"https:\/\/www.europesays.com\/es\/wp-json\/wp\/v2\/types\/post"}],"author":[{"embeddable":true,"href":"https:\/\/www.europesays.com\/es\/wp-json\/wp\/v2\/users\/2"}],"replies":[{"embeddable":true,"href":"https:\/\/www.europesays.com\/es\/wp-json\/wp\/v2\/comments?post=121730"}],"version-history":[{"count":0,"href":"https:\/\/www.europesays.com\/es\/wp-json\/wp\/v2\/posts\/121730\/revisions"}],"wp:featuredmedia":[{"embeddable":true,"href":"https:\/\/www.europesays.com\/es\/wp-json\/wp\/v2\/media\/121731"}],"wp:attachment":[{"href":"https:\/\/www.europesays.com\/es\/wp-json\/wp\/v2\/media?parent=121730"}],"wp:term":[{"taxonomy":"category","embeddable":true,"href":"https:\/\/www.europesays.com\/es\/wp-json\/wp\/v2\/categories?post=121730"},{"taxonomy":"post_tag","embeddable":true,"href":"https:\/\/www.europesays.com\/es\/wp-json\/wp\/v2\/tags?post=121730"}],"curies":[{"name":"wp","href":"https:\/\/api.w.org\/{rel}","templated":true}]}}