{"id":121732,"date":"2025-09-17T21:53:04","date_gmt":"2025-09-17T21:53:04","guid":{"rendered":"https:\/\/www.europesays.com\/es\/121732\/"},"modified":"2025-09-17T21:53:04","modified_gmt":"2025-09-17T21:53:04","slug":"disney-anuncia-el-regreso-de-camp-rock-3-con-los-jonas-bothers-pero-sin-demi-lovato","status":"publish","type":"post","link":"https:\/\/www.europesays.com\/es\/121732\/","title":{"rendered":"Disney anuncia el regreso de &#8216;Camp Rock 3&#8217; con los Jonas Bothers pero sin Demi Lovato"},"content":{"rendered":"<p data-gtm-element-container=\"modulo-texto-link\" class=\"paragraph\">Disney+ anunci\u00f3 este mi\u00e9rcoles el regreso de Camp Rock 3, una de sus pel\u00edculas originales m\u00e1s famosas de la franquicia con los hermanos Joe, Nick y Kevin Jonas retomando sus papeles mientras que la estrella Demi Lovato no aparecer\u00e1 en pantalla pero ser\u00e1 productora ejecutiva.<\/p>\n<p data-gtm-element-container=\"modulo-texto-link\" class=\"paragraph\">La plataforma de contenidos en l\u00ednea inform\u00f3 del regreso de los Jonas Brothers como Shane (Joe), Nate (Nick) y Jason Gray (Kevin) y de Maria Canals-Barrera en su papel de la madre de Michi Torres (Lovato), protagonista de las dos primeras entregas.<\/p>\n<p>        Lee tambi\u00e9n<\/p>\n<p>    Mart\u00ed Abad<\/p>\n<p>             <img loading=\"lazy\" decoding=\"async\" data-full-src=\"https:\/\/www.lavanguardia.com\/uploads\/2024\/09\/26\/66f5c8da2c220.jpeg\" alt=\"Nick, Joe y Kevin desplegaron toda su discograf\u00eda esta noche en Barcelona, su \u00fanica parada espa\u00f1ola\" width=\"104\" height=\"108\" src=\"https:\/\/www.europesays.com\/es\/wp-content\/uploads\/2025\/09\/66f5c8da2c220.r_d.1550-1033.jpeg\" class=\"lazy\"\/><\/p>\n<p data-gtm-element-container=\"modulo-texto-link\" class=\"paragraph\">Al elenco se suman nuevos campistas, como a la audaz y decidida Sage (Liamani Segura) y su hermano Desi (Hudson Stone), la prodigio del violonchelo Rosie (Lumi Pollack), el baterista Cliff (Casey Trotter), la reina de las coreograf\u00edas Callie (Brooklynn Pitts), la intimidante influencer Madison (Ava Jean) y el chico malo del campamento Fletch (Malachi Barton), indic\u00f3 Disney en un comunicado.<\/p>\n<p>\u201cEstamos ansiosos por presentar este mundo a una nueva generaci\u00f3n\u201d<\/p>\n<p data-gtm-element-container=\"modulo-texto-link\" class=\"paragraph\">La historia retoma cuando Connect 3, la popular banda de Shane, Nate y Jason, pierde su actuaci\u00f3n como teloneros de una importante gira y regresan a Camp Rock para descubrir a la pr\u00f3xima gran promesa de la m\u00fasica.<\/p>\n<p data-gtm-element-container=\"modulo-texto-link\" class=\"paragraph\">Los campistas compiten por la oportunidad de abrir el concierto de su banda favorita, la tensi\u00f3n aumenta y las amistades se ponen a prueba, seg\u00fan la sinopsis.\u00a0La pel\u00edcula, que ya se encuentra en producci\u00f3n, todav\u00eda no tiene fecha de estreno.<\/p>\n<p data-gtm-element-container=\"modulo-texto-link\" class=\"paragraph\">El fen\u00f3meno Camp Rock, que comenz\u00f3 en 2008 y se extendi\u00f3 con la segunda cinta Camp Rock: The Final Jam en 2010 se encentra entre las 10 mejores pel\u00edculas originales de Disney Channel de todos sus tiempos.<\/p>\n<p data-gtm-element-container=\"modulo-texto-link\" class=\"paragraph\">\u201dCamp Rock es una parte importante del legado de las pel\u00edculas originales de Disney Channel, con m\u00fasica inolvidable, una narrativa vibrante y personajes que perduran en el coraz\u00f3n de los fans hasta el d\u00eda de hoy\u201d, declar\u00f3 en el escrito la presidenta de Disney Branded <a href=\"https:\/\/www.lavanguardia.com\/television\/programacion-tv\" target=\"_blank\" rel=\"noopener noreferrer nofollow\">Television<\/a>, Ayo Davis.<\/p>\n<p data-gtm-element-container=\"modulo-texto-link\" class=\"paragraph\">\u201cRevivirlo con Kevin, Joe, Nick y Demi es un momento clave, y estamos ansiosos por presentar este mundo a una nueva generaci\u00f3n\u201d, sentenci\u00f3.<\/p>\n","protected":false},"excerpt":{"rendered":"Disney+ anunci\u00f3 este mi\u00e9rcoles el regreso de Camp Rock 3, una de sus pel\u00edculas originales m\u00e1s famosas de&hellip;\n","protected":false},"author":2,"featured_media":121733,"comment_status":"","ping_status":"","sticky":false,"template":"","format":"standard","meta":{"footnotes":""},"categories":[169],"tags":[177,146,147,25,24,176,175,23],"class_list":{"0":"post-121732","1":"post","2":"type-post","3":"status-publish","4":"format-standard","5":"has-post-thumbnail","7":"category-cine","8":"tag-cine","9":"tag-entertainment","10":"tag-entretenimiento","11":"tag-es","12":"tag-espana","13":"tag-film","14":"tag-movies","15":"tag-spain"},"share_on_mastodon":{"url":"","error":""},"_links":{"self":[{"href":"https:\/\/www.europesays.com\/es\/wp-json\/wp\/v2\/posts\/121732","targetHints":{"allow":["GET"]}}],"collection":[{"href":"https:\/\/www.europesays.com\/es\/wp-json\/wp\/v2\/posts"}],"about":[{"href":"https:\/\/www.europesays.com\/es\/wp-json\/wp\/v2\/types\/post"}],"author":[{"embeddable":true,"href":"https:\/\/www.europesays.com\/es\/wp-json\/wp\/v2\/users\/2"}],"replies":[{"embeddable":true,"href":"https:\/\/www.europesays.com\/es\/wp-json\/wp\/v2\/comments?post=121732"}],"version-history":[{"count":0,"href":"https:\/\/www.europesays.com\/es\/wp-json\/wp\/v2\/posts\/121732\/revisions"}],"wp:featuredmedia":[{"embeddable":true,"href":"https:\/\/www.europesays.com\/es\/wp-json\/wp\/v2\/media\/121733"}],"wp:attachment":[{"href":"https:\/\/www.europesays.com\/es\/wp-json\/wp\/v2\/media?parent=121732"}],"wp:term":[{"taxonomy":"category","embeddable":true,"href":"https:\/\/www.europesays.com\/es\/wp-json\/wp\/v2\/categories?post=121732"},{"taxonomy":"post_tag","embeddable":true,"href":"https:\/\/www.europesays.com\/es\/wp-json\/wp\/v2\/tags?post=121732"}],"curies":[{"name":"wp","href":"https:\/\/api.w.org\/{rel}","templated":true}]}}