{"id":121734,"date":"2025-09-17T21:54:08","date_gmt":"2025-09-17T21:54:08","guid":{"rendered":"https:\/\/www.europesays.com\/es\/121734\/"},"modified":"2025-09-17T21:54:08","modified_gmt":"2025-09-17T21:54:08","slug":"yamal-se-perdera-por-lesion-el-debut-del-barcelona-en-la-champions","status":"publish","type":"post","link":"https:\/\/www.europesays.com\/es\/121734\/","title":{"rendered":"Yamal se perder\u00e1 por lesi\u00f3n el debut del Barcelona en la Champions"},"content":{"rendered":"\n<p>BARCELONA\u00a0\u2014\u00a0Lamine Yamal no jugar\u00e1 en el partido inaugural de la Liga de Campeones del Barcelona contra Newcastle el jueves debido a una lesi\u00f3n.<\/p>\n<p>El club catal\u00e1n inform\u00f3 el mi\u00e9rcoles que Yamal no entr\u00f3 en la convocatoria para el viaje a Inglaterra para el arranque de la fase de grupos del torneo. El extremo de 18 a\u00f1os se perdi\u00f3 la victoria 6-0 en <a class=\"link\" href=\"https:\/\/apnews.com\/article\/barcelona-golea-valencia-la-liga-espana-b410504ea5ff54be255619a9f77bdcf9\" target=\"_blank\" rel=\"nofollow noopener\">La Liga espa\u00f1ola contra Valencia<\/a> el domingo.<\/p>\n<p>Yamal lidia con \u201cmolestias en el pubis\u201d despu\u00e9s de jugar con la selecci\u00f3n nacional de Espa\u00f1a durante el par\u00f3n internacional.<\/p>\n<p>El entrenador del Barcelona, Hansi Flick, expres\u00f3 su enojo con Espa\u00f1a por haber hecho jugar a Yamal durante lo que consider\u00f3 minutos innecesarios en dos victorias por goleada en las eliminatorias para la Copa del Mundo. Flick acus\u00f3 a Espa\u00f1a de ser consciente de que Yamal sent\u00eda molestias y de haberlo hecho jugar de todos modos.<\/p>\n<p>La federaci\u00f3n respondi\u00f3 a las declaraciones de Flick diciendo que no hab\u00eda recibido ninguna notificaci\u00f3n de Barcelona de que Yamal estuviera lesionado.<\/p>\n<p>El Bar\u00e7a recupera al centrocampista Frenkie de Jong. Tambi\u00e9n se hab\u00eda perdido el partido contra Valencia tras lesionarse con Holanda durante el par\u00f3n internacional.<\/p>\n<p>Los azulgranas las semifinales de la Liga de Campeones de la temporada pasada,siendo eliminado por el Inter de Mil\u00e1n.<\/p>\n","protected":false},"excerpt":{"rendered":"BARCELONA\u00a0\u2014\u00a0Lamine Yamal no jugar\u00e1 en el partido inaugural de la Liga de Campeones del Barcelona contra Newcastle el&hellip;\n","protected":false},"author":2,"featured_media":121735,"comment_status":"","ping_status":"","sticky":false,"template":"","format":"standard","meta":{"footnotes":""},"categories":[93],"tags":[210,5926,5437,168,25,24,13342,61,8252,1044,40081,813,10675,1045,23,167,235,1261,14780],"class_list":{"0":"post-121734","1":"post","2":"type-post","3":"status-publish","4":"format-standard","5":"has-post-thumbnail","7":"category-deportes","8":"tag-barcelona","9":"tag-campeones","10":"tag-debut","11":"tag-deportes","12":"tag-es","13":"tag-espana","14":"tag-hansi-flick","15":"tag-internacional","16":"tag-lesion","17":"tag-liga","18":"tag-molestia","19":"tag-nacional","20":"tag-paron","21":"tag-partido","22":"tag-spain","23":"tag-sports","24":"tag-valencia","25":"tag-victoria","26":"tag-yamal"},"share_on_mastodon":{"url":"","error":""},"_links":{"self":[{"href":"https:\/\/www.europesays.com\/es\/wp-json\/wp\/v2\/posts\/121734","targetHints":{"allow":["GET"]}}],"collection":[{"href":"https:\/\/www.europesays.com\/es\/wp-json\/wp\/v2\/posts"}],"about":[{"href":"https:\/\/www.europesays.com\/es\/wp-json\/wp\/v2\/types\/post"}],"author":[{"embeddable":true,"href":"https:\/\/www.europesays.com\/es\/wp-json\/wp\/v2\/users\/2"}],"replies":[{"embeddable":true,"href":"https:\/\/www.europesays.com\/es\/wp-json\/wp\/v2\/comments?post=121734"}],"version-history":[{"count":0,"href":"https:\/\/www.europesays.com\/es\/wp-json\/wp\/v2\/posts\/121734\/revisions"}],"wp:featuredmedia":[{"embeddable":true,"href":"https:\/\/www.europesays.com\/es\/wp-json\/wp\/v2\/media\/121735"}],"wp:attachment":[{"href":"https:\/\/www.europesays.com\/es\/wp-json\/wp\/v2\/media?parent=121734"}],"wp:term":[{"taxonomy":"category","embeddable":true,"href":"https:\/\/www.europesays.com\/es\/wp-json\/wp\/v2\/categories?post=121734"},{"taxonomy":"post_tag","embeddable":true,"href":"https:\/\/www.europesays.com\/es\/wp-json\/wp\/v2\/tags?post=121734"}],"curies":[{"name":"wp","href":"https:\/\/api.w.org\/{rel}","templated":true}]}}