{"id":121740,"date":"2025-09-17T21:57:12","date_gmt":"2025-09-17T21:57:12","guid":{"rendered":"https:\/\/www.europesays.com\/es\/121740\/"},"modified":"2025-09-17T21:57:12","modified_gmt":"2025-09-17T21:57:12","slug":"de-oumuamua-a-borisov-todo-parecia-claro-ahora-3i-atlas-llega-con-senales-ineditas-que-apuntan-a-un-origen-inesperado-como-tecnologia-interestelar","status":"publish","type":"post","link":"https:\/\/www.europesays.com\/es\/121740\/","title":{"rendered":"De \u2018Oumuamua a Borisov todo parec\u00eda claro. Ahora 3I\/ATLAS llega con se\u00f1ales in\u00e9ditas que apuntan a un origen inesperado como tecnolog\u00eda interestelar"},"content":{"rendered":"<p>Cada nuevo <a href=\"https:\/\/es.gizmodo.com\/un-cometa-de-fuera-del-sistema-solar-atraviesa-la-tierra-y-los-astronomos-sospechan-que-guarda-secretos-aun-mas-antiguos-que-el-sol-2000192421\" rel=\"nofollow noopener\" target=\"_blank\">visitante interestelar<\/a> ha dejado m\u00e1s preguntas que respuestas. Primero fue \u2018Oumuamua, con su aceleraci\u00f3n misteriosa. Luego Borisov, que se comport\u00f3 como un cometa ordinario. Ahora <a href=\"https:\/\/es.gizmodo.com\/no-eran-simples-cometas-perdidos-los-objetos-interestelares-como-3i-atlas-podrian-haber-sembrado-planetas-en-otras-estrellas-2000192474\" rel=\"nofollow noopener\" target=\"_blank\">3I\/ATLAS<\/a> irrumpe con un repertorio de rarezas que lo colocan en un terreno in\u00e9dito. Un objeto que, seg\u00fan los \u00faltimos estudios, <a href=\"https:\/\/es.gizmodo.com\/el-objeto-interestelar-3i-atlas-pasara-cerca-de-marte-en-los-proximos-dias-sin-dudas-su-visita-puede-ser-un-cambio-radical-en-la-historia-2000190973\" rel=\"nofollow noopener\" target=\"_blank\">desaf\u00eda nuestras categor\u00edas y podr\u00eda forzarnos a repensar los l\u00edmites de lo que consideramos natural.<\/a><\/p>\n<p> Una polarizaci\u00f3n que no deber\u00eda existir <img loading=\"lazy\" decoding=\"async\" class=\"size-full wp-image-2000192602\" src=\"https:\/\/www.europesays.com\/es\/wp-content\/uploads\/2025\/09\/Diseno-sin-titulo-14-16.jpg\" alt=\"Un objeto que no encaja en ninguna categor\u00eda conocida. 3I\/ATLAS desaf\u00eda a la ciencia y reabre el debate sobre tecnolog\u00eda interestelar\" width=\"1500\" height=\"1000\"  \/>\u00a9 International Gemini Observatory\/NOIRLab\/NSF\/AURA\/Shadow the Scientist. <\/p>\n<p><a href=\"https:\/\/es.gizmodo.com\/el-visitante-que-no-vuelve-el-cometa-3i-atlas-deja-un-ultimo-retrato-antes-de-desaparecer-en-el-espacio-interestelar-2000190625\" rel=\"nofollow noopener\" target=\"_blank\">El equipo que estudia 3I\/ATLAS<\/a> detect\u00f3 algo sin precedentes: una polarizaci\u00f3n negativa extremadamente profunda de \u22122,77% a un \u00e1ngulo de fase de 6,41 grados, con un \u00e1ngulo de inversi\u00f3n tan bajo como 17,05 grados. <a href=\"https:\/\/es.gizmodo.com\/el-cometa-que-es-viejo-y-joven-al-mismo-tiempo-3i-atlas-llega-desde-el-espacio-profundo-y-desconcierta-a-los-astronomos-con-su-misteriosa-composicion-2000190442\" rel=\"nofollow noopener\" target=\"_blank\">Ning\u00fan cometa o asteroide conocido ha mostrado un comportamiento as\u00ed<\/a>. En astronom\u00eda, la polarizaci\u00f3n es un espejo de la composici\u00f3n y la forma, y en este caso indica algo distinto a todo lo visto hasta ahora.<\/p>\n<p><a href=\"https:\/\/es.gizmodo.com\/el-cometa-3i-atlas-sera-cazado-desde-marte-una-capsula-del-tiempo-cosmica-al-alcance-humano-2000189973\" rel=\"nofollow noopener\" target=\"_blank\">El hallazgo convierte a 3I\/ATLAS<\/a> en la primera pieza de una categor\u00eda a\u00fan sin nombre. Mientras otros cuerpos encajaban en patrones de polarizaci\u00f3n alta o baja, este objeto rompe la clasificaci\u00f3n y se convierte en un caso \u00fanico en los registros astron\u00f3micos.<\/p>\n<p> Una trayectoria y una qu\u00edmica que desconciertan <img loading=\"lazy\" decoding=\"async\" class=\"size-full wp-image-2000192603\" src=\"https:\/\/www.europesays.com\/es\/wp-content\/uploads\/2025\/09\/Diseno-sin-titulo-13-14.jpg\" alt=\"Un objeto que no encaja en ninguna categor\u00eda conocida. 3I\/ATLAS desaf\u00eda a la ciencia y reabre el debate sobre tecnolog\u00eda interestelar\" width=\"1500\" height=\"1000\"  \/>\u00a9 Z. Gray et al. 2025. <\/p>\n<p>El misterio no se limita a la luz. <a href=\"https:\/\/es.gizmodo.com\/3i-atlas-el-visitante-interestelar-que-trae-consigo-un-enigma-quimico-2000189251\" rel=\"nofollow noopener\" target=\"_blank\">La \u00f3rbita retr\u00f3grada de 3I\/ATLAS<\/a> se alinea con el plano de la ecl\u00edptica con una desviaci\u00f3n de apenas cinco grados, una coincidencia que estad\u00edsticamente tendr\u00eda una probabilidad de uno entre 500. Esa geometr\u00eda lo ha acercado peligrosamente a Marte, Venus y J\u00fapiter, como si hubiera seguido un rumbo calculado.<\/p>\n<p>A nivel qu\u00edmico, tampoco encaja con lo esperado. <a href=\"https:\/\/es.gizmodo.com\/el-misterioso-visitante-3i-atlas-no-era-lo-que-creiamos-el-hubble-revela-su-verdadero-tamano-2000185156\" rel=\"nofollow noopener\" target=\"_blank\">Su coma contiene un 87% de di\u00f3xido de carbono, 9% de mon\u00f3xido de carbono y apenas un 4% de agua<\/a>. Lo sorprendente es la presencia de n\u00edquel sin hierro \u2014una aleaci\u00f3n rara en la naturaleza pero com\u00fan en procesos industriales\u2014 junto a cianuro en aumento conforme se aproxima al Sol.<\/p>\n<p> Ciencia, misterio y la sombra de lo tecnol\u00f3gico <\/p>\n<p>El conjunto de anomal\u00edas revive el debate que ya encendi\u00f3 <a href=\"https:\/\/es.gizmodo.com\/el-visitante-que-se-nos-escapo-el-cometa-3i-atlas-y-la-oportunidad-perdida-que-revelo-una-nueva-estrategia-espacial-2000184593\" rel=\"nofollow noopener\" target=\"_blank\">\u2018Oumuamua<\/a>: \u00bfestamos ante objetos naturales extraordinarios o se\u00f1ales de tecnolog\u00eda interestelar? Los investigadores insisten en mantener la prudencia hasta contar con m\u00e1s datos. El pr\u00f3ximo 3 de octubre, la c\u00e1mara HiRISE del orbitador marciano obtendr\u00e1 im\u00e1genes de <a href=\"https:\/\/es.gizmodo.com\/una-visita-fugaz-desde-otra-estrella-el-hubble-capta-al-cometa-interestelar-3i-atlas-con-detalle-sin-precedentes-2000184515\" rel=\"nofollow noopener\" target=\"_blank\">3I\/ATLAS<\/a> con resoluci\u00f3n suficiente para precisar el tama\u00f1o de su n\u00facleo.<\/p>\n<p>Hasta entonces, la comunidad cient\u00edfica se mueve entre la fascinaci\u00f3n y la cautela. Como en un relato detectivesco, cada nueva medici\u00f3n puede derribar hip\u00f3tesis o abrir puertas inesperadas. <a href=\"https:\/\/es.gizmodo.com\/el-verdadero-origen-de-3i-atlas-la-ciencia-detras-del-cometa-que-desato-teorias-extraterrestres-2000183057\" rel=\"nofollow noopener\" target=\"_blank\">Lo \u00fanico claro es que 3I\/ATLAS no se parece a nada que hayamos visto antes.<\/a><\/p>\n","protected":false},"excerpt":{"rendered":"Cada nuevo visitante interestelar ha dejado m\u00e1s preguntas que respuestas. Primero fue \u2018Oumuamua, con su aceleraci\u00f3n misteriosa. Luego&hellip;\n","protected":false},"author":2,"featured_media":121741,"comment_status":"","ping_status":"","sticky":false,"template":"","format":"standard","meta":{"footnotes":""},"categories":[81],"tags":[119,123,124,25,24,117,121,122,23,118,120],"class_list":{"0":"post-121740","1":"post","2":"type-post","3":"status-publish","4":"format-standard","5":"has-post-thumbnail","7":"category-ciencia-y-tecnologia","8":"tag-ciencia","9":"tag-ciencia-y-tecnologia","10":"tag-cienciaytecnologia","11":"tag-es","12":"tag-espana","13":"tag-science","14":"tag-science-and-technology","15":"tag-scienceandtechnology","16":"tag-spain","17":"tag-technology","18":"tag-tecnologia"},"share_on_mastodon":{"url":"","error":""},"_links":{"self":[{"href":"https:\/\/www.europesays.com\/es\/wp-json\/wp\/v2\/posts\/121740","targetHints":{"allow":["GET"]}}],"collection":[{"href":"https:\/\/www.europesays.com\/es\/wp-json\/wp\/v2\/posts"}],"about":[{"href":"https:\/\/www.europesays.com\/es\/wp-json\/wp\/v2\/types\/post"}],"author":[{"embeddable":true,"href":"https:\/\/www.europesays.com\/es\/wp-json\/wp\/v2\/users\/2"}],"replies":[{"embeddable":true,"href":"https:\/\/www.europesays.com\/es\/wp-json\/wp\/v2\/comments?post=121740"}],"version-history":[{"count":0,"href":"https:\/\/www.europesays.com\/es\/wp-json\/wp\/v2\/posts\/121740\/revisions"}],"wp:featuredmedia":[{"embeddable":true,"href":"https:\/\/www.europesays.com\/es\/wp-json\/wp\/v2\/media\/121741"}],"wp:attachment":[{"href":"https:\/\/www.europesays.com\/es\/wp-json\/wp\/v2\/media?parent=121740"}],"wp:term":[{"taxonomy":"category","embeddable":true,"href":"https:\/\/www.europesays.com\/es\/wp-json\/wp\/v2\/categories?post=121740"},{"taxonomy":"post_tag","embeddable":true,"href":"https:\/\/www.europesays.com\/es\/wp-json\/wp\/v2\/tags?post=121740"}],"curies":[{"name":"wp","href":"https:\/\/api.w.org\/{rel}","templated":true}]}}