{"id":121742,"date":"2025-09-17T21:58:08","date_gmt":"2025-09-17T21:58:08","guid":{"rendered":"https:\/\/www.europesays.com\/es\/121742\/"},"modified":"2025-09-17T21:58:08","modified_gmt":"2025-09-17T21:58:08","slug":"amazon-lanza-una-casa-por-menos-de-10-000-euros-disponible-en-espana-y-con-entrega-gratuita","status":"publish","type":"post","link":"https:\/\/www.europesays.com\/es\/121742\/","title":{"rendered":"Amazon lanza una casa por menos de 10.000 euros disponible en Espa\u00f1a y con entrega gratuita"},"content":{"rendered":"<p><a href=\"https:\/\/www.amazon.es\/contenedores-prefabricada-techo-triangular-terraza\/dp\/B0FMDLZKY4\" target=\"_blank\" rel=\"nofollow noopener\">Amazon <\/a>ha sorprendido a los usuarios en Espa\u00f1a con el lanzamiento de una casa prefabricada de contenedores <b>por menos de 10.000 euros. <\/b>A un precio de 9.991,07 \u20ac, este producto ofrece una alternativa econ\u00f3mica para quienes desean una vivienda. Adem\u00e1s, la entrega es gratuita, lo que la convierte en una opci\u00f3n a\u00fan m\u00e1s atractiva.<\/p>\n<p>Esta casa de contenedor tiene unas dimensiones de <b>10,67 metros de largo por 6,1 metros de ancho y 2,41 metros de altura.\u00a0<\/b>El dise\u00f1o incluye una sala de estar, una habitaci\u00f3n, cocina y ba\u00f1o. Adem\u00e1s, destaca por su techo triangular \u00fanico, que ofrece mayor altura en el interior y una terraza para disfrutar del aire libre.<\/p>\n<p>La casa contenedor es <b>completamente port\u00e1til, <\/b>lo que facilita su transporte y montaje en diferentes ubicaciones. Este modelo est\u00e1 pensado para ser una soluci\u00f3n perfecta para casas de vacaciones, oficinas m\u00f3viles o incluso para aquellos que buscan una vivienda temporal o econ\u00f3mica.<\/p>\n<p>Si bien el precio base es de 9.991,07 \u20ac, se ofrece la <b>posibilidad de personalizar la casa seg\u00fan las necesidades del cliente. <\/b>Adem\u00e1s, antes de realizar el pedido, los usuarios pueden ponerse en contacto con el fabricante para obtener m\u00e1s detalles, videos de la casa y soporte adicional a trav\u00e9s de WhatsApp.<\/p>\n<p>Seg\u00fan un informe de la Asociaci\u00f3n de Empresas de Viviendas Prefabricadas (AEV), en 2022 las ventas de este tipo de viviendas <b>aumentaron un 15% en comparaci\u00f3n con el a\u00f1o anterior, <\/b>pues\u00a0ofrecen una alternativa m\u00e1s econ\u00f3mica frente a las viviendas tradicionales, que, en muchas zonas de Espa\u00f1a, siguen siendo inaccesibles para una gran parte de la poblaci\u00f3n<\/p>\n","protected":false},"excerpt":{"rendered":"Amazon ha sorprendido a los usuarios en Espa\u00f1a con el lanzamiento de una casa prefabricada de contenedores por&hellip;\n","protected":false},"author":2,"featured_media":121743,"comment_status":"","ping_status":"","sticky":false,"template":"","format":"standard","meta":{"footnotes":""},"categories":[80],"tags":[1609,5287,912,82,385,95,94,25,24,2629,23],"class_list":{"0":"post-121742","1":"post","2":"type-post","3":"status-publish","4":"format-standard","5":"has-post-thumbnail","7":"category-economia","8":"tag-1609","9":"tag-5287","10":"tag-amazon","11":"tag-business","12":"tag-casa","13":"tag-economia","14":"tag-economy","15":"tag-es","16":"tag-espana","17":"tag-lanza","18":"tag-spain"},"share_on_mastodon":{"url":"","error":""},"_links":{"self":[{"href":"https:\/\/www.europesays.com\/es\/wp-json\/wp\/v2\/posts\/121742","targetHints":{"allow":["GET"]}}],"collection":[{"href":"https:\/\/www.europesays.com\/es\/wp-json\/wp\/v2\/posts"}],"about":[{"href":"https:\/\/www.europesays.com\/es\/wp-json\/wp\/v2\/types\/post"}],"author":[{"embeddable":true,"href":"https:\/\/www.europesays.com\/es\/wp-json\/wp\/v2\/users\/2"}],"replies":[{"embeddable":true,"href":"https:\/\/www.europesays.com\/es\/wp-json\/wp\/v2\/comments?post=121742"}],"version-history":[{"count":0,"href":"https:\/\/www.europesays.com\/es\/wp-json\/wp\/v2\/posts\/121742\/revisions"}],"wp:featuredmedia":[{"embeddable":true,"href":"https:\/\/www.europesays.com\/es\/wp-json\/wp\/v2\/media\/121743"}],"wp:attachment":[{"href":"https:\/\/www.europesays.com\/es\/wp-json\/wp\/v2\/media?parent=121742"}],"wp:term":[{"taxonomy":"category","embeddable":true,"href":"https:\/\/www.europesays.com\/es\/wp-json\/wp\/v2\/categories?post=121742"},{"taxonomy":"post_tag","embeddable":true,"href":"https:\/\/www.europesays.com\/es\/wp-json\/wp\/v2\/tags?post=121742"}],"curies":[{"name":"wp","href":"https:\/\/api.w.org\/{rel}","templated":true}]}}