{"id":121747,"date":"2025-09-17T22:01:11","date_gmt":"2025-09-17T22:01:11","guid":{"rendered":"https:\/\/www.europesays.com\/es\/121747\/"},"modified":"2025-09-17T22:01:11","modified_gmt":"2025-09-17T22:01:11","slug":"el-ministro-ultra-de-finanzas-dice-que-israel-tiene-un-negocio-inmobiliario-en-gaza-y-que-negocia-repartirselo-con-eeuu","status":"publish","type":"post","link":"https:\/\/www.europesays.com\/es\/121747\/","title":{"rendered":"El ministro ultra de Finanzas dice que Israel tiene un \u00abnegocio inmobiliario\u00bb en Gaza y que negocia repart\u00edrselo con EEUU"},"content":{"rendered":"<p class=\"article-text\">\n        El ministro de Finanzas israel\u00ed, Betzabel Smotrich, ha afirmado que la Franja de Gaza es un \u201cgran negocio inmobiliario\u201d y que ha iniciado conversaciones con los estadounidenses sobre c\u00f3mo dividir el enclave costero tras la guerra.\n    <\/p>\n<p class=\"article-text\">\n        Seg\u00fan citan <a href=\"https:\/\/www.timesofisrael.com\/liveblog_entry\/smotrich-disputes-netanyahus-isolation-comments-says-israel-sitting-on-a-real-estate-bonanza-in-gaza\/\" target=\"_blank\" data-mrf-recirculation=\"links-noticia\" class=\"link\" rel=\"nofollow noopener\">diversos medios hebreos<\/a>, el ministro ultraderechista del Gobierno de Netanyahu defendi\u00f3 en una conferencia inmobiliaria que existe un \u201cgran negocio inmobiliario\u201d en Gaza que \u201cse paga por s\u00ed mismo\u201d. Smotrich defiende que Israel ha puesto \u201cmucho dinero en esta guerra\u201d y que ahora deben ver \u201cc\u00f3mo dividiremos la tierra en porcentajes\u201d.\n    <\/p>\n<p class=\"article-text\">\n        El ministro responsable de las finanzas de Israel ha argumentado sin tapujos que \u201cla demolici\u00f3n, la primera fase de la renovaci\u00f3n de la ciudad, ya est\u00e1 hecha\u201d, y ha a\u00f1adido: \u201cAhora solo necesitamos construir\u201d.\n    <\/p>\n<p class=\"article-text\">\n        El presidente estadounidense Donald Trump ha hecho menci\u00f3n en algunas ocasiones a su deseo de convertir la Franja de Gaza en <a href=\"https:\/\/www.eldiario.es\/internacional\/proyecto-riviera-trump-ruinas-gaza-desplazamiento-forzoso-centro-turistico-tecnologico_1_12570976.html\" target=\"_blank\" data-mrf-recirculation=\"links-noticia\" class=\"link\" rel=\"nofollow noopener\">una especie de \u201cRiviera\u201d Maya controlada por EEUU<\/a>, en una iniciativa que provocar\u00eda el desplazamiento forzoso de la poblaci\u00f3n palestina de Gaza, lo que se considera un crimen de guerra.\n    <\/p>\n<p class=\"article-text\">\n        A finales de agosto, el Washington Post public\u00f3 que <a href=\"https:\/\/www.eldiario.es\/internacional\/proyecto-riviera-trump-ruinas-gaza-desplazamiento-forzoso-centro-turistico-tecnologico_1_12570976.html\" target=\"_blank\" data-mrf-recirculation=\"links-noticia\" class=\"link\" rel=\"nofollow noopener\">la administraci\u00f3n Trump estaba plante\u00e1ndose una propuesta para la reconstrucci\u00f3n postb\u00e9lica de Gaza<\/a> que colocar\u00eda la Franja bajo control estadounidense durante al menos una d\u00e9cada. Esta iniciativa israel\u00ed incluir\u00eda la obligaci\u00f3n de desplazar a un cuarto de la poblaci\u00f3n de Gaza, estimada en torno a 2,3 millones de personas antes del 7 de octubre de 2023, de forma permanente.\n    <\/p>\n<p class=\"article-text\">\n        Los planes de Trump han sido rechazados en numerosas ocasiones tanto por los palestinos, como por los pa\u00edses \u00e1rabes, incluidos los aliados de EEUU, as\u00ed como por la gran mayor\u00eda de la comunidad internacional.\n    <\/p>\n<p class=\"article-text\">\n        El primer ministro israel\u00ed, Benjam\u00edn Netanyahu, ha negado que Israel tenga planes para colonizar la Franja, pero los diversos miembros ultraderechistas de su ejecutivo, entre los que se incluye Smotrich, est\u00e1n activamente promoviendo iniciativas colonizadoras en todo el territorio de Palestina.\n    <\/p>\n<p class=\"article-text\">\n        Smotrich adem\u00e1s ha renegado de las declaraciones de Netanyahu de este lunes, en las que propuso que el Estado de Israel debe convertirse en una econom\u00eda autosuficiente y con \u201ccaracter\u00edsticas aut\u00e1rquicas\u201d, que defini\u00f3 como un tipo de \u201cs\u00faper Esparta\u201d. El ministro de Finanzas ha se\u00f1alado que no est\u00e1 de acuerdo con las palabras del primer ministro y declar\u00f3 que no le gusta la comparaci\u00f3n con la ciudad-estado griega.\n    <\/p>\n<p class=\"article-text\">\n        Estos comentarios de Netanyahu al inicio de la semana han provocado una fuerte ca\u00edda de los valores en la bolsa de Tel Aviv e incluso una ligera rectificaci\u00f3n del primer ministro ultraconservador, que aclar\u00f3 que sus comentarios estaban referidos \u00fanicamente a la industria militar de Israel y no a la totalidad de la econom\u00eda.\n    <\/p>\n<p class=\"article-text\">\n        En su ofensiva militar sobre la Franja de Gaza, Israel ha asesinado ya a m\u00e1s de 65.000 palestinos y ha dejado m\u00e1s de 165.000 heridos, entre ellos a los m\u00e1s de 21.000 menores que han quedado marcados con alg\u00fan tipo de discapacidad de por vida. Solo este mi\u00e9rcoles, los soldados israel\u00edes han matado a 81 palestinos en Gaza seg\u00fan un balance provisional publicado por periodistas y basado en las morgues de hospitales, entre ellos al menos 38 en la Ciudad de Gaza, que afronta su segundo d\u00eda de ofensiva terrestre.\n    <\/p>\n<p>    <a href=\"https:\/\/www.eldiario.es\/internacional\/proyecto-riviera-trump-ruinas-gaza-desplazamiento-forzoso-centro-turistico-tecnologico_1_12570976.html\" data-mrf-recirculation=\"saber-mas-abajo\" data-dl-event=\"saber-mas-abajo\" rel=\"nofollow noopener\" target=\"_blank\"><\/p>\n<p class=\"know-more__title\">El proyecto para la \u201cRiviera\u201d de Trump en las ruinas de Gaza: desplazamiento forzoso para un centro tur\u00edstico y tecnol\u00f3gico<\/p>\n<p>            <img decoding=\"async\" class=\"lazy\" loading=\"lazy\" data-src=\"https:\/\/static.eldiario.es\/clip\/86c56c87-ddd2-44ce-817e-a7dec3e081b2_16-9-aspect-ratio_default_0.jpg\" src=\"data:image\/svg+xml,%3Csvg xmlns=\" http:=\"\" viewbox=\"0 0 880 495\" alt=\"El proyecto para la &quot;Riviera&quot; de Trump en las ruinas de Gaza: desplazamiento forzoso para un centro tur\u00edstico y tecnol\u00f3gico\"\/><\/p>\n<p>                        <\/a><\/p>\n<p class=\"article-text\">\n        Un \u00fanico bombardeo israel\u00ed mat\u00f3 a 13 miembros de una misma familia frente a la puerta del hospital Al Shifa cuando se dispon\u00edan a huir de los bombardeos hacia el sur.\n    <\/p>\n","protected":false},"excerpt":{"rendered":"El ministro de Finanzas israel\u00ed, Betzabel Smotrich, ha afirmado que la Franja de Gaza es un \u201cgran negocio&hellip;\n","protected":false},"author":2,"featured_media":121748,"comment_status":"","ping_status":"","sticky":false,"template":"","format":"standard","meta":{"footnotes":""},"categories":[5],"tags":[17,18,6727,115,25,24,13,14,2731,694,11,3433,74,19,20,7459,12684,5056,9,10,15,16,40086,23,12,21,22,5765],"class_list":{"0":"post-121747","1":"post","2":"type-post","3":"status-publish","4":"format-standard","5":"has-post-thumbnail","7":"category-titulares","8":"tag-breaking-news","9":"tag-breakingnews","10":"tag-dice","11":"tag-eeuu","12":"tag-es","13":"tag-espana","14":"tag-featured-news","15":"tag-featurednews","16":"tag-finanzas","17":"tag-gaza","18":"tag-headlines","19":"tag-inmobiliario","20":"tag-israel","21":"tag-latest-news","22":"tag-latestnews","23":"tag-ministro","24":"tag-negocia","25":"tag-negocio","26":"tag-news","27":"tag-noticias","28":"tag-noticias-destacadas","29":"tag-noticiasdestacadas","30":"tag-repartirselo","31":"tag-spain","32":"tag-titulares","33":"tag-ultimas-noticias","34":"tag-ultimasnoticias","35":"tag-ultra"},"share_on_mastodon":{"url":"","error":""},"_links":{"self":[{"href":"https:\/\/www.europesays.com\/es\/wp-json\/wp\/v2\/posts\/121747","targetHints":{"allow":["GET"]}}],"collection":[{"href":"https:\/\/www.europesays.com\/es\/wp-json\/wp\/v2\/posts"}],"about":[{"href":"https:\/\/www.europesays.com\/es\/wp-json\/wp\/v2\/types\/post"}],"author":[{"embeddable":true,"href":"https:\/\/www.europesays.com\/es\/wp-json\/wp\/v2\/users\/2"}],"replies":[{"embeddable":true,"href":"https:\/\/www.europesays.com\/es\/wp-json\/wp\/v2\/comments?post=121747"}],"version-history":[{"count":0,"href":"https:\/\/www.europesays.com\/es\/wp-json\/wp\/v2\/posts\/121747\/revisions"}],"wp:featuredmedia":[{"embeddable":true,"href":"https:\/\/www.europesays.com\/es\/wp-json\/wp\/v2\/media\/121748"}],"wp:attachment":[{"href":"https:\/\/www.europesays.com\/es\/wp-json\/wp\/v2\/media?parent=121747"}],"wp:term":[{"taxonomy":"category","embeddable":true,"href":"https:\/\/www.europesays.com\/es\/wp-json\/wp\/v2\/categories?post=121747"},{"taxonomy":"post_tag","embeddable":true,"href":"https:\/\/www.europesays.com\/es\/wp-json\/wp\/v2\/tags?post=121747"}],"curies":[{"name":"wp","href":"https:\/\/api.w.org\/{rel}","templated":true}]}}