{"id":121753,"date":"2025-09-17T22:06:11","date_gmt":"2025-09-17T22:06:11","guid":{"rendered":"https:\/\/www.europesays.com\/es\/121753\/"},"modified":"2025-09-17T22:06:11","modified_gmt":"2025-09-17T22:06:11","slug":"un-italiano-de-pura-cepa","status":"publish","type":"post","link":"https:\/\/www.europesays.com\/es\/121753\/","title":{"rendered":"Un italiano de pura cepa&#8230;"},"content":{"rendered":"<p>El rapero Fedez, uno de los m\u00e1s famosos y escuchados en Italia, revel\u00f3 este martes una estrofa de lo que apunta a ser una nueva canci\u00f3n en la que carga contra el tenista Jannik Sinner, al que califica como <b>\u00abun italiano purasangre con el acento de Adolf Hitler\u00bb<\/b>.<\/p>\n<p>Charlie Kirk o Carlo Acutis<\/p>\n<p>El pol\u00e9mico artista, con 3,4 millones de oyentes mensuales en Spotify, public\u00f3 en sus redes sociales una serie de l\u00edneas escritas en su bloc de notas personal en las que habla de varios personajes de la actualidad, entre ellos del estadounidense<b> Charlie Kirk<\/b>, <b><a title=\"asesinado el pasado 10 de septiembre de un disparo en el cuello\" href=\"https:\/\/www.antena3.com\/noticias\/mundo\/trump-anuncia-que-asesino-charlie-kirk-sido-detenido_2025091268c40fc4ca99f73feeee47bf.html\" target=\"_blank\" rel=\"nofollow noopener\">asesinado el pasado 10 de septiembre de un disparo en el cuello<\/a><\/b>; la pol\u00edtica italiana <b>Elly Schelein<\/b>; o el italiano<b> Carlo Acutis<\/b>, <b><a title=\"conocido como &#039;santo millenial&#039;\" href=\"https:\/\/www.antena3.com\/noticias\/mundo\/quien-carlo-acutis-primer-santo-milenial-conocido-como-influencer-dios_2025090668bc64a4ee9f0221df3fcfa8.html\" target=\"_blank\" rel=\"nofollow noopener\">conocido como &#8216;santo millenial&#8217;<\/a><\/b>, el primero que vivi\u00f3 en el siglo XXI.<\/p>\n<p>Y aunque seguidor del AC Milan como Sinner, Fedez ha atacado al tenista por sus or\u00edgenes alemanes. Sinner naci\u00f3 en San C\u00e1ndido,<b> localidad tambi\u00e9n con nombre alem\u00e1n (Innichen) <\/b>en la regi\u00f3n de Trentino Alto-Adigio, y es hijo de dos italianos,<b> Jonnah y Singladine, con antepasados alemanes<\/b>.<\/p>\n<p>La estrofa de la pol\u00e9mica<\/p>\n<p>\u00abLos italianos tienen un nuevo \u00eddolo que se llama Jannik Sinner. <b>Un italiano de pura cepa con el acento de Adolf Hitler<\/b>\u00ab, es la pol\u00e9mica frase que le dedica el cantante.<\/p>\n<p>El resto de la estrofa es el siguiente: \u00abHan canonizado a un chico de 15 a\u00f1os por su milagro de jugar a la PlayStation sin decir palabrotas. Han disparado a un antiabortista estadounidense. \u00a1TRANQUILOS, CHICOS, EL PAPA SIGUE EN EL VATICANO! \u00bfHab\u00e9is o\u00eddo lo que ha dicho Elly Schlein? &#8216;Condeno a Israel, pero tengo muchos amigos hebreos&#8217;. Los italianos tienen un nuevo \u00eddolo que se llama Jannik Sinner. Un italiano de pura cepa con el acento de Adolf Hitler\u00bb.<\/p>\n<p>Debate en redes sociales<\/p>\n<p>La publicaci\u00f3n de la estrofa ha desatado la pol\u00e9mica en redes sociales, generando un multitudinario debate. <b>\u00abFedez, mejor no vuelvas a pisar Alto-Adigio. Te lo digo como tirol\u00e9s del sur\u00bb<\/b>, escribe en la red social X un usuario. <b>\u00abNo toques al pelirrojo\u00bb<\/b>, opina otro.<\/p>\n<p>S\u00edguenos en nuestro <b><a title=\"canal de WhatsApp\" href=\"https:\/\/www.whatsapp.com\/channel\/0029Va6BhYH2phHPnlatwW3b\" target=\"_blank\" rel=\"nofollow noopener\">canal de WhatsApp<\/a><\/b> y no te pierdas la \u00faltima hora y toda la actualidad de <b><a title=\"antena3noticias.com\" href=\"https:\/\/www.antena3.com\/noticias\/\" target=\"_blank\" rel=\"nofollow noopener\">antena3noticias.com<\/a><\/b><\/p>\n<p>   <img decoding=\"async\" title=\"Xabi Alonso, en rueda de prensa\" alt=\"Xabi Alonso, en rueda de prensa\" width=\"480\" height=\"270\" src=\"https:\/\/www.europesays.com\/es\/wp-content\/uploads\/2025\/09\/xabi-alonso-rueda-prensa_70.jpg\" loading=\"lazy\" class=\"lazy\"\/><\/p>\n","protected":false},"excerpt":{"rendered":"El rapero Fedez, uno de los m\u00e1s famosos y escuchados en Italia, revel\u00f3 este martes una estrofa de&hellip;\n","protected":false},"author":2,"featured_media":121754,"comment_status":"","ping_status":"","sticky":false,"template":"","format":"standard","meta":{"footnotes":""},"categories":[274],"tags":[168,25,24,23,167,327,326],"class_list":{"0":"post-121753","1":"post","2":"type-post","3":"status-publish","4":"format-standard","5":"has-post-thumbnail","7":"category-tenis","8":"tag-deportes","9":"tag-es","10":"tag-espana","11":"tag-spain","12":"tag-sports","13":"tag-tenis","14":"tag-tennis"},"share_on_mastodon":{"url":"","error":""},"_links":{"self":[{"href":"https:\/\/www.europesays.com\/es\/wp-json\/wp\/v2\/posts\/121753","targetHints":{"allow":["GET"]}}],"collection":[{"href":"https:\/\/www.europesays.com\/es\/wp-json\/wp\/v2\/posts"}],"about":[{"href":"https:\/\/www.europesays.com\/es\/wp-json\/wp\/v2\/types\/post"}],"author":[{"embeddable":true,"href":"https:\/\/www.europesays.com\/es\/wp-json\/wp\/v2\/users\/2"}],"replies":[{"embeddable":true,"href":"https:\/\/www.europesays.com\/es\/wp-json\/wp\/v2\/comments?post=121753"}],"version-history":[{"count":0,"href":"https:\/\/www.europesays.com\/es\/wp-json\/wp\/v2\/posts\/121753\/revisions"}],"wp:featuredmedia":[{"embeddable":true,"href":"https:\/\/www.europesays.com\/es\/wp-json\/wp\/v2\/media\/121754"}],"wp:attachment":[{"href":"https:\/\/www.europesays.com\/es\/wp-json\/wp\/v2\/media?parent=121753"}],"wp:term":[{"taxonomy":"category","embeddable":true,"href":"https:\/\/www.europesays.com\/es\/wp-json\/wp\/v2\/categories?post=121753"},{"taxonomy":"post_tag","embeddable":true,"href":"https:\/\/www.europesays.com\/es\/wp-json\/wp\/v2\/tags?post=121753"}],"curies":[{"name":"wp","href":"https:\/\/api.w.org\/{rel}","templated":true}]}}