{"id":121755,"date":"2025-09-17T22:07:08","date_gmt":"2025-09-17T22:07:08","guid":{"rendered":"https:\/\/www.europesays.com\/es\/121755\/"},"modified":"2025-09-17T22:07:08","modified_gmt":"2025-09-17T22:07:08","slug":"si-se-paro-la-vuelta-es-porque-hubo-violencia","status":"publish","type":"post","link":"https:\/\/www.europesays.com\/es\/121755\/","title":{"rendered":"Si se par\u00f3 La Vuelta es porque hubo violencia"},"content":{"rendered":"<p class=\"c-paragraph\"><b><a href=\"https:\/\/www.20minutos.es\/tags\/personas\/perico-delgado.html\" title=\"Perico Delgado\" rel=\"nofollow noopener\" target=\"_blank\">Perico Delgado <\/a><\/b>ha sido durante los \u00faltimos d\u00edas una de las voces m\u00e1s pol\u00e9micas en torno a las manifestaciones propalestinas que reventaron la \u00faltima etapa de<a href=\"https:\/\/www.20minutos.es\/tags\/deportes\/vuelta-a-espana.html\" title=\"Vuelta a Espa\u00f1a\" rel=\"nofollow noopener\" target=\"_blank\"> La Vuelta a Espa\u00f1a<\/a>. El exciclista y comentarista habitual de RTVE <b>ha criticado las protestas y tambi\u00e9n al Gobierno por su apoyo a las mismas<\/b>, asegurando que los actos de los manifestantes fueron violentos.\u00a0<\/p>\n<p class=\"c-paragraph\">\u00ab<b>Estar orgullosos de estas manifestaciones me parece de muy mal gusto, porque creo que una manifestaci\u00f3n violenta genera violencia<\/b>. En La Vuelta ha habido muchas manifestaciones pac\u00edficas, y muy bien. Estamos hablando de que La Vuelta a Espa\u00f1a no acab\u00f3 porque fueron manifestaciones violentas en algunas partes del circuito, <b>lo suficientemente violentas como para acabar La Vuelta a Espa\u00f1a<\/b>\u00ab, afirm\u00f3 Delgado en declaraciones a los medios de comunicaci\u00f3n este mi\u00e9rcoles.\u00a0<\/p>\n<p class=\"c-paragraph\">El Gobierno de Espa\u00f1a ha reiterado su apoyo a los manifestantes y la causa propalestina, mientras que el exciclista ha criticado duramente las formas: \u00ab<b>Yo no puedo estar de acuerdo en ning\u00fan momento con quien se sienta orgulloso<\/b>. Sea quien sea, me da igual si es un pol\u00edtico como si es una persona de la calle que se siente orgullosa de haber parado la Vuelta a Espa\u00f1a. <b>Si se par\u00f3 es porque hubo violencia<\/b>\u00ab.\u00a0<\/p>\n<p class=\"c-paragraph\">\u00abEl mejor ejemplo, los <b>22 polic\u00edas nacionales que est\u00e1n ingresados en un hospital<\/b>. Eso me sorprende. Realmente me parece que ellos viven en una situaci\u00f3n totalmente an\u00f3mala. Yo entiendo como violencia una cosa, veo que ellos entienden otra\u00bb, sentenci\u00f3.<\/p>\n","protected":false},"excerpt":{"rendered":"Perico Delgado ha sido durante los \u00faltimos d\u00edas una de las voces m\u00e1s pol\u00e9micas en torno a las&hellip;\n","protected":false},"author":2,"featured_media":121756,"comment_status":"","ping_status":"","sticky":false,"template":"","format":"standard","meta":{"footnotes":""},"categories":[273],"tags":[313,312,168,25,24,24267,76,2959,40087,1699,23,167],"class_list":{"0":"post-121755","1":"post","2":"type-post","3":"status-publish","4":"format-standard","5":"has-post-thumbnail","7":"category-ciclismo","8":"tag-ciclismo","9":"tag-cycling","10":"tag-deportes","11":"tag-es","12":"tag-espana","13":"tag-la-vuelta-a-espana","14":"tag-palestina","15":"tag-pedro-sanchez","16":"tag-perico-delgado","17":"tag-psoe","18":"tag-spain","19":"tag-sports"},"share_on_mastodon":{"url":"","error":""},"_links":{"self":[{"href":"https:\/\/www.europesays.com\/es\/wp-json\/wp\/v2\/posts\/121755","targetHints":{"allow":["GET"]}}],"collection":[{"href":"https:\/\/www.europesays.com\/es\/wp-json\/wp\/v2\/posts"}],"about":[{"href":"https:\/\/www.europesays.com\/es\/wp-json\/wp\/v2\/types\/post"}],"author":[{"embeddable":true,"href":"https:\/\/www.europesays.com\/es\/wp-json\/wp\/v2\/users\/2"}],"replies":[{"embeddable":true,"href":"https:\/\/www.europesays.com\/es\/wp-json\/wp\/v2\/comments?post=121755"}],"version-history":[{"count":0,"href":"https:\/\/www.europesays.com\/es\/wp-json\/wp\/v2\/posts\/121755\/revisions"}],"wp:featuredmedia":[{"embeddable":true,"href":"https:\/\/www.europesays.com\/es\/wp-json\/wp\/v2\/media\/121756"}],"wp:attachment":[{"href":"https:\/\/www.europesays.com\/es\/wp-json\/wp\/v2\/media?parent=121755"}],"wp:term":[{"taxonomy":"category","embeddable":true,"href":"https:\/\/www.europesays.com\/es\/wp-json\/wp\/v2\/categories?post=121755"},{"taxonomy":"post_tag","embeddable":true,"href":"https:\/\/www.europesays.com\/es\/wp-json\/wp\/v2\/tags?post=121755"}],"curies":[{"name":"wp","href":"https:\/\/api.w.org\/{rel}","templated":true}]}}