{"id":121757,"date":"2025-09-17T22:08:12","date_gmt":"2025-09-17T22:08:12","guid":{"rendered":"https:\/\/www.europesays.com\/es\/121757\/"},"modified":"2025-09-17T22:08:12","modified_gmt":"2025-09-17T22:08:12","slug":"briatore-revela-que-tuvo-conversaciones-con-checo-para-llevarlo-a-alpine","status":"publish","type":"post","link":"https:\/\/www.europesays.com\/es\/121757\/","title":{"rendered":"Briatore revela que tuvo conversaciones con Checo para llevarlo a Alpine"},"content":{"rendered":"<p>\t\t\t\t\tLo que necesitas saber:<\/p>\n<p>Alpine ocupa el \u00faltimo lugar en la clasificaci\u00f3n de constructores<\/p>\n<p><strong>Flavio Briatore est\u00e1 buscando piloto<\/strong> para la temporada 2026 de F\u00f3rmula 1 en Alpine. El equipo ya <a href=\"https:\/\/www.sopitas.com\/desde-el-paddock\/alpine-renueva-pierre-gasly-2028-franco-colapinto\/\" target=\"_blank\" rel=\"noreferrer noopener nofollow\">anunci\u00f3 la renovaci\u00f3n de Pierre Gasly hasta 2028<\/a>, pero no est\u00e1 definido qui\u00e9n ser\u00e1 su compa\u00f1ero el pr\u00f3ximo a\u00f1o. Durante el proceso de b\u00fasqueda, <strong>Briatore sostuvo conversaciones con Checo P\u00e9rez, <\/strong>aunque detall\u00f3 que para ese momento el mexicano ya ten\u00eda muy avanzadas las negociaciones con Cadillac. <strong>\u201cNo pude ofrecerle nada en ese momento\u201d.\u00a0<\/strong><\/p>\n<p>El asesor de Alpine <strong>puso en duda una vez m\u00e1s la continuidad de Franco Colapinto<\/strong>, quien es el \u00fanico piloto de la parrilla actual que no ha conseguido puntos. Indic\u00f3 que en el cierre de la temporada tendr\u00e1 a prueba a Colapinto, as\u00ed como a los otros pilotos reserva, <strong>Jack Doohan y Paul Aron,<\/strong> pero tampoco est\u00e1 cerrado al fichaje de un piloto externo y con experiencia.\u00a0<\/p>\n<p><img loading=\"lazy\" decoding=\"async\" width=\"1024\" height=\"683\" src=\"https:\/\/www.europesays.com\/es\/wp-content\/uploads\/2025\/09\/1758146891_75_franco-colapinto-piloto-alpine.jpg\" alt=\"Franco Colapinto, piloto de Alpine\" class=\"wp-image-1848139\"  \/>Franco Colapinto, piloto de Alpine \/ Getty<\/p>\n<p>Briatore tuvo conversaciones con Checo P\u00e9rez<\/p>\n<p>Aunque Toto Wolff manifest\u00f3 en su momento que Valtteri Bottas estaba negociando con Alpine, Flavio Briatore explic\u00f3 que nunca hubo charlas y que esos rumores ayudaron a que el finland\u00e9s lograra un contrato con Cadillac, aunque s\u00ed hubo charlas con Checo.<\/p>\n<p>\u201cNunca habl\u00e9 con Bottas sobre 2026. Creo que los rumores de que podr\u00eda correr para Alpine le ayudaron a firmar un contrato con Cadillac. <strong>P\u00e9rez me llam\u00f3.<\/strong> Me pregunt\u00f3 cu\u00e1les eran nuestros planes, pero al mismo tiempo <strong>me dijo que estaba cerca de llegar a un acuerdo con Cadillac. No pude ofrecerle nada en ese momento\u201d<\/strong>, dijo el italiano.\u00a0<\/p>\n<p><img loading=\"lazy\" decoding=\"async\" width=\"900\" height=\"599\" src=\"https:\/\/www.europesays.com\/es\/wp-content\/uploads\/2025\/09\/flavio-briatore-checo-perez.jpg\" alt=\"Checo P\u00e9rez y Flavio Briatore\" class=\"wp-image-1858353\"  \/>Checo P\u00e9rez y Flavio Briatore en 2024\/ Getty<\/p>\n<p>Franco Colapinto fue decepcionante al inicio con Alpine<\/p>\n<p>Aunque el rendimiento de Franco Colapinto ha mejorado despu\u00e9s del descanso de verano, <strong>Briatore no est\u00e1 del todo satisfecho y su discurso apunta a un cambio de piloto para la pr\u00f3xima temporada <\/strong>y quiz\u00e1 antes para darle oportunidad<a href=\"https:\/\/www.sopitas.com\/desde-el-paddock\/paul-aron-quien-es-piloto-alpine-formula-1\/\" target=\"_blank\" rel=\"noreferrer noopener nofollow\"> a Paul Aron<\/a>, aunque no significa que \u00e9ste sea el elegido para 2026, as\u00ed que podr\u00eda buscar a alguien con experiencia, capaz de manejar la presi\u00f3n de una mejor manera.\u00a0<\/p>\n<p>\u201cEn retrospectiva, subestimamos la presi\u00f3n a la que est\u00e1n expuestos estos j\u00f3venes pilotos. Alpine es un equipo de f\u00e1brica. La presi\u00f3n es a\u00fan mayor. Se multiplica en una temporada dif\u00edcil.<strong> A los novatos les resulta m\u00e1s f\u00e1cil en un equipo peque\u00f1o. F\u00edjense en Isack Hadjar y Gabriel Bortoleto<\/strong>\u201c.<\/p>\n<p>Alpine comenz\u00f3 la temporada 2025 con el australiano Jack Doohan, a quien bajaron del asiento despu\u00e9s de seis Grandes premios. \u201c<strong>Tuvo demasiados accidentes\u201d.\u00a0<\/strong><\/p>\n<p>Su lugar fue ocupado por Colapinto, quien no ha sumado puntos. <strong>\u201cFue decepcionante al principio. Pens\u00e1bamos que lo har\u00eda mejor<\/strong>. Ahora va tomando ritmo poco a poco. Conoce mejor el coche y se siente m\u00e1s c\u00f3modo\u201d, dijo Briatore.\u00a0<\/p>\n<p><img loading=\"lazy\" decoding=\"async\" width=\"682\" height=\"1024\" src=\"https:\/\/www.europesays.com\/es\/wp-content\/uploads\/2025\/09\/1758146892_233_flavio-briatore-alpine-f1.jpg\" alt=\"Flavio Briatore, asesor de Alpine\" class=\"wp-image-1779154\"\/>Flavio Briatore, asesor de Alpine \/ Getty<\/p>\n<p>\u00bfQui\u00e9n ser\u00e1 el segundo piloto de Alpine en 2026?<\/p>\n<p>Los dos pilotos con experiencia y libres en este mercado ya firmaron con Cadillac. Hab\u00eda otra opci\u00f3n en el mapa, Mick Schumacher, aunque Briatore aclar\u00f3 que \u201cno est\u00e1 en la lista\u201d, de modo que Alpine pinta para ser la \u00faltima escuder\u00eda que anuncie piloto.\u00a0<\/p>\n<p><strong>\u201c<\/strong><strong>Sigo abierto a la segunda cabina<\/strong>. \u00bfQuiz\u00e1s deber\u00eda fichar a un piloto de F\u00f3rmula E? Pero, en serio, seguimos abierto. A ver qu\u00e9 tal les va a nuestros j\u00f3venes pilotos lo que resta de temporada. <strong>Tenemos a Colapinto, a Paul Aron y tambi\u00e9n volveremos a probar con Jack Doohan\u201d<\/strong>, dijo Briatore a AutoMotor Sport.\u00a0<\/p>\n<p><a href=\"https:\/\/x.com\/pitcrewbulteni\/status\/1962802682026250479\" rel=\"nofollow\"><img loading=\"lazy\" decoding=\"async\" width=\"720\" height=\"900\" src=\"https:\/\/www.europesays.com\/es\/wp-content\/uploads\/2025\/09\/yuki-tsunoda-y-pierre-gasly-alpine.jpg\" alt=\"Yuki Tsunoda y Pierre Gasly\" class=\"wp-image-1858355\"  \/><\/a>Yuki Tsunoda y Pierre Gasly \/ @pitcrewbulteni<\/p>\n<p>Se dice y se cuenta que <strong>Alpine sigue los pasos de Yuki Tsunoda<\/strong>, quien dif\u00edcilmente se mantendr\u00e1 en Red Bull como compa\u00f1ero de Max Verstappen. Sus opciones estar\u00edan en volver a Racing Bulls o salir de la organizaci\u00f3n y por ahora el \u00fanico lugar disponible en el mercado es el de Alpine, donde se reencontrar\u00eda con Pierre Gasly, su mejor amigo en el paddock.<\/p>\n<p>\t\tTodo lo que no sab\u00edas que necesitas saber lo encuentras en Sopitas.com<\/p>\n","protected":false},"excerpt":{"rendered":"Lo que necesitas saber: Alpine ocupa el \u00faltimo lugar en la clasificaci\u00f3n de constructores Flavio Briatore est\u00e1 buscando&hellip;\n","protected":false},"author":2,"featured_media":121758,"comment_status":"","ping_status":"","sticky":false,"template":"","format":"standard","meta":{"footnotes":""},"categories":[270],"tags":[168,5333,25,24,306,271,272,1723,11007,23,167],"class_list":{"0":"post-121757","1":"post","2":"type-post","3":"status-publish","4":"format-standard","5":"has-post-thumbnail","7":"category-formula-1","8":"tag-deportes","9":"tag-desde-el-paddock","10":"tag-es","11":"tag-espana","12":"tag-f1","13":"tag-formula-1","14":"tag-formula1","15":"tag-franco-colapinto","16":"tag-sergio-perez","17":"tag-spain","18":"tag-sports"},"share_on_mastodon":{"url":"","error":""},"_links":{"self":[{"href":"https:\/\/www.europesays.com\/es\/wp-json\/wp\/v2\/posts\/121757","targetHints":{"allow":["GET"]}}],"collection":[{"href":"https:\/\/www.europesays.com\/es\/wp-json\/wp\/v2\/posts"}],"about":[{"href":"https:\/\/www.europesays.com\/es\/wp-json\/wp\/v2\/types\/post"}],"author":[{"embeddable":true,"href":"https:\/\/www.europesays.com\/es\/wp-json\/wp\/v2\/users\/2"}],"replies":[{"embeddable":true,"href":"https:\/\/www.europesays.com\/es\/wp-json\/wp\/v2\/comments?post=121757"}],"version-history":[{"count":0,"href":"https:\/\/www.europesays.com\/es\/wp-json\/wp\/v2\/posts\/121757\/revisions"}],"wp:featuredmedia":[{"embeddable":true,"href":"https:\/\/www.europesays.com\/es\/wp-json\/wp\/v2\/media\/121758"}],"wp:attachment":[{"href":"https:\/\/www.europesays.com\/es\/wp-json\/wp\/v2\/media?parent=121757"}],"wp:term":[{"taxonomy":"category","embeddable":true,"href":"https:\/\/www.europesays.com\/es\/wp-json\/wp\/v2\/categories?post=121757"},{"taxonomy":"post_tag","embeddable":true,"href":"https:\/\/www.europesays.com\/es\/wp-json\/wp\/v2\/tags?post=121757"}],"curies":[{"name":"wp","href":"https:\/\/api.w.org\/{rel}","templated":true}]}}