{"id":121765,"date":"2025-09-17T22:12:15","date_gmt":"2025-09-17T22:12:15","guid":{"rendered":"https:\/\/www.europesays.com\/es\/121765\/"},"modified":"2025-09-17T22:12:15","modified_gmt":"2025-09-17T22:12:15","slug":"tres-obras-maestras-de-klimt-de-la-coleccion-de-leonard-a-lauder-a-subasta-en-nueva-york","status":"publish","type":"post","link":"https:\/\/www.europesays.com\/es\/121765\/","title":{"rendered":"Tres obras maestras de Klimt, de la colecci\u00f3n de Leonard A. Lauder, a subasta en Nueva York"},"content":{"rendered":"<p>17\/09\/2025<br \/>\n<br \/><strong><br \/>\nActualizado a las 19:56h.<br \/>\n<\/strong><\/p>\n<p class=\"voc-p\" style=\"\">En 2013 tuvimos la oportunidad de compartir mesa, caf\u00e9 y conversaci\u00f3n con <a href=\"https:\/\/www.abc.es\/cultura\/arte\/20130426\/abci-lauder-201304252247.html\" target=\"_self\" data-voc-vtm-id=\"in-text-traffic\" title=\"Leonard A. Lauder\" data-mrf-link=\"www.abc.es\" rel=\"nofollow noopener\">Leonard A. Lauder<\/a>. El fil\u00e1ntropo y mecenas, que don\u00f3 al <strong>Metropolitan Museum<\/strong> de Nueva York 78 obras cubistas, de artistas como Picasso, Braque, Gris y L\u00e9ger, valoradas en <strong>mil millones de d\u00f3lares<\/strong>, vino a CaixaForum Madrid, invitado por la Fundaci\u00f3n Arte y Mecenazgo, que impulsa La Caixa, para pronunciar una conferencia. Su t\u00edtulo: &#8216;Conservar, no poseer&#8217;. Presidente em\u00e9rito de Est\u00e9e Lauder Companies Inc. y del Whitney Museum of American Art, el heredero de Est\u00e9e Lauder <strong>falleci\u00f3 el pasado 14 de junio a los 92 a\u00f1o<\/strong><strong>s<\/strong>. <\/p>\n<p class=\"voc-p\" style=\"\">La sala <strong>Sotheby&#8217;s<\/strong> ha anunciado que este oto\u00f1o sacar\u00e1 a subasta en Nueva York la colecci\u00f3n de Leonard A. Lauder, \u00fanica en su generaci\u00f3n de <strong>obras maestras del siglo XX<\/strong>, que personifica la dilatada trayectoria de uno de los mayores coleccionistas y benefactores del arte en Estados Unidos. La venta inaugurar\u00e1 la nueva sede global de Sotheby&#8217;s: el <strong>hist\u00f3rico Edificio Breuer<\/strong> en Madison Avenue, un referente cultural de Nueva York.<\/p>\n<p class=\"voc-p\" style=\"\">El n\u00facleo de la colecci\u00f3n se ofrecer\u00e1 en una subasta independiente de 24 lotes el <strong>18 de noviembre<\/strong>, con una estimaci\u00f3n de ventas superior a los<strong> 400 millones de d\u00f3lares<\/strong>. La joya es uno de los retratos de cuerpo entero m\u00e1s finos y elaborados que <a href=\"https:\/\/www.abc.es\/cultura\/arte\/abci-gustav-klimt-artista-degenerado-para-nazis-vestia-mujeres-201802060232_noticia.html\" target=\"_self\" data-voc-vtm-id=\"in-text-traffic\" title=\"Gustav Klimt\" data-mrf-link=\"www.abc.es\" rel=\"nofollow noopener\">Gustav Klimt<\/a> cre\u00f3 durante el Siglo de Oro de Viena a principios del siglo XX. Representa a la joven <strong>Elisabeth Lederer<\/strong>, hija de los mayores mecenas de Klimt. La pintura nunca antes hab\u00eda salido al mercado. Ahora se ofrecer\u00e1 con un valor estimado de <strong>m\u00e1s de 150 millones de d\u00f3lares<\/strong>.<\/p>\n<p><img decoding=\"async\" loading=\"lazy\" src=\"https:\/\/s3.abcstatics.com\/abc\/www\/multimedia\/cultura\/2025\/09\/18\/klimt3_20250917165656-U77761085866cdL-760x827@diario_abc.jpg\" class=\"voc-img\" width=\"760\" height=\"827\" alt=\"'Blumenwiese', de Gustav Klimt. Su valor estimado, m\u00e1s de 80 millones de d\u00f3lares\" data-voc-vtm-id=\"in-text-traffic\"\/><\/p>\n<p>&#8216;Blumenwiese&#8217;, de Gustav Klimt. Su valor estimado, m\u00e1s de 80 millones de d\u00f3lares<\/p>\n<p>Sotheby&#8217;s<\/p>\n<p class=\"voc-p\" style=\"\">Adem\u00e1s, se ofrecen <strong>otras dos pinturas de Klimt<\/strong>: sendos paisajes de formato cuadrado caracter\u00edstico de Attersee, el amado lugar de retiro de verano de Klimt:<strong> &#8216;Blumenwiese&#8217;<\/strong> (estimado en m\u00e1s de 80 millones de d\u00f3lares), un mosaico de flores silvestres, de 1908, y<strong> &#8216;Waldhag bei Unterach am Attersee<\/strong>&#8216;, de 1916 (su valor estimado, m\u00e1s de 70 millones de d\u00f3lares). Ambos fueron pintados con el estilo maduro de Klimt. Tampoco hab\u00edan salido nunca al mercado. Tambi\u00e9n es in\u00e9dita la oferta de seis esculturas de Henri Matisse, a las que se sumar\u00e1n obras destacadas de Edvard Munch, Pablo Picasso, Agnes Martin y Claes Oldenberg, entre otros artistas.<\/p>\n<p class=\"voc-p\" style=\"\">La influencia de Leonard A. Lauder se extiende mucho m\u00e1s all\u00e1 de la industria de la belleza. Fue uno de los coleccionistas y fil\u00e1ntropos m\u00e1s apasionados e influyentes del mundo del arte durante m\u00e1s de medio siglo. Su primera adquisici\u00f3n significativa fue un collage tard\u00edo del dada\u00edsta alem\u00e1n <strong>Kurt Schwitters<\/strong>. Durante las d\u00e9cadas siguientes, construy\u00f3 la mejor colecci\u00f3n privada de arte cubista del mundo. En el <strong>Museo Whitney de Nueva York<\/strong>, del que fue presidente, se le considera el mayor defensor de la instituci\u00f3n. En 2008, su <strong>donaci\u00f3n r\u00e9cord de 131 millones de d\u00f3lares<\/strong> es la de mayor cuant\u00eda en la historia del museo. Respald\u00f3 el traslado del museo a su sede en el centro de la ciudad. Tambi\u00e9n don\u00f3 y ayud\u00f3 al museo a adquirir cientos de obras para su colecci\u00f3n.<\/p>\n<p><img decoding=\"async\" loading=\"lazy\" src=\"https:\/\/s3.abcstatics.com\/abc\/www\/multimedia\/cultura\/2025\/09\/18\/altmann-U65422120844cpT-760x427@diario_abc.JPG\" class=\"voc-img\" width=\"760\" height=\"427\" alt=\"Ronald S. Lauder, con Maria Altmann, junto al retrato de Adele Bloch-Bauer I, de Gustav Klimt, en la Neue Galerie de Nueva York en 2006\" data-voc-vtm-id=\"in-text-traffic\"\/><\/p>\n<p>Ronald S. Lauder, con Maria Altmann, junto al retrato de Adele Bloch-Bauer I, de Gustav Klimt, en la Neue Galerie de Nueva York en 2006<\/p>\n<p>Reuters<\/p>\n<p class=\"voc-p\" style=\"\">La relaci\u00f3n de la familia Lauder con Klimt no acaba con la colecci\u00f3n de Leonard. Su hermano <strong>Ronald<\/strong>, propietario de la <strong>Neue Galerie en Nueva York<\/strong> -un peque\u00f1o museo ubicado en Manhattan dedicado al arte alem\u00e1n y austriaco-, adquiri\u00f3 en una subasta en Sotheby&#8217;s en 2006 el<strong> &#8216;Retrato de Adele Bloch-Bauer I&#8217;<\/strong>, de Gustav Klimt, por <strong>135 millones de d\u00f3lares<\/strong>, unos 107 millones de euros. Se convirti\u00f3 en el cuadro m\u00e1s caro de la historia. Una pintura sobre la que corrieron r\u00edos de tinta. En 2015 fue el motivo central de <strong>&#8216;La dama de oro&#8217;<\/strong>, una pel\u00edcula de la BBC con Helen Mirren y Ryan Reynolds, dirigida por Simon Curtis. Ese retrato de la esposa de un industrial jud\u00edo de la industria azucarera est\u00e1 considerado una de las obras maestras de Klimt y ha sido causa de grandes disputas entre el Gobierno de Austria y una sobrina de Bloch-Bauer, que defend\u00eda la propiedad del \u00f3leo. Hab\u00eda sido incautado junto a otras cuatro pinturas por los <strong>nazis<\/strong> durante la Segunda Guerra Mundial. Tras un medi\u00e1tico juicio, cinco obras fueron entregadas a su sobrina, <strong>Maria Altmann<\/strong>, de 90 a\u00f1os, que viv\u00eda en Los \u00c1ngeles, y a su familia.<\/p>\n<p>Reportar un error<\/p>\n","protected":false},"excerpt":{"rendered":"17\/09\/2025 Actualizado a las 19:56h. En 2013 tuvimos la oportunidad de compartir mesa, caf\u00e9 y conversaci\u00f3n con Leonard&hellip;\n","protected":false},"author":2,"featured_media":121766,"comment_status":"","ping_status":"","sticky":false,"template":"","format":"standard","meta":{"footnotes":""},"categories":[173],"tags":[229,233,231,230,3000,232,234,146,147,25,24,4962,40089,40088,38506,795,474,23,14612,603,5867],"class_list":{"0":"post-121765","1":"post","2":"type-post","3":"status-publish","4":"format-standard","5":"has-post-thumbnail","7":"category-arte-y-diseno","8":"tag-arte","9":"tag-arte-y-diseno","10":"tag-arts","11":"tag-arts-and-design","12":"tag-coleccion","13":"tag-design","14":"tag-diseno","15":"tag-entertainment","16":"tag-entretenimiento","17":"tag-es","18":"tag-espana","19":"tag-klimt","20":"tag-lauder","21":"tag-leonard","22":"tag-maestras","23":"tag-nueva","24":"tag-obras","25":"tag-spain","26":"tag-subasta","27":"tag-tres","28":"tag-york"},"share_on_mastodon":{"url":"","error":""},"_links":{"self":[{"href":"https:\/\/www.europesays.com\/es\/wp-json\/wp\/v2\/posts\/121765","targetHints":{"allow":["GET"]}}],"collection":[{"href":"https:\/\/www.europesays.com\/es\/wp-json\/wp\/v2\/posts"}],"about":[{"href":"https:\/\/www.europesays.com\/es\/wp-json\/wp\/v2\/types\/post"}],"author":[{"embeddable":true,"href":"https:\/\/www.europesays.com\/es\/wp-json\/wp\/v2\/users\/2"}],"replies":[{"embeddable":true,"href":"https:\/\/www.europesays.com\/es\/wp-json\/wp\/v2\/comments?post=121765"}],"version-history":[{"count":0,"href":"https:\/\/www.europesays.com\/es\/wp-json\/wp\/v2\/posts\/121765\/revisions"}],"wp:featuredmedia":[{"embeddable":true,"href":"https:\/\/www.europesays.com\/es\/wp-json\/wp\/v2\/media\/121766"}],"wp:attachment":[{"href":"https:\/\/www.europesays.com\/es\/wp-json\/wp\/v2\/media?parent=121765"}],"wp:term":[{"taxonomy":"category","embeddable":true,"href":"https:\/\/www.europesays.com\/es\/wp-json\/wp\/v2\/categories?post=121765"},{"taxonomy":"post_tag","embeddable":true,"href":"https:\/\/www.europesays.com\/es\/wp-json\/wp\/v2\/tags?post=121765"}],"curies":[{"name":"wp","href":"https:\/\/api.w.org\/{rel}","templated":true}]}}