{"id":121767,"date":"2025-09-17T22:13:20","date_gmt":"2025-09-17T22:13:20","guid":{"rendered":"https:\/\/www.europesays.com\/es\/121767\/"},"modified":"2025-09-17T22:13:20","modified_gmt":"2025-09-17T22:13:20","slug":"walter-riso-no-estara-en-la-ferial-internacional-del-libro-de-guayaquil-informo-la-organizacion","status":"publish","type":"post","link":"https:\/\/www.europesays.com\/es\/121767\/","title":{"rendered":"Walter Riso no estar\u00e1 en la Ferial Internacional del Libro de Guayaquil, inform\u00f3 la organizaci\u00f3n"},"content":{"rendered":"<p wf_formattings=\"a,b\" class=\"c-text\">Este 17 de septiembre dio inicio la <a href=\"https:\/\/www.primicias.ec\/entretenimiento\/cultura\/feria-internacional-libro-guayaquil-2025-fechas-actividades-invitados-homenaje-studio-ghibli-104684\/\" title=\"Feria Internacional del Libro de Guayaquil 2025 | Fechas, actividades, invitados y homenaje a Studio Ghibli\" rel=\"nofollow noopener\" target=\"_blank\">Feria Internacional del Libro de Guayaquil<\/a>, en el Palacio de Cristal del Malec\u00f3n 2000; sin embargo, arranc\u00f3 con una gran ausencia.\u00a0<\/p>\n<p wf_formattings=\"a,b\" class=\"c-text\">A trav\u00e9s de las redes oficiales del evento cultural, se inform\u00f3 que <b>el escritor Walter Riso, parte de los invitados especiales a esta edici\u00f3n de la FIL25 Guayaquil, no estar\u00e1 presente.\u00a0<\/b><\/p>\n<p wf_formattings=\"a,b\" class=\"c-text\">El comunicado informa que el escritor<b> Walter Riso, de 74 a\u00f1os, \u00abha sufrido un quebranto en su salud\u00bb<\/b> y por ese motivo no estar\u00e1 presente en Guayaquil, como se hab\u00eda programado.\u00a0<\/p>\n<p wf_formattings=\"a,b\" class=\"c-text\">El reconocido escritor ten\u00eda prevista una charla y la organizaci\u00f3n de la FIL25 Guayaquil inform\u00f3 que se comunicar\u00e1 directamente con las personas registradas.<\/p>\n<p wf_formattings=\"a,b\" class=\"c-text\"><b>La Feria Internacional del Libro de Guayaquil se extender\u00e1 hasta el 21 de septiembre.<\/b><\/p>\n","protected":false},"excerpt":{"rendered":"Este 17 de septiembre dio inicio la Feria Internacional del Libro de Guayaquil, en el Palacio de Cristal&hellip;\n","protected":false},"author":2,"featured_media":121768,"comment_status":"","ping_status":"","sticky":false,"template":"","format":"standard","meta":{"footnotes":""},"categories":[172],"tags":[224,12820,146,147,25,1598,24,40091,3551,225,23,40090],"class_list":{"0":"post-121767","1":"post","2":"type-post","3":"status-publish","4":"format-standard","5":"has-post-thumbnail","7":"category-libros","8":"tag-books","9":"tag-enfermo","10":"tag-entertainment","11":"tag-entretenimiento","12":"tag-es","13":"tag-escritores","14":"tag-espana","15":"tag-feria-internacional-del-libro","16":"tag-invitados","17":"tag-libros","18":"tag-spain","19":"tag-walter-riso"},"share_on_mastodon":{"url":"","error":""},"_links":{"self":[{"href":"https:\/\/www.europesays.com\/es\/wp-json\/wp\/v2\/posts\/121767","targetHints":{"allow":["GET"]}}],"collection":[{"href":"https:\/\/www.europesays.com\/es\/wp-json\/wp\/v2\/posts"}],"about":[{"href":"https:\/\/www.europesays.com\/es\/wp-json\/wp\/v2\/types\/post"}],"author":[{"embeddable":true,"href":"https:\/\/www.europesays.com\/es\/wp-json\/wp\/v2\/users\/2"}],"replies":[{"embeddable":true,"href":"https:\/\/www.europesays.com\/es\/wp-json\/wp\/v2\/comments?post=121767"}],"version-history":[{"count":0,"href":"https:\/\/www.europesays.com\/es\/wp-json\/wp\/v2\/posts\/121767\/revisions"}],"wp:featuredmedia":[{"embeddable":true,"href":"https:\/\/www.europesays.com\/es\/wp-json\/wp\/v2\/media\/121768"}],"wp:attachment":[{"href":"https:\/\/www.europesays.com\/es\/wp-json\/wp\/v2\/media?parent=121767"}],"wp:term":[{"taxonomy":"category","embeddable":true,"href":"https:\/\/www.europesays.com\/es\/wp-json\/wp\/v2\/categories?post=121767"},{"taxonomy":"post_tag","embeddable":true,"href":"https:\/\/www.europesays.com\/es\/wp-json\/wp\/v2\/tags?post=121767"}],"curies":[{"name":"wp","href":"https:\/\/api.w.org\/{rel}","templated":true}]}}