{"id":121769,"date":"2025-09-17T22:14:08","date_gmt":"2025-09-17T22:14:08","guid":{"rendered":"https:\/\/www.europesays.com\/es\/121769\/"},"modified":"2025-09-17T22:14:08","modified_gmt":"2025-09-17T22:14:08","slug":"first-dates-una-soltera-hace-saltar-las-alarmas-al-atragantarse-mientras-cenaba-llama-a-una-ambulancia","status":"publish","type":"post","link":"https:\/\/www.europesays.com\/es\/121769\/","title":{"rendered":"First Dates: Una soltera hace saltar las alarmas al atragantarse mientras cenaba: \u00abLlama a una ambulancia\u00bb"},"content":{"rendered":"<p>17\/09\/2025<br \/>\n<br \/><strong><br \/>\nActualizado a las 22:25h.<br \/>\n<\/strong><\/p>\n<p class=\"voc-p\" style=\"\">Aunque est\u00e1 en la edad de disfrutar de la jubilaci\u00f3n, <strong>Lui<\/strong>s (73), contin\u00faa al pie del ca\u00f1\u00f3n en su cafeter\u00eda. Seg\u00fan \u00e9l, el trabajo le da vida. Por esa raz\u00f3n asegura no tener tiempo para el amor, \u00absolo para echar alg\u00fan desahogo\u00bb. Y es que adem\u00e1s de vigoroso, presume de ser un lig\u00f3n. De hecho,<a href=\"https:\/\/www.abc.es\/play\/television\/noticias\/periodista-telecinco-presenta-first-dates-espanta-cita-20250916211034-nt.html\" target=\"_self\" data-voc-vtm-id=\"in-text-traffic\" title=\" acudi\u00f3 a &#039;First Dates\" data-mrf-link=\"www.abc.es\" rel=\"nofollow noopener\"> acudi\u00f3 a &#8216;First Dates<\/a>&#8216; \u00absolo porque me encanta el programa, yo voy a cualquier discoteca y al d\u00eda siguiente ya tengo a dos o tres\u00bb. <\/p>\n<p class=\"voc-p\" style=\"\">Al describir a su prototipo,<strong> Luis<\/strong> no puso muchas exigencias; salvo que le atraen las mujeres humildes y trabajadoras. \u00ab\u00bfQu\u00e9 vas a pedir m\u00e1s a estas alturas? Si fuese <strong>Julio Iglesia<\/strong>s, <strong>Bill Gates<\/strong> o <strong>Amancio Ortega<\/strong>\u2026\u00bb, apunt\u00f3. Su cita fue <strong>Maricruz<\/strong> (77), una comercial jubilada natural de Palencia que se defini\u00f3 como una persona que siempre ha sido \u00abactiva y muy trabajadora\u00bb.<\/p>\n<p class=\"voc-p\" style=\"\">En el presente su ritmo ha cambiado, ahora va por la vida m\u00e1s despacio. Y ese detalle ech\u00f3 para atr\u00e1s al empresario. \u00abNada m\u00e1s verla entrar y andar ya se que no es para mi. Me hace falta una mujer con m\u00e1s energ\u00eda\u00bb, determin\u00f3. Por parte de ella la primera impresi\u00f3n no result\u00f3 mucho mejor. \u00abF\u00edsicamente no me gusta, es calvo\u2026 No le veo ning\u00fan encanto. Soy una tiquismiquis\u00bb, sentenci\u00f3 en los totales.<\/p>\n<p>\nLuis y Maricruz no encajan en nada\n<\/p>\n<p class=\"voc-p\" style=\"\">Los manchegos se sentaron a cenar sin ninguna clase de expectativa en que el encuentro acabara en una segunda cita, y no se equivocaron. Hasta que conoci\u00f3 a <strong>Maricruz,<\/strong> lo \u00fanico que<strong> Luis<\/strong> conoc\u00eda de Palencia era una sala de baile, una afici\u00f3n que prefiere mil veces al gimnasio. \u00abEs terapia. Me ha gustado m\u00e1s que hacer el desahogo, f\u00edjate\u00bb, confes\u00f3. Pero su acompa\u00f1ante hoy por hoy prefiere dedicar su tiempo a actividades m\u00e1s tranquilas. <\/p>\n<p class=\"voc-p\" style=\"\">En el aspecto amoroso tampoco llegaron a coincidir. Ninguno ha tenido suerte en las relaciones, si bien por motivos muy distintos. En el caso de <strong>Luis<\/strong> porque no le ha dado tiempo. \u00abHe tenido alguna amiga\u2026\u00bb, dej\u00f3 caer. Saberlo solo empeor\u00f3 la imagen que su cita se hab\u00eda hecho de \u00e9l, explicando ante el equipo que \u00aben el trato personal no he encontrado algo positivo\u00bb. <\/p>\n<p><img decoding=\"async\" loading=\"lazy\" src=\"https:\/\/www.europesays.com\/es\/wp-content\/uploads\/2025\/09\/dates-U16853807115NOK-760x427@diario_abc.jpg\" class=\"voc-img\" width=\"760\" height=\"427\" alt=\"Luis y Maricruz abandonaron 'First Dates' cada uno por su lado\" data-voc-vtm-id=\"in-text-traffic\"\/><\/p>\n<p>Luis y Maricruz abandonaron &#8216;First Dates&#8217; cada uno por su lado<\/p>\n<p>Cuatro<\/p>\n<p class=\"voc-p\" style=\"\">A continuaci\u00f3n, cuando parec\u00eda que la velada acabar\u00eda sin pena ni gloria, los comensales se pegaron un gran susto. Sobre todo <strong>Maricruz<\/strong>. La jubilada se atragant\u00f3 con el agua mientras cenaba y casi se ahoga. \u00abJoder, llama a una ambulancia r\u00e1pido\u00bb, pidi\u00f3 su acompa\u00f1ante en tono de broma. Adem\u00e1s, por si acaso, se ofreci\u00f3 a hacerle el boca a boca. <\/p>\n<p class=\"voc-p\" style=\"\">Afortunadamente no pas\u00f3 de ah\u00ed, y de hecho pudieron acabar la cita ech\u00e1ndose un baile en el reservado de <strong>&#8216;First Dates&#8217;<\/strong> antes de irse cada uno por su lado en la decisi\u00f3n final.<\/p>\n<p>Reportar un error<\/p>\n","protected":false},"excerpt":{"rendered":"17\/09\/2025 Actualizado a las 22:25h. Aunque est\u00e1 en la edad de disfrutar de la jubilaci\u00f3n, Luis (73), contin\u00faa&hellip;\n","protected":false},"author":2,"featured_media":121770,"comment_status":"","ping_status":"","sticky":false,"template":"","format":"standard","meta":{"footnotes":""},"categories":[171],"tags":[7612,19278,22125,40092,146,147,25,24,8500,15459,7714,23,214],"class_list":{"0":"post-121769","1":"post","2":"type-post","3":"status-publish","4":"format-standard","5":"has-post-thumbnail","7":"category-tv","8":"tag-alarmas","9":"tag-ambulancia","10":"tag-atragantarse","11":"tag-cenaba","12":"tag-entertainment","13":"tag-entretenimiento","14":"tag-es","15":"tag-espana","16":"tag-llama","17":"tag-saltar","18":"tag-soltera","19":"tag-spain","20":"tag-tv"},"share_on_mastodon":{"url":"","error":""},"_links":{"self":[{"href":"https:\/\/www.europesays.com\/es\/wp-json\/wp\/v2\/posts\/121769","targetHints":{"allow":["GET"]}}],"collection":[{"href":"https:\/\/www.europesays.com\/es\/wp-json\/wp\/v2\/posts"}],"about":[{"href":"https:\/\/www.europesays.com\/es\/wp-json\/wp\/v2\/types\/post"}],"author":[{"embeddable":true,"href":"https:\/\/www.europesays.com\/es\/wp-json\/wp\/v2\/users\/2"}],"replies":[{"embeddable":true,"href":"https:\/\/www.europesays.com\/es\/wp-json\/wp\/v2\/comments?post=121769"}],"version-history":[{"count":0,"href":"https:\/\/www.europesays.com\/es\/wp-json\/wp\/v2\/posts\/121769\/revisions"}],"wp:featuredmedia":[{"embeddable":true,"href":"https:\/\/www.europesays.com\/es\/wp-json\/wp\/v2\/media\/121770"}],"wp:attachment":[{"href":"https:\/\/www.europesays.com\/es\/wp-json\/wp\/v2\/media?parent=121769"}],"wp:term":[{"taxonomy":"category","embeddable":true,"href":"https:\/\/www.europesays.com\/es\/wp-json\/wp\/v2\/categories?post=121769"},{"taxonomy":"post_tag","embeddable":true,"href":"https:\/\/www.europesays.com\/es\/wp-json\/wp\/v2\/tags?post=121769"}],"curies":[{"name":"wp","href":"https:\/\/api.w.org\/{rel}","templated":true}]}}