{"id":121787,"date":"2025-09-17T22:23:15","date_gmt":"2025-09-17T22:23:15","guid":{"rendered":"https:\/\/www.europesays.com\/es\/121787\/"},"modified":"2025-09-17T22:23:15","modified_gmt":"2025-09-17T22:23:15","slug":"vuelven-los-avisos-por-calor-luego-se-hundiran-las-temperaturas-y-llovera","status":"publish","type":"post","link":"https:\/\/www.europesays.com\/es\/121787\/","title":{"rendered":"vuelven los avisos por calor, luego se hundir\u00e1n las temperaturas y llover\u00e1"},"content":{"rendered":"<p class=\"ft-text ft-helper-closenews\">La Aemet ha constatado que <a class=\"ft-link ft-link--decoration\" href=\"https:\/\/www.farodevigo.es\/galicia\/2025\/09\/12\/comunidad-apunta-2025-verano-calido-121486571.html\" rel=\"nofollow noopener\" target=\"_blank\">Galicia vivi\u00f3 su verano m\u00e1s c\u00e1lido<\/a> desde que comienza su serie hist\u00f3rica, en 1961, <strong>con 2,2 grados Celsius por encima del valor normal<\/strong>. Tras un lluvioso arranque de septiembre, los cielos despejados y las altas temperaturas han vuelto esta semana, con m\u00e1ximas m\u00e1s propias del pleno est\u00edo. Tanto es as\u00ed qu<strong>e han vuelto los avisos por calor <\/strong>al mapa de la comunidad.<\/p>\n<p class=\"ft-text\">Entre las 15:00 y las 21:00 de ma\u00f1ana jueves, <a class=\"ft-link ft-link--decoration\" href=\"https:\/\/www.meteogalicia.gal\/web\/predicion\/avisos\/1\" rel=\"nofollow noopener\" target=\"_blank\"><strong>MeteoGalicia ha activado la alerta amarilla<\/strong><\/a> en las cuencas del Mi\u00f1o en Pontevedra (m\u00e1ximas de m\u00e1s de 34\u00ba C) y en Ourense, en el sur de Lugo y en Valdeorras, estas tres \u00faltimas zonas con valores superiores a los 36\u00ba.<\/p>\n<p class=\"ft-text\">La tendencia anticicl\u00f3nica se mantendr\u00e1 durante el viernes, con <strong>un ligero alivio t\u00e9rmico<\/strong>. Pero despu\u00e9s, el s\u00e1bado, el panorama cambiar\u00e1 de manera brusca: <strong>la entrada de aire fr\u00edo <\/strong>har\u00e1 descender manera brusca los term\u00f3metros, con<strong> ca\u00eddas de entre 8 y 10 grados en el interior.<\/strong> Adem\u00e1s, esa jornada y el domingo un frente poco activo <strong>dejar\u00e1 lluvias en la pr\u00e1ctica totalidad del territorio.<\/strong><\/p>\n<p class=\"ft-text\">Con todo, el anticicl\u00f3n parece que no ha dicho su \u00faltima palabra y <strong>puede volver a asentarse<\/strong> desde mediados de la pr\u00f3xima semana. De hecho, <a class=\"ft-link ft-link--decoration\" href=\"https:\/\/www.aemet.es\/es\/eltiempo\/prediccion\/espana?k=gal&amp;w=11\" rel=\"nofollow noopener\" target=\"_blank\">la Aemet,<\/a> en su pron\u00f3stico estacional, ha avanzado este mi\u00e9rcoles que ser\u00e1 \u00abm\u00e1s c\u00e1lido y m\u00e1s seco de lo normal\u00bb.<\/p>\n<p>Previsi\u00f3n por d\u00edas<img decoding=\"async\" src=\"https:\/\/www.europesays.com\/es\/wp-content\/uploads\/2025\/09\/3a119b82-4b99-4daa-8bb2-5a86467e920f_alta-libre-aspect-ratio_default_0.jpg\" width=\"1200\" height=\"936\" alt=\"Previsi\u00f3n de lluvia para el s\u00e1bado, seg\u00fan el modelo ECMWF\" class=\"ft-helper-img-rd\" loading=\"lazy\" hasdataaida=\"true\"\/><\/p>\n<p class=\"ft-helper-fontColor-quaternary ft-helper-fontSize-body-S ft-helper-spacer-t-xxs\">Previsi\u00f3n de lluvia para el s\u00e1bado, seg\u00fan el modelo ECMWF  \/ Meteored<\/p>\n<p class=\"ft-text\">As\u00ed pues, para este jueves Galicia seguir\u00e1 con influencia anticicl\u00f3nica, con tiempo seco y soleado, con cielos despejados o con algunas nubes altas. Habr\u00e1 presencia de nieblas costeras en el litoral norte. Las temperaturas estar\u00e1n en un ascenso entre ligero y moderado, con<a class=\"ft-link ft-link--decoration\" href=\"https:\/\/www.farodevigo.es\/galicia\/2025\/07\/26\/playa-rias-baixas-elegida-deseadas-dv-103959347.html\" rel=\"nofollow noopener\" target=\"_blank\"> las m\u00e1ximas por encima de 30 grados <\/a>en casi cualquier punto del territorio, excepto en el norte coru\u00f1\u00e9s. Los vientos soplar\u00e1n flojos de direcci\u00f3n variable.<\/p>\n<p class=\"ft-text ft-helper-align-justify\">Seg\u00fan MeteoGalicia, el viernes se mantendr\u00e1 bajo influencia de las altas presiones, aunque con entrada de aire fr\u00edo en altura. Los cielos alternar\u00e1n nubes y claros, con posibilidad de chubascos localmente tormentosos en la mitad este de la comunidad. Las temperaturas m\u00ednimas <strong>experimentar\u00e1n un ligero ascenso,<\/strong> mientras que las m\u00e1ximas descender\u00e1n tambi\u00e9n de manera leve. Los vientos soplar\u00e1n de direcci\u00f3n variable por la ma\u00f1ana, tomando direcci\u00f3n sudoeste a partir del mediod\u00eda.<\/p>\n<p class=\"ft-text ft-helper-align-justify\">Ese cambio de viento anuncia la llegada, ya el s\u00e1bado, de un frente fr\u00edo que dejar\u00e1 precipitaciones y traer\u00e1 aire muy fr\u00edo detr\u00e1s. Durante la ma\u00f1ana los cielos permanecer\u00e1n nubosos con lluvias que comenzar\u00e1n a primera hora por el litoral de A Coru\u00f1a e <strong>ir\u00e1n llegando al resto del territorio con el avance de las horas.<\/strong> Por la tarde las lluvias ir\u00e1n remitiendo y se ir\u00e1n abriendo claros. Las temperaturas sufrir\u00e1n un notable descenso, algo de m\u00e1s de 20\u00ba. El viento comenzar\u00e1 el d\u00eda moderado del sudoeste y <strong>quedar\u00e1 del noroeste tras el paso del frente.<\/strong><\/p>\n<p class=\"ft-text ft-helper-align-justify\">El domingo ser\u00e1 una jornada con chubascos, m\u00e1s probables en el norte y por la ma\u00f1ana y <strong>con un importante descenso de las temperaturas<\/strong>. Ya durante la pr\u00f3xima semana, Galicia tendr\u00e1 una atm\u00f3sfera m\u00e1s estabilizada, por lo que las probabilidades de lluvia ir\u00e1n disminuyendo y las temperaturas aumentando, aunque el lunes se mantendr\u00e1n bajas para la \u00e9poca del a\u00f1o.<\/p>\n<p>Un verano de r\u00e9cord<\/p>\n<p class=\"ft-text\">El delegado de la Aemet en Galicia, Francisco Infante, ha afirmado que el pasado verano \u2014junio, julio y agosto\u2014 ha sido<strong> \u00abextremadamente c\u00e1lido y muy seco o extremadamente seco <\/strong>en algunas zonas de Galicia\u00bb.<\/p>\n<p class=\"ft-text\">\u00abEl m\u00e1s c\u00e1lido desde 1961, <strong>con 2,2 grados por encima del valor normal<\/strong>\u00bb, ha especificado para concretar que el mes de \u00abjunio ha sido extremadamente c\u00e1lido y julio y agosto muy c\u00e1lidos\u00bb. En cuanto a las precipitaciones, junio y julio han sido muy secos y agosto, seco. \u00abSolo ha ca\u00eddo un 45% de la precipitaci\u00f3n normal del trimestre\u00bb, ha expuesto.<\/p>\n<p class=\"ft-text\">Seg\u00fan ha precisado, en estas \u00e1reas con un clima m\u00e1s extremo es<a href=\"https:\/\/www.farodevigo.es\/galicia\/2025\/08\/28\/terreno-calcinado-incendios-ourense-dano-irreversible-120997050.html\" class=\"ft-link ft-link--decoration\" rel=\"nofollow noopener\" target=\"_blank\"> donde se produjeron los incendios \u00abm\u00e1s importantes\u00bb.<\/a> Estas son el sureste de Galicia, la provincia de Ourense, el sur de Lugo y parte de la provincia de Pontevedra.<\/p>\n<p class=\"ft-text\">\u00abLlevamos varios veranos con temperaturas por encima de lo normal, en concreto cuatro seguidos\u00bb, ha recordado para recalcar que el de 2025 ha sido<strong> \u00abespecialmente llamativo\u00bb y con un \u00abd\u00e9ficit de precipitaci\u00f3n muy importante\u00bb.<\/strong><\/p>\n<p class=\"ft-text\">As\u00ed, el mes de junio ha sido \u00abel m\u00e1s calido de la serie hist\u00f3rica en Galicia\u00bb y muy seco, con dos episodios importantes de calor; entre el 17 y el 20 y del 27 y al 1 de julio. La temperatura m\u00e1xima fue de <strong>41,6 grados y se alcanz\u00f3 en Ourense <\/strong>el d\u00eda 30. En la misma l\u00ednea, julio ha sido \u00abmuy caluroso pero sin llegar a la definici\u00f3n de ola de calor\u00bb y \u00abmuy seco\u00bb.<\/p>\n<p class=\"ft-text\">En cuanto a agosto, Infante ha destacado que ha sido \u00abmuy c\u00e1lido\u00bb, el segundo de la serie hist\u00f3rica por detr\u00e1s de ese mismo mes de 2003. \u00abLa ola de calor m\u00e1s importante del verano se produjo entre el 3 y el 17 de agosto y es la m\u00e1s larga registrada\u00bb, ha se\u00f1alado para explicar que \u00abno se alcanzaron temperaturas de r\u00e9cord pero fueron muy altas durante muchos d\u00edas\u00bb. <strong>La m\u00e1s elevada se registr\u00f3 en Ribadavia, el d\u00eda 4 con casi 43 grados.<\/strong><\/p>\n<p class=\"ft-text\">Respecto a la primera quincena del mes de septiembre ha apuntado que ha sido \u00abm\u00e1s h\u00fameda y con m\u00e1s fr\u00edo de lo normal hasta el momento\u00bb.<\/p>\n<p class=\"ft-text\">El balance del a\u00f1o hidr\u00f3logico que finaliza el 1 de octubre, seg\u00fan el delegado de Aemet, presenta una situaci\u00f3n en toda Espa\u00f1a que est\u00e1 \u00abbastante bien\u00bb con una cantidad acumulada \u00aben torno a los valores normales o por encima\u00bb. En concreto, en Galicia es \u00abnormal\u00bb debido a que viene de un a\u00f1o en el que todas las estaciones han sido h\u00famedas y ha compensado el d\u00e9ficit de precipitaci\u00f3n del verano.<\/p>\n<p data-close=\"closedContent\" class=\"subscribeHideForDisplay\">Suscr\u00edbete para seguir leyendo<\/p>\n","protected":false},"excerpt":{"rendered":"La Aemet ha constatado que Galicia vivi\u00f3 su verano m\u00e1s c\u00e1lido desde que comienza su serie hist\u00f3rica, en&hellip;\n","protected":false},"author":2,"featured_media":121788,"comment_status":"","ping_status":"","sticky":false,"template":"","format":"standard","meta":{"footnotes":""},"categories":[8],"tags":[3830,17,18,4922,3463,25770,25,24,13,14,16249,816,11,19,20,6194,9,10,15,16,23,6195,159,12,21,22,1793],"class_list":{"0":"post-121787","1":"post","2":"type-post","3":"status-publish","4":"format-standard","5":"has-post-thumbnail","7":"category-espana","8":"tag-alerta","9":"tag-breaking-news","10":"tag-breakingnews","11":"tag-calor","12":"tag-cambios","13":"tag-el-tiempo-en-galicia","14":"tag-es","15":"tag-espana","16":"tag-featured-news","17":"tag-featurednews","18":"tag-frio","19":"tag-galicia","20":"tag-headlines","21":"tag-latest-news","22":"tag-latestnews","23":"tag-lluvias","24":"tag-news","25":"tag-noticias","26":"tag-noticias-destacadas","27":"tag-noticiasdestacadas","28":"tag-spain","29":"tag-temperaturas","30":"tag-tiempo","31":"tag-titulares","32":"tag-ultimas-noticias","33":"tag-ultimasnoticias","34":"tag-verano"},"share_on_mastodon":{"url":"","error":""},"_links":{"self":[{"href":"https:\/\/www.europesays.com\/es\/wp-json\/wp\/v2\/posts\/121787","targetHints":{"allow":["GET"]}}],"collection":[{"href":"https:\/\/www.europesays.com\/es\/wp-json\/wp\/v2\/posts"}],"about":[{"href":"https:\/\/www.europesays.com\/es\/wp-json\/wp\/v2\/types\/post"}],"author":[{"embeddable":true,"href":"https:\/\/www.europesays.com\/es\/wp-json\/wp\/v2\/users\/2"}],"replies":[{"embeddable":true,"href":"https:\/\/www.europesays.com\/es\/wp-json\/wp\/v2\/comments?post=121787"}],"version-history":[{"count":0,"href":"https:\/\/www.europesays.com\/es\/wp-json\/wp\/v2\/posts\/121787\/revisions"}],"wp:featuredmedia":[{"embeddable":true,"href":"https:\/\/www.europesays.com\/es\/wp-json\/wp\/v2\/media\/121788"}],"wp:attachment":[{"href":"https:\/\/www.europesays.com\/es\/wp-json\/wp\/v2\/media?parent=121787"}],"wp:term":[{"taxonomy":"category","embeddable":true,"href":"https:\/\/www.europesays.com\/es\/wp-json\/wp\/v2\/categories?post=121787"},{"taxonomy":"post_tag","embeddable":true,"href":"https:\/\/www.europesays.com\/es\/wp-json\/wp\/v2\/tags?post=121787"}],"curies":[{"name":"wp","href":"https:\/\/api.w.org\/{rel}","templated":true}]}}