{"id":121795,"date":"2025-09-17T22:30:28","date_gmt":"2025-09-17T22:30:28","guid":{"rendered":"https:\/\/www.europesays.com\/es\/121795\/"},"modified":"2025-09-17T22:30:28","modified_gmt":"2025-09-17T22:30:28","slug":"ruanda-2025-un-mundial-muy-diferente-te-contamos-por-que","status":"publish","type":"post","link":"https:\/\/www.europesays.com\/es\/121795\/","title":{"rendered":"Ruanda 2025, un mundial (muy) diferente. Te contamos por qu\u00e9"},"content":{"rendered":"<p>En cuanto a la formaci\u00f3n femenina \u00e9lite, Espa\u00f1a acudir\u00e1 con <strong>Mavi Garc\u00eda (Liv Alula Jayco), Mireia Benito (AG Insurance &#8211; Soudal Team), que har\u00e1 tambi\u00e9n la CRI, la campeona de Espa\u00f1a Sara Mart\u00edn (Movistar Team), Ane Santesteban (Laboral Kutxa), Usoa Ostolaza (Laboral Kutxa) y Alicia Gonz\u00e1lez (St Michel &#8211; Preference Home &#8211; Auber93).<\/strong><\/p>\n<p>&#8211; Un escenario para la historia: el primer mundial en \u00c1frica<\/p>\n<p>Por primera vez en m\u00e1s de 100 a\u00f1os de historia, el Campeonato del Mundo de Ciclismo viaja al continente africano. La elecci\u00f3n de <strong>Kigali, la capital de Ruanda<\/strong>, no es casual. El pa\u00eds, conocido como \u00abla tierra de las mil colinas\u00bb, ha experimentado una profunda transformaci\u00f3n y ha abrazado el ciclismo a lo largo de los \u00faltimos a\u00f1os como un s\u00edmbolo de esperanza, resiliencia y futuro. Este evento representa un hito para la globalizaci\u00f3n del ciclismo y una oportunidad \u00fanica para mostrar al mundo la pasi\u00f3n con la que se vive este deporte en Ruanda, como ya se aprecia anualmente en el <strong>Tour de Ruanda<\/strong>.<\/p>\n<p><img decoding=\"async\" alt=\"Ruanda 2025, un mundial (muy) diferente. Te contamos por qu\u00e9\" data-entity-type=\"file\" data-entity-uuid=\"81f71ce5-bd3d-4215-8951-a15703f1cb30\" src=\"https:\/\/www.europesays.com\/es\/wp-content\/uploads\/2025\/09\/mundiales_ruanda_25_claves_12.jpg\"\/><\/p>\n<p>&#8211; \u00bfEl recorrido m\u00e1s exigente de la historia moderna?<\/p>\n<p>Los n\u00fameros hablan por s\u00ed solos. La prueba de fondo \u00e9lite masculina se enfrentar\u00e1 a <strong>267,5 kil\u00f3metros y un desnivel positivo acumulado de 5.475 metros<\/strong>. Para ponerlo en perspectiva, supera la dureza de ediciones como Innsbruck 2018 (4.670 m), donde se coron\u00f3 Alejandro Valverde como Campe\u00f3n del Mundo, o Z\u00farich 2024 (4.470 m). Se trata de un trazado exigente, sin un metro llano, que exigir\u00e1 una resistencia a prueba de bombas y que seleccionar\u00e1 de forma natural a los corredores m\u00e1s fuertes del pelot\u00f3n.<\/p>\n<p><img decoding=\"async\" alt=\"Ruanda 2025, un mundial (muy) diferente. Te contamos por qu\u00e9\" data-entity-type=\"file\" data-entity-uuid=\"97daa36c-8e76-4295-938e-b56d832bee01\" src=\"https:\/\/www.europesays.com\/es\/wp-content\/uploads\/2025\/09\/mundiales_ruanda_25_claves_7.jpg\"\/><\/p>\n<p>&#8211; Monte Kigali: El juez de la carrera, pero no el \u00fanico<\/p>\n<p>Dentro del recorrido masculino, una subida est\u00e1 marcada en rojo: el Monte Kigali. Con sus <strong>6 kil\u00f3metros a una pendiente media del 7%<\/strong>, esta ascensi\u00f3n se coronar\u00e1 a unos 100 kil\u00f3metros de meta. Su ubicaci\u00f3n estrat\u00e9gica la convierte en el punto ideal para lanzar ataques lejanos y romper la carrera de forma definitiva. Pero no ser\u00e1 \u00e9ste el \u00fanico reto a superar, el circuito (tanto para hombres como para mujeres y categor\u00edas inferiores) incluye tambi\u00e9n las subidas de <strong>Kigali Golf<\/strong> (0,8 km al 8,1% de media con rampas m\u00e1ximas del 14%) y la subida adoquinada a <strong>Kimihurura <\/strong>(de 1,3 km y 6,3% de pendiente media).<\/p>\n<p><img decoding=\"async\" alt=\"Ruanda 2025, un mundial (muy) diferente. Te contamos por qu\u00e9\" data-entity-type=\"file\" data-entity-uuid=\"bd28f789-4a9e-49e4-89a9-d75ea03b4335\" src=\"https:\/\/www.europesays.com\/es\/wp-content\/uploads\/2025\/09\/mundiales_ruanda_25_claves_3.jpg\"\/><\/p>\n<p>&#8211; Un trazado femenino rompepiernas<\/p>\n<p>La prueba femenina no se queda atr\u00e1s en cuanto a dureza. Las ciclistas se enfrentar\u00e1n a <strong>164,6 kil\u00f3metros y 3.350 metros de desnivel positivo<\/strong>, una de las pruebas de un d\u00eda m\u00e1s exigentes del calendario, apenas superada por el <a href=\"https:\/\/www.maillotmag.com\/tags\/tour-de-flandes\" rel=\"nofollow noopener\" target=\"_blank\"><strong>Tour de Flandes<\/strong><\/a> (168 km). El recorrido, un constante sube y baja sin apenas descanso, favorecer\u00e1 a las corredoras m\u00e1s completas y con gran capacidad en las ascensiones cortas, poni\u00e9ndoselo dif\u00edcil a las velocistas puras.<\/p>\n<p><img decoding=\"async\" alt=\"Ruanda 2025, un mundial (muy) diferente. Te contamos por qu\u00e9\" data-entity-type=\"file\" data-entity-uuid=\"7639cf20-983a-49b4-9d35-09070a08982c\" src=\"https:\/\/www.europesays.com\/es\/wp-content\/uploads\/2025\/09\/mundiales_ruanda_25_claves_9.jpg\"\/><\/p>\n<p>&#8211; El factor altitud<\/p>\n<p><strong>Kigali <\/strong>se sit\u00faa a una altitud media de <strong>1.567 metros sobre el nivel del mar<\/strong>. Aunque no es una altitud extrema, y los corredores cada vez est\u00e1n m\u00e1s acostumbrados a entrenar en altura, s\u00ed es un factor que los ciclistas pueden notar, especialmente cuando vayan pasando los kil\u00f3metros y las horas de carrera. La gesti\u00f3n de este factor ser\u00e1 crucial la parte final de la competici\u00f3n.<\/p>\n<p><img decoding=\"async\" alt=\"Ruanda 2025, un mundial (muy) diferente. Te contamos por qu\u00e9\" data-entity-type=\"file\" data-entity-uuid=\"08a7683c-1a84-4342-95f9-81ade702c3bc\" src=\"https:\/\/www.europesays.com\/es\/wp-content\/uploads\/2025\/09\/mundiales_ruanda_25_claves_10.jpg\"\/><\/p>\n<p>&#8211; Tadej Pogacar: el favorito<\/p>\n<p>Si hay un nombre que resuena por encima del resto, ese es el de <a href=\"https:\/\/www.maillotmag.com\/tags\/tadej-pogacar\" rel=\"nofollow noopener\" target=\"_blank\"><strong>Tadej Pogacar<\/strong><\/a>. El esloveno, vigente campe\u00f3n del mundo, tiene en <strong>Ruanda <\/strong>un recorrido que se adapta a la perfecci\u00f3n a sus caracter\u00edsticas de escalador explosivo y fondista. Su capacidad para encadenar esfuerzos y su ambici\u00f3n le colocan como el principal candidato al oro. La estrategia del resto de selecciones girar\u00e1, en gran medida, en torno a c\u00f3mo neutralizar al esloveno.<\/p>\n<p><img decoding=\"async\" alt=\"Ruanda 2025, un mundial (muy) diferente. Te contamos por qu\u00e9\" data-entity-type=\"file\" data-entity-uuid=\"fc86138a-a9a2-4fc6-85b2-8e866c465b0d\" src=\"https:\/\/www.europesays.com\/es\/wp-content\/uploads\/2025\/09\/mundiales_ruanda_25_claves_11.jpg\"\/><\/p>\n<p>&#8211; Remco Evenepoel: el aspirante<\/p>\n<p>M\u00e1s all\u00e1 de <strong>Pogacar<\/strong>, el dur\u00edsimo perfil abre la puerta a un selecto grupo de corredores. Ciclistas como <a href=\"https:\/\/www.maillotmag.com\/tags\/remco-evenepoel\" rel=\"nofollow noopener\" target=\"_blank\"><strong>Remco Evenepoel<\/strong><\/a> (vigente campe\u00f3n del mundo en CRI), si logra encontrar su mejor versi\u00f3n, puede ser el principal oponente de <strong>Pogacar<\/strong>. O escaladores puros y corredores de grandes vueltas. Tambi\u00e9n tendr\u00e1n su oportunidad los \u00abclasic\u00f3manos\u00bb con buena capacidad para superar desniveles.<\/p>\n<p><img decoding=\"async\" alt=\"Ruanda 2025, un mundial (muy) diferente. Te contamos por qu\u00e9\" data-entity-type=\"file\" data-entity-uuid=\"90f2ac14-02c8-422a-8323-d5a98e45421b\" src=\"https:\/\/www.europesays.com\/es\/wp-content\/uploads\/2025\/09\/mundiales_ruanda_25_claves_1.jpg\"\/><\/p>\n<p>&#8211; La afici\u00f3n ruandesa: espect\u00e1culo en las cunetas<\/p>\n<p>Quienes han seguido el <strong>Tour de Ruanda<\/strong> conocen el fervor del p\u00fablico local. Se esperan cientos de miles de aficionados a lo largo de todo el recorrido, creando una atm\u00f3sfera vibrante y colorida. Esta masiva presencia de p\u00fablico no solo nos dejar\u00e1 una imagen ic\u00f3nica del campeonato, sino que los ciclistas podr\u00e1n sentir el aliento de todo un continente en cada grito de \u00e1nimo.<\/p>\n<p><img decoding=\"async\" alt=\"Ruanda 2025, un mundial (muy) diferente. Te contamos por qu\u00e9\" data-entity-type=\"file\" data-entity-uuid=\"e52a4b6a-054e-49c4-82a3-272c4c7044e0\" src=\"https:\/\/www.europesays.com\/es\/wp-content\/uploads\/2025\/09\/mundiales_ruanda_25_claves_8.jpg\"\/><\/p>\n<p>&#8211; Los riesgos: log\u00edstica y clima<\/p>\n<p>Celebrar un mundial en un nuevo continente y, sobre todo, un pa\u00eds que no est\u00e1 acostumbrado a grandes eventos deportivos internacionales, presenta desaf\u00edos log\u00edsticos para selecciones y organizaci\u00f3n. Adem\u00e1s, el clima de <strong>Ruanda<\/strong> en septiembre, en plena estaci\u00f3n seca, suele ser c\u00e1lido y h\u00famedo. Las temperaturas y la posibilidad de alguna tormenta tropical aislada podr\u00edan a\u00f1adir un punto extra de dificultad a unas pruebas ya de por s\u00ed extremas, influyendo en la hidrataci\u00f3n y la resistencia de los deportistas.<\/p>\n<p><img decoding=\"async\" alt=\"Ruanda 2025, un mundial (muy) diferente. Te contamos por qu\u00e9\" data-entity-type=\"file\" data-entity-uuid=\"8211afd8-90b0-4161-a86a-4c77ff241a13\" src=\"https:\/\/www.europesays.com\/es\/wp-content\/uploads\/2025\/09\/mundiales_ruanda_25_claves_2.jpg\"\/><\/p>\n<p>&#8211; Un legado para el ciclismo africano<\/p>\n<p>M\u00e1s all\u00e1 de los ganadores, el gran triunfo de este mundial ser\u00e1 el legado que dejar\u00e1 en <strong>Ruanda <\/strong>y en todo el continente africano. La visibilidad del evento puede inspirar a una nueva generaci\u00f3n de ciclistas, potenciar el desarrollo de estructuras y equipos locales, e impulsar a <strong>\u00c1frica <\/strong>como un nuevo y apasionante territorio para el ciclismo de \u00e9lite.<\/p>\n","protected":false},"excerpt":{"rendered":"En cuanto a la formaci\u00f3n femenina \u00e9lite, Espa\u00f1a acudir\u00e1 con Mavi Garc\u00eda (Liv Alula Jayco), Mireia Benito (AG&hellip;\n","protected":false},"author":2,"featured_media":121796,"comment_status":"","ping_status":"","sticky":false,"template":"","format":"standard","meta":{"footnotes":""},"categories":[273],"tags":[10482,20709,313,40098,40099,312,168,25,24,18236,23,167,11214],"class_list":{"0":"post-121795","1":"post","2":"type-post","3":"status-publish","4":"format-standard","5":"has-post-thumbnail","7":"category-ciclismo","8":"tag-bicis","9":"tag-campeonato-del-mundo","10":"tag-ciclismo","11":"tag-ciclismo-de-carretera","12":"tag-ciclismo-de-competicion","13":"tag-cycling","14":"tag-deportes","15":"tag-es","16":"tag-espana","17":"tag-gravel","18":"tag-spain","19":"tag-sports","20":"tag-uci"},"share_on_mastodon":{"url":"","error":""},"_links":{"self":[{"href":"https:\/\/www.europesays.com\/es\/wp-json\/wp\/v2\/posts\/121795","targetHints":{"allow":["GET"]}}],"collection":[{"href":"https:\/\/www.europesays.com\/es\/wp-json\/wp\/v2\/posts"}],"about":[{"href":"https:\/\/www.europesays.com\/es\/wp-json\/wp\/v2\/types\/post"}],"author":[{"embeddable":true,"href":"https:\/\/www.europesays.com\/es\/wp-json\/wp\/v2\/users\/2"}],"replies":[{"embeddable":true,"href":"https:\/\/www.europesays.com\/es\/wp-json\/wp\/v2\/comments?post=121795"}],"version-history":[{"count":0,"href":"https:\/\/www.europesays.com\/es\/wp-json\/wp\/v2\/posts\/121795\/revisions"}],"wp:featuredmedia":[{"embeddable":true,"href":"https:\/\/www.europesays.com\/es\/wp-json\/wp\/v2\/media\/121796"}],"wp:attachment":[{"href":"https:\/\/www.europesays.com\/es\/wp-json\/wp\/v2\/media?parent=121795"}],"wp:term":[{"taxonomy":"category","embeddable":true,"href":"https:\/\/www.europesays.com\/es\/wp-json\/wp\/v2\/categories?post=121795"},{"taxonomy":"post_tag","embeddable":true,"href":"https:\/\/www.europesays.com\/es\/wp-json\/wp\/v2\/tags?post=121795"}],"curies":[{"name":"wp","href":"https:\/\/api.w.org\/{rel}","templated":true}]}}