{"id":12180,"date":"2025-07-29T17:55:14","date_gmt":"2025-07-29T17:55:14","guid":{"rendered":"https:\/\/www.europesays.com\/es\/12180\/"},"modified":"2025-07-29T17:55:14","modified_gmt":"2025-07-29T17:55:14","slug":"tadej-pogacar-se-baja-de-la-vuelta","status":"publish","type":"post","link":"https:\/\/www.europesays.com\/es\/12180\/","title":{"rendered":"Tadej Pogacar se baja de La Vuelta"},"content":{"rendered":"<p class=\"voc-pretitle\">\nCiclismo\n<\/p>\n<p>El esloveno anuncia que se tomar\u00e1 un descanso y regresar\u00e1 a la competici\u00f3n en septiembre, para preparar el Mundial de Ruanda<\/p>\n<p><img fetchpriority=\"high\" class=\"voc-img\" src=\"https:\/\/www.europesays.com\/es\/wp-content\/uploads\/2025\/07\/pogacar-afp-REV3ZdwVdStuu8GBdacydcP-1200x840@diario_abc.jpg\" loading=\"eager\" decoding=\"async\" alt=\"Tadej Pogacar, durante el Tour de Francia\" width=\"1200\" height=\"840\"\/><\/p>\n<p>Tadej Pogacar, durante el Tour de Francia    AFP  <\/p>\n<p>29\/07\/2025<br \/>\n<br \/><strong><br \/>\nActualizado a las 17:43h.<br \/>\n<\/strong><\/p>\n<p class=\"voc-p\" style=\"\">Despu\u00e9s de triunfar en el Tour, <strong>Tadej Pogacar<\/strong> se da un descanso este verano y no competir\u00e1 en La Vuelta, que comienza el 23 de agosto y termina el 14 de septiembre, seg\u00fan ha anunciado su equipo este martes. \u00abDespu\u00e9s de su contundente cuarta victoria en el Tour de Francia, Pogacar se tomar\u00e1 un merecido descanso.<\/p>\n<p class=\"voc-p\" style=\"\">El ciclista, de 26 a\u00f1os, volvi\u00f3 a doblegar a sus rivales en la ronda gala, que suma por cuarta vez despu\u00e9s de ganar en 2020, 2021 y 2024. \u00abDespu\u00e9s de un Tour tan exigente, decidimos que lo mejor era tomarnos un descanso\u00bb, declar\u00f3 el ciclista a trav\u00e9s de su equipo. \u00abLa Vuelta es, sin duda, una carrera a la que me encantar\u00eda volver. Tengo recuerdos fant\u00e1sticos de all\u00ed de 2019, pero ahora el cuerpo me pide descanso\u00bb. Es la \u00fanica gran competici\u00f3n que no ha ganado Pogacar; termin\u00f3 tercero en esa edici\u00f3n de 2019. S\u00ed gan\u00f3 el Giro de Italia el a\u00f1o pasado, en su debut en esta ronda.<\/p>\n<p class=\"voc-p\" style=\"\">Los planes del esloveno pasan por regresar a la competici\u00f3n en Canad\u00e1, con carreras de un d\u00eda en Quebec y Montreal a mitad de septiembre, una semana antes de que comience el Mundial en Ruanda. \u00abTengo ganas de volver a Canad\u00e1; las carreras all\u00ed son duras y bonitas y van muy bien con mi estilo. Mi objetivo es volver a competir bien para esa parte de la temporada, especialmente para el Mundial\u00bb, prosigui\u00f3 el ciclista.<\/p>\n<p>Reportar un error<\/p>\n","protected":false},"excerpt":{"rendered":"Ciclismo El esloveno anuncia que se tomar\u00e1 un descanso y regresar\u00e1 a la competici\u00f3n en septiembre, para preparar&hellip;\n","protected":false},"author":2,"featured_media":12181,"comment_status":"","ping_status":"","sticky":false,"template":"","format":"standard","meta":{"footnotes":""},"categories":[273],"tags":[6814,313,312,168,25,24,549,23,167,548,1357],"class_list":{"0":"post-12180","1":"post","2":"type-post","3":"status-publish","4":"format-standard","5":"has-post-thumbnail","7":"category-ciclismo","8":"tag-baja","9":"tag-ciclismo","10":"tag-cycling","11":"tag-deportes","12":"tag-es","13":"tag-espana","14":"tag-pogacar","15":"tag-spain","16":"tag-sports","17":"tag-tadej","18":"tag-vuelta"},"share_on_mastodon":{"url":"","error":""},"_links":{"self":[{"href":"https:\/\/www.europesays.com\/es\/wp-json\/wp\/v2\/posts\/12180","targetHints":{"allow":["GET"]}}],"collection":[{"href":"https:\/\/www.europesays.com\/es\/wp-json\/wp\/v2\/posts"}],"about":[{"href":"https:\/\/www.europesays.com\/es\/wp-json\/wp\/v2\/types\/post"}],"author":[{"embeddable":true,"href":"https:\/\/www.europesays.com\/es\/wp-json\/wp\/v2\/users\/2"}],"replies":[{"embeddable":true,"href":"https:\/\/www.europesays.com\/es\/wp-json\/wp\/v2\/comments?post=12180"}],"version-history":[{"count":0,"href":"https:\/\/www.europesays.com\/es\/wp-json\/wp\/v2\/posts\/12180\/revisions"}],"wp:featuredmedia":[{"embeddable":true,"href":"https:\/\/www.europesays.com\/es\/wp-json\/wp\/v2\/media\/12181"}],"wp:attachment":[{"href":"https:\/\/www.europesays.com\/es\/wp-json\/wp\/v2\/media?parent=12180"}],"wp:term":[{"taxonomy":"category","embeddable":true,"href":"https:\/\/www.europesays.com\/es\/wp-json\/wp\/v2\/categories?post=12180"},{"taxonomy":"post_tag","embeddable":true,"href":"https:\/\/www.europesays.com\/es\/wp-json\/wp\/v2\/tags?post=12180"}],"curies":[{"name":"wp","href":"https:\/\/api.w.org\/{rel}","templated":true}]}}