{"id":121805,"date":"2025-09-17T22:35:08","date_gmt":"2025-09-17T22:35:08","guid":{"rendered":"https:\/\/www.europesays.com\/es\/121805\/"},"modified":"2025-09-17T22:35:08","modified_gmt":"2025-09-17T22:35:08","slug":"annie-leibovitz-sera-la-primera-mujer-en-protagonizar-una-gran-retrospectiva-en-la-fundacion-marta-ortega","status":"publish","type":"post","link":"https:\/\/www.europesays.com\/es\/121805\/","title":{"rendered":"Annie Leibovitz ser\u00e1 la primera mujer en protagonizar una gran retrospectiva en la Fundaci\u00f3n Marta Ortega"},"content":{"rendered":"\n<ul class=\"bodyList bodyList--unordered\">\n<li class=\"bodyList__item\"><a href=\"https:\/\/www.elconfidencial.com\/cultura\/2024-11-26\/estas-son-las-fotografias-de-annie-leibowitz-de-los-reyes-felipe-vi-de-rey-y-letizia-de-gala_4010654\/\" target=\"_self\" rel=\"nofollow noopener\">Estas son las fotograf\u00edas de Annie Leibovitz de los Reyes: Felipe VI de rey y Letizia de gala<\/a><\/li>\n<li class=\"bodyList__item\"><a href=\"https:\/\/www.vanitatis.elconfidencial.com\/celebrities\/2024-11-26\/annie-leibovitz-relacion-escritora-susan-sontag-deuda_4011439\/\" target=\"_self\" rel=\"nofollow noopener\">As\u00ed es Annie Leibovitz, la famosa fot\u00f3grafa que ha inmortalizado a Felipe y Letizia<\/a><\/li>\n<\/ul>\n<p> <strong>Annie Leibovitz<\/strong>, considerada una de las grandes retratistas de nuestro tiempo, aterrizar\u00e1 este oto\u00f1o en Espa\u00f1a con <a href=\"https:\/\/themopfoundation.org\/es\/exhibitions\/annie-leibovitz\" target=\"_self\" rel=\"nofollow noopener\"><strong>Wonderland<\/strong><\/a>, su <strong>primera gran retrospectiva en nuestro pa\u00eds<\/strong>. La muestra podr\u00e1 visitarse <strong>desde el 22 de noviembre de 2025 hasta el 1 de mayo de 2026<\/strong> en la <strong>Fundaci\u00f3n Marta Ortega P\u00e9rez (MOP)<\/strong> de <strong>A Coru\u00f1a<\/strong>, consolidando a <a href=\"https:\/\/www.elconfidencial.com\/espana\/galicia\/\" target=\"_self\" rel=\"nofollow noopener\">Galicia<\/a> como referente internacional en el mapa cultural. <\/p>\n<p> La exposici\u00f3n <strong>reunir\u00e1 m\u00e1s de cinco d\u00e9cadas de carrera <\/strong>con obras ic\u00f3nicas, piezas in\u00e9ditas y una mirada que combina el retrato \u00edntimo con la puesta en escena teatral. Marta Ortega ha destacado que \u201c<strong>Annie posee un talento m\u00e1gico para captar el aura de las personas que retrata<\/strong>\u201d, una declaraci\u00f3n que subraya la relevancia de acogerla como la primera mujer en el programa expositivo de la fundaci\u00f3n. <\/p>\n<blockquote class=\"instagram-media\" data-instgrm-captioned=\"\" data-instgrm-permalink=\"https:\/\/www.instagram.com\/p\/DOdR81wjOWy\/?utm_source=ig_embed&amp;utm_campaign=loading\" data-instgrm-version=\"14\" style=\" background:#FFF; border:0; border-radius:3px; box-shadow:0 0 1px 0 rgba(0,0,0,0.5),0 1px 10px 0 rgba(0,0,0,0.15); margin: 1px; max-width:540px; min-width:326px; padding:0; width:99.375%; width:-webkit-calc(100% - 2px); width:calc(100% - 2px);\"\/>\n<p> La estadounidense se convierte adem\u00e1s en la <strong>primera mujer en ocupar este espacio<\/strong>, que hasta ahora solo hab\u00eda dedicado sus exposiciones a nombres masculinos de la fotograf\u00eda: <strong>Peter Lindbergh<\/strong>, <strong>Steven Meisel<\/strong>, <strong>Helmut Newton<\/strong>, <strong>Irving Penn<\/strong> y <strong>David Bailey<\/strong>. Con esta cita, la fundaci\u00f3n contin\u00faa su compromiso de reunir en A Coru\u00f1a proyectos de alcance mundial, acercando al p\u00fablico espa\u00f1ol el legado de la autora que ha sabido retratar como nadie a m\u00fasicos, actores, pol\u00edticos y miembros de la realeza. <\/p>\n<p>            <strong>Trayectoria y legado de Annie Leibovitz<\/strong>           <\/p>\n<p> Nacida en Connecticut en 1949, <a href=\"https:\/\/www.vanitatis.elconfidencial.com\/celebrities\/2024-11-26\/annie-leibovitz-relacion-escritora-susan-sontag-deuda_4011439\/\" target=\"_self\" rel=\"nofollow noopener\">Leibovitz<\/a> se form\u00f3 en la San Francisco Art Institute. Sus <strong>primeros pasos como fot\u00f3grafa<\/strong> los dio <strong>en la revista <\/strong><strong>Rolling Stone<\/strong>, donde retrat\u00f3 a iconos como <strong>Bob Dylan<\/strong>, <strong>Mick Jagger<\/strong> o <strong>Keith Richards<\/strong>. Fue precisamente en esa etapa cuando tom\u00f3 la <strong>famosa imagen de Lennon y Yoko Ono<\/strong>, apenas horas antes del asesinato del m\u00fasico en 1980, una fotograf\u00eda que pas\u00f3 a la historia. <\/p>\n<blockquote class=\"instagram-media\" data-instgrm-captioned=\"\" data-instgrm-permalink=\"https:\/\/www.instagram.com\/p\/B6yL2CZgPkT\/?utm_source=ig_embed&amp;utm_campaign=loading\" data-instgrm-version=\"14\" style=\" background:#FFF; border:0; border-radius:3px; box-shadow:0 0 1px 0 rgba(0,0,0,0.5),0 1px 10px 0 rgba(0,0,0,0.15); margin: 1px; max-width:540px; min-width:326px; padding:0; width:99.375%; width:-webkit-calc(100% - 2px); width:calc(100% - 2px);\"\/>\n<p> A lo largo de su carrera, Leibovitz ha trabajado para publicaciones de prestigio como <strong>Vanity Fair<\/strong> y <strong>Vogue<\/strong>, creando portadas que forman parte de la memoria cultural de las \u00faltimas d\u00e9cadas. Entre sus retratos se encuentran figuras del cine, la m\u00fasica, la pol\u00edtica y el deporte, siempre con <strong>una<\/strong> <strong>mirada que logra equilibrar<\/strong> <strong>lo \u00edntimo con lo monumental<\/strong>. Su estilo la convirti\u00f3 en la primera mujer en exponer en la National Portrait Gallery de Washington, un hito que abri\u00f3 camino para nuevas generaciones de fot\u00f3grafas. <\/p>\n<p> La fot\u00f3grafa ha sido tambi\u00e9n reconocida con <strong>premios de gran relevancia<\/strong>, como el\u00a0<a href=\"https:\/\/www.elconfidencial.com\/cultura\/2013-05-23\/annie-leibovitz-gana-el-principe-de-asturias-de-comunicacion_287746\/\" target=\"_self\" rel=\"nofollow noopener\">Pr\u00edncipe de Asturias de Comunicaci\u00f3n y Humanidades en 2013<\/a>, que recibi\u00f3 en Oviedo en presencia de los entonces pr\u00edncipes Felipe y Letizia. D\u00e9cadas despu\u00e9s, ese v\u00ednculo con Espa\u00f1a se reforz\u00f3 con su \u00faltimo gran encargo oficial:<strong> <\/strong>los<strong> retratos de los Reyes Felipe VI y <\/strong><a href=\"https:\/\/www.elconfidencial.com\/cultura\/2024-11-26\/guino-oculto-espana-reina-letizia-anne-leibovitz-1qrt_4011539\/\" target=\"_self\" rel=\"nofollow noopener\"><strong>Letizia<\/strong><\/a><strong> realizados en 2024 <\/strong>para el Banco de Espa\u00f1a. Las im\u00e1genes, tomadas en el <a href=\"https:\/\/www.elconfidencial.com\/espana\/madrid\/2025-03-28\/palacio-real-madrid-abre-dos-estancias-ocultas-publico-tras-cuatro-decadas-cerradas-1qrt-1tna_4097172\/\" target=\"_self\" rel=\"nofollow noopener\">Palacio Real de Madrid<\/a>, muestran un lenguaje visual renovador en el retrato institucional de la monarqu\u00eda. <\/p>\n<blockquote class=\"instagram-media\" data-instgrm-captioned=\"\" data-instgrm-permalink=\"https:\/\/www.instagram.com\/p\/DC1YEE6qQCo\/?utm_source=ig_embed&amp;utm_campaign=loading\" data-instgrm-version=\"14\" style=\" background:#FFF; border:0; border-radius:3px; box-shadow:0 0 1px 0 rgba(0,0,0,0.5),0 1px 10px 0 rgba(0,0,0,0.15); margin: 1px; max-width:540px; min-width:326px; padding:0; width:99.375%; width:-webkit-calc(100% - 2px); width:calc(100% - 2px);\"\/>\n<p> M\u00e1s all\u00e1 de su trabajo editorial y oficial, Leibovitz ha sabido incorporar la fotograf\u00eda de moda como parte fundamental de su universo creativo, aunque siempre con la confesi\u00f3n de que no se considera a s\u00ed misma fot\u00f3grafa de ese g\u00e9nero. Sus <strong>proyectos, inspirados en cuentos y en una narrativa visual cargada de simbolismo<\/strong>, han marcado una profunda huella en la cultura visual contempor\u00e1nea y ahora llegan a Espa\u00f1a bajo el t\u00edtulo de Wonderland, reafirmando su posici\u00f3n como <strong>una de las fot\u00f3grafas m\u00e1s influyentes del mundo<\/strong>. <\/p>\n<p>         <script async src=\"\/\/www.instagram.com\/embed.js\"><\/script><\/p>\n","protected":false},"excerpt":{"rendered":"Estas son las fotograf\u00edas de Annie Leibovitz de los Reyes: Felipe VI de rey y Letizia de gala&hellip;\n","protected":false},"author":2,"featured_media":121806,"comment_status":"","ping_status":"","sticky":false,"template":"","format":"standard","meta":{"footnotes":""},"categories":[173],"tags":[229,233,231,230,232,234,146,147,25,24,23],"class_list":{"0":"post-121805","1":"post","2":"type-post","3":"status-publish","4":"format-standard","5":"has-post-thumbnail","7":"category-arte-y-diseno","8":"tag-arte","9":"tag-arte-y-diseno","10":"tag-arts","11":"tag-arts-and-design","12":"tag-design","13":"tag-diseno","14":"tag-entertainment","15":"tag-entretenimiento","16":"tag-es","17":"tag-espana","18":"tag-spain"},"share_on_mastodon":{"url":"","error":""},"_links":{"self":[{"href":"https:\/\/www.europesays.com\/es\/wp-json\/wp\/v2\/posts\/121805","targetHints":{"allow":["GET"]}}],"collection":[{"href":"https:\/\/www.europesays.com\/es\/wp-json\/wp\/v2\/posts"}],"about":[{"href":"https:\/\/www.europesays.com\/es\/wp-json\/wp\/v2\/types\/post"}],"author":[{"embeddable":true,"href":"https:\/\/www.europesays.com\/es\/wp-json\/wp\/v2\/users\/2"}],"replies":[{"embeddable":true,"href":"https:\/\/www.europesays.com\/es\/wp-json\/wp\/v2\/comments?post=121805"}],"version-history":[{"count":0,"href":"https:\/\/www.europesays.com\/es\/wp-json\/wp\/v2\/posts\/121805\/revisions"}],"wp:featuredmedia":[{"embeddable":true,"href":"https:\/\/www.europesays.com\/es\/wp-json\/wp\/v2\/media\/121806"}],"wp:attachment":[{"href":"https:\/\/www.europesays.com\/es\/wp-json\/wp\/v2\/media?parent=121805"}],"wp:term":[{"taxonomy":"category","embeddable":true,"href":"https:\/\/www.europesays.com\/es\/wp-json\/wp\/v2\/categories?post=121805"},{"taxonomy":"post_tag","embeddable":true,"href":"https:\/\/www.europesays.com\/es\/wp-json\/wp\/v2\/tags?post=121805"}],"curies":[{"name":"wp","href":"https:\/\/api.w.org\/{rel}","templated":true}]}}