{"id":121807,"date":"2025-09-17T22:36:49","date_gmt":"2025-09-17T22:36:49","guid":{"rendered":"https:\/\/www.europesays.com\/es\/121807\/"},"modified":"2025-09-17T22:36:49","modified_gmt":"2025-09-17T22:36:49","slug":"camila-sodi-publicara-un-libro-inspirado-en-el-duelo-por-la-muerte-de-su-mama","status":"publish","type":"post","link":"https:\/\/www.europesays.com\/es\/121807\/","title":{"rendered":"Camila Sodi publicar\u00e1 un libro inspirado en el duelo por la muerte de su mam\u00e1"},"content":{"rendered":"<p itemprop=\"description\" class=\"sc__font-paragraph\">El pr\u00f3ximo 8 de noviembre se cumplir\u00e1 un a\u00f1o del fallecimiento de <b>Ernestina Sodi<\/b>, reconocida escritora y periodista mexicana, que muri\u00f3 a los 64 a\u00f1os debido a complicaciones card\u00edacas.<\/p>\n<p itemprop=\"description\" class=\"sc__font-paragraph\">Su partida dej\u00f3 un profundo vac\u00edo en su familia, especialmente en su hija, la actriz <b>Camila Sodi<\/b>, quien ha decidido transformar ese dolor en un proyecto profundamente personal: su primer <b>libro<\/b>.<\/p>\n<p><img decoding=\"async\" width=\"0\" height=\"620\" class=\"story__img block w-full h-auto md:h-full object-cover\" src=\"https:\/\/www.europesays.com\/es\/wp-content\/uploads\/2025\/09\/3CBUC5KZX5CVXOTDAGIX2EJVZE.jpg\" alt=\"Camila Sodi publicar\u00e1 un libro con Penguin Random House \/ Foto: Instagram\" auth=\"9b4cadbd131bd92c8c57a236e696ae89907b2f0d1e4d132ad780bec56e87cabd\" loading=\"eager\" fetchpriority=\"high\"\/><\/p>\n<p>Camila Sodi publicar\u00e1 un libro con Penguin Random House \/ Foto: Instagram<\/p>\n<p itemprop=\"description\" class=\"sc__font-paragraph\"><b>Leer tambi\u00e9n: <\/b><a itemprop=\"url\" href=\"https:\/\/www.revistaclase.mx\/noticias\/asi-festejo-camila-sodi-el-cumpleanos-17-de-jeronimo-su-hijo-con-diego-luna\/\" target=\"_self\" rel=\"nofollow noopener\" title=\"https:\/\/www.revistaclase.mx\/noticias\/asi-festejo-camila-sodi-el-cumpleanos-17-de-jeronimo-su-hijo-con-diego-luna\/\"><b>As\u00ed festej\u00f3 Camila Sodi el cumplea\u00f1os 17 de Jer\u00f3nimo, su hijo con Diego Luna<\/b><\/a><\/p>\n<p itemprop=\"description\" class=\"sc__font-paragraph\">A trav\u00e9s de sus redes sociales, Camila comparti\u00f3 con sus m\u00e1s de 2.6 millones de seguidores que, dentro de algunas semanas, publicar\u00e1 &#8216;El peque\u00f1o libro sobre el duelo&#8217;, una obra nacida del proceso de sanar tras la p\u00e9rdida.<\/p>\n<p itemprop=\"description\" class=\"sc__font-paragraph\">\u201cHoy abro una parte muy \u00edntima de m\u00ed: escrib\u00ed un libro sobre el duelo. Siento profunda gratitud y vulnerabilidad al poder, por fin, compartirlo\u201d, expres\u00f3 la actriz para acompa\u00f1ar su post de Instagram. <\/p>\n<p><img decoding=\"async\" width=\"0\" height=\"620\" class=\"story__img block w-full h-auto md:h-full object-cover\" src=\"https:\/\/www.europesays.com\/es\/wp-content\/uploads\/2025\/09\/GHDXUWFLNVDQFPP5ASODPSCDGU.jpg\" alt=\"Camila Sodi firmando con Penguin Random House\/ Foto: Instagram\" auth=\"988aedc62a970e6d0bb893013733bc97abac6286688d36dd6aa6310311b9275f\" loading=\"eager\" fetchpriority=\"high\"\/><\/p>\n<p>Camila Sodi firmando con Penguin Random House\/ Foto: Instagram<\/p>\n<p itemprop=\"description\" class=\"sc__font-paragraph\">Junto a fotograf\u00edas que muestran algunos vistazos detr\u00e1s de la creaci\u00f3n de su libro, el cual ser\u00e1 publicado en noviembre por Penguin Random House, la <b>hija de Ernestina Sodi <\/b>recibi\u00f3 muestras de cari\u00f1o y apoyo por parte de sus seguidores, quienes aplaudieron su valent\u00eda al compartir una experiencia tan \u00edntima.<\/p>\n<p itemprop=\"description\" class=\"sc__font-paragraph\"><b>Camila Sodi <\/b>tambi\u00e9n explic\u00f3 que su intenci\u00f3n con este libro es acompa\u00f1ar y sostener a quienes atraviesan momentos de p\u00e9rdida. \u201cEs un proyecto muy \u00edntimo y significativo para m\u00ed. Quiero que acompa\u00f1e, sostenga y sirva de luz en los momentos m\u00e1s oscuros\u201d, agreg\u00f3.<\/p>\n<p><img decoding=\"async\" width=\"0\" height=\"620\" class=\"story__img block w-full h-auto md:h-full object-cover\" src=\"https:\/\/www.europesays.com\/es\/wp-content\/uploads\/2025\/09\/LFVRICD3NFDO7E6EAX6ZEZ5W7Y.jpg\" alt=\"El libro de Camila Sodi con Penguin Random House\/ Foto: Instagram\" auth=\"b2958cba0b514d087880f5445846e9fd26bb7a1608d6c9a9928cf6f7e7b7193b\" loading=\"eager\" fetchpriority=\"high\"\/><\/p>\n<p>El libro de Camila Sodi con Penguin Random House\/ Foto: Instagram<\/p>\n<p itemprop=\"description\" class=\"sc__font-paragraph\">Durante este tiempo, Camila ha hablado en pocas ocasiones sobre lo que ha significado la muerte de su mam\u00e1; sin embargo, fue en junio pasado cuando revel\u00f3 que la escritura se convirti\u00f3 en su refugio.<\/p>\n<p itemprop=\"description\" class=\"sc__font-paragraph\"><b>Ernestina Sodi <\/b>naci\u00f3 el 24 de julio de 1960. Fue licenciada en Historia del Arte por el Instituto de Cultura Superior, obtuvo una maestr\u00eda en Artes y Humanidades por la Universidad An\u00e1huac, adem\u00e1s de profesora en Letras Modernas por la Universidad Iberoamericana.<\/p>\n<p><img decoding=\"async\" width=\"0\" height=\"620\" class=\"story__img block w-full h-auto md:h-full object-cover\" src=\"https:\/\/www.europesays.com\/es\/wp-content\/uploads\/2025\/09\/6GPGPNHAINAQ7LOADQAZWAGARY.jpg\" alt=\"Ernestina Sodi \/ Foto: Archivo de El Universal\" auth=\"0f6ab1d442c822424d2b3eeabfddbc616da1164fff1697194c54f536269184a8\" loading=\"eager\" fetchpriority=\"high\"\/><\/p>\n<p>Ernestina Sodi \/ Foto: Archivo de El Universal<\/p>\n<p itemprop=\"description\" class=\"sc__font-paragraph\">Hermana de Laura Zapata, Thal\u00eda, Federica y Gabriela Sodi. Ernestina se convirti\u00f3 en mam\u00e1 de dos hijas, Camila y Marina, con el abogado Fernando Gonz\u00e1lez Parra. M\u00e1s tarde, en 2011, se cas\u00f3 con el pol\u00edtico Mauricio Camps.<\/p>\n<p><img decoding=\"async\" width=\"0\" height=\"620\" class=\"story__img block w-full h-auto md:h-full object-cover\" src=\"https:\/\/www.europesays.com\/es\/wp-content\/uploads\/2025\/09\/WEBBDJNCBVD5LBRDNTILZK4Z6Q.jpg\" alt=\"Ernestina Sodi con sus hijas Camila y Marina \/ Foto: Archivo\" auth=\"df1056052e4a62b0d1b66f4b1a1285149f4aa19005da51330a0c36f7fd0ff887\" loading=\"eager\" fetchpriority=\"high\"\/><\/p>\n<p>Ernestina Sodi con sus hijas Camila y Marina \/ Foto: Archivo<\/p>\n<p itemprop=\"description\" class=\"sc__font-paragraph\">Autora de libros como Los Cerezos Negros, \u00c1gueda, Los Pinos: \u00e9sta es tu casa y L\u00edbranos del mal, en el que relata los momentos que vivi\u00f3 durante su lamentable secuestro con Laura Zapata en septiembre de 2022, son algunos de los aspectos por los que<b> Ernestina Sodi<\/b> es recordada.<\/p>\n<p itemprop=\"description\" class=\"sc__font-paragraph\"><b>Leer tambi\u00e9n: <\/b><a itemprop=\"url\" href=\"https:\/\/www.revistaclase.mx\/noticias\/fotos-asi-celebro-cazzu-el-cumpleanos-de-inti-su-hija-con-christian-nodal\/\" target=\"_self\" rel=\"nofollow noopener\" title=\"https:\/\/www.revistaclase.mx\/noticias\/fotos-asi-celebro-cazzu-el-cumpleanos-de-inti-su-hija-con-christian-nodal\/\"><b>As\u00ed celebr\u00f3 Cazzu el cumplea\u00f1os de Inti, su hija con Christian Nodal<\/b><\/a><\/p>\n<p><a itemprop=\"url\" href=\"https:\/\/www.revistaclase.mx\/noticias\/fatima-bosch-lo-que-debes-saber-sobre-la-ganadora-de-miss-universo-mexico-2025\/\" class=\"event-cardsEmbed\" data-link=\"https:\/\/www.revistaclase.mx\/noticias\/fatima-bosch-lo-que-debes-saber-sobre-la-ganadora-de-miss-universo-mexico-2025\/\" data-seccion=\"https:\/\/www.revistaclase.mx\/noticias\" data-id=\"LUJFIFWGPFH57KLCC3SSV7RYIU\" data-date=\"2025-09-15T20:05:57.343Z\" data-title=\"F\u00e1tima Bosch: Lo que debes saber sobre la ganadora de Miss Universo M\u00e9xico 2025 \" data-imagen=\"https:\/\/cloudfront-us-east-1.images.arcpublishing.com\/eluniversal\/JD4MXBJOFJFEJMKAQ7I62QO5KE.jpg\" rel=\"nofollow noopener\" target=\"_blank\"><img decoding=\"async\" width=\"360\" height=\"269\" alt=\"F\u00e1tima Bosch: Lo que debes saber sobre la ganadora de Miss Universo M\u00e9xico 2025 \" src=\"https:\/\/www.europesays.com\/es\/wp-content\/uploads\/2025\/09\/JD4MXBJOFJFEJMKAQ7I62QO5KE.jpg\" class=\"story__img block w-full h-auto md:h-full object-cover\" loading=\"lazy\"\/><\/a><\/p>\n","protected":false},"excerpt":{"rendered":"El pr\u00f3ximo 8 de noviembre se cumplir\u00e1 un a\u00f1o del fallecimiento de Ernestina Sodi, reconocida escritora y periodista&hellip;\n","protected":false},"author":2,"featured_media":121808,"comment_status":"","ping_status":"","sticky":false,"template":"","format":"standard","meta":{"footnotes":""},"categories":[172],"tags":[224,40101,146,147,40106,40104,25,24,40103,40109,40111,40105,40108,40113,40112,225,40102,40107,23,40110],"class_list":{"0":"post-121807","1":"post","2":"type-post","3":"status-publish","4":"format-standard","5":"has-post-thumbnail","7":"category-libros","8":"tag-books","9":"tag-camila-sodi","10":"tag-entertainment","11":"tag-entretenimiento","12":"tag-ernestina-sodi","13":"tag-ernestina-sodi-y-camila-sodi","14":"tag-es","15":"tag-espana","16":"tag-familia-camila-sodi","17":"tag-hermana-camila-sodi","18":"tag-hermana-de-thalia","19":"tag-hija-de-ernestina-sodi","20":"tag-hijos-camila-sodi","21":"tag-instagram-camila-sodi","22":"tag-libro-camila-sodi","23":"tag-libros","24":"tag-mama-de-camila-sodi","25":"tag-muerte-ernestina-sodi","26":"tag-spain","27":"tag-thalia"},"share_on_mastodon":{"url":"","error":""},"_links":{"self":[{"href":"https:\/\/www.europesays.com\/es\/wp-json\/wp\/v2\/posts\/121807","targetHints":{"allow":["GET"]}}],"collection":[{"href":"https:\/\/www.europesays.com\/es\/wp-json\/wp\/v2\/posts"}],"about":[{"href":"https:\/\/www.europesays.com\/es\/wp-json\/wp\/v2\/types\/post"}],"author":[{"embeddable":true,"href":"https:\/\/www.europesays.com\/es\/wp-json\/wp\/v2\/users\/2"}],"replies":[{"embeddable":true,"href":"https:\/\/www.europesays.com\/es\/wp-json\/wp\/v2\/comments?post=121807"}],"version-history":[{"count":0,"href":"https:\/\/www.europesays.com\/es\/wp-json\/wp\/v2\/posts\/121807\/revisions"}],"wp:featuredmedia":[{"embeddable":true,"href":"https:\/\/www.europesays.com\/es\/wp-json\/wp\/v2\/media\/121808"}],"wp:attachment":[{"href":"https:\/\/www.europesays.com\/es\/wp-json\/wp\/v2\/media?parent=121807"}],"wp:term":[{"taxonomy":"category","embeddable":true,"href":"https:\/\/www.europesays.com\/es\/wp-json\/wp\/v2\/categories?post=121807"},{"taxonomy":"post_tag","embeddable":true,"href":"https:\/\/www.europesays.com\/es\/wp-json\/wp\/v2\/tags?post=121807"}],"curies":[{"name":"wp","href":"https:\/\/api.w.org\/{rel}","templated":true}]}}