{"id":121809,"date":"2025-09-17T22:37:08","date_gmt":"2025-09-17T22:37:08","guid":{"rendered":"https:\/\/www.europesays.com\/es\/121809\/"},"modified":"2025-09-17T22:37:08","modified_gmt":"2025-09-17T22:37:08","slug":"puede-llevarnos-a-errores-complicados","status":"publish","type":"post","link":"https:\/\/www.europesays.com\/es\/121809\/","title":{"rendered":"Puede llevarnos a errores complicados"},"content":{"rendered":"<p class=\"c-paragraph\"><a href=\"https:\/\/www.20minutos.es\/tags\/temas\/camilo-echeverry-correa.html\" title=\"Camilo\" rel=\"nofollow noopener\" target=\"_blank\">Camilo<\/a> ha sido el invitado de esta noche en <a href=\"https:\/\/www.20minutos.es\/tags\/instituciones-empresas\/el-hormiguero.html\" title=\"El hormiguero\" rel=\"nofollow noopener\" target=\"_blank\">El Hormiguero<\/a>. El cantante ha visitado el programa de Pablo Motos para conmemorar el <b>final de su gira, Nuestro lugar feliz<\/b>, que pone el broche de oro este viernes 19 de septiembre en Alcal\u00e1 de Henares (Madrid).<\/p>\n<p class=\"c-paragraph\">El artista, adem\u00e1s de hablar sobre su tour, ha relatado c\u00f3mo vivi\u00f3 el parto de Amaranto, su segunda hija, y ha compartido una<b> reflexi\u00f3n sobre la inteligencia artifical<\/b> con motivo de su nueva canci\u00f3n, Maldito ChatGPT.<\/p>\n<p class=\"c-paragraph\">\u00abMe genera mucha curiosidad la manera en la que<b> todo el mundo la est\u00e1 usando como fuente de soporte<\/b> frente a cosas que no son del universo de lo intelectual\u00bb, comenz\u00f3 el colombiano con su alegato, para lo que puso algunos ejemplos: \u00abQuiero entender lo que siento por mi esposa&#8217;, utilizo a ChatGPT como si fuera un psic\u00f3logo\u00bb.<\/p>\n<p class=\"c-paragraph\">Para Camilo la IA es \u00abuna herramienta que solamente sabe reflejar como un espejo\u00bb, es decir, lo que estas mismas manifiensan. \u00ab<b>Est\u00e1 empezando a tomar un protagonismo global frente a situaciones que son del coraz\u00f3n<\/b>\u00ab, asegur\u00f3.\u00a0<\/p>\n<p class=\"c-paragraph\">Aun as\u00ed, reconoci\u00f3 que<b> \u00e9l la ha utilizado por curiosidad<\/b>: \u00abLe pregunt\u00e9: &#8216;ya que me conoces tanto, cu\u00e9ntame cu\u00e1les ser\u00edan las 10 caracter\u00edsticas que debiera tener la persona ideal con la que deber\u00eda estar y describe una persona completamente diferente a mi esposa&#8217;.<\/p>\n<p class=\"c-paragraph\">\u00abLa respuesta que te de puede llevar a errores complicad\u00edsimos porque <b>va a estar basada en cosas que le has manifestado desde la cabeza<\/b>, pero es que el amor no es una idea\u00bb, sentenci\u00f3 con su reflexi\u00f3n.\u00a0<\/p>\n","protected":false},"excerpt":{"rendered":"Camilo ha sido el invitado de esta noche en El Hormiguero. El cantante ha visitado el programa de&hellip;\n","protected":false},"author":2,"featured_media":121810,"comment_status":"","ping_status":"","sticky":false,"template":"","format":"standard","meta":{"footnotes":""},"categories":[171],"tags":[19316,1994,146,147,25,24,17775,37066,23,3271,214],"class_list":{"0":"post-121809","1":"post","2":"type-post","3":"status-publish","4":"format-standard","5":"has-post-thumbnail","7":"category-tv","8":"tag-camilo","9":"tag-comparte","10":"tag-entertainment","11":"tag-entretenimiento","12":"tag-es","13":"tag-espana","14":"tag-hormiguero","15":"tag-postura","16":"tag-spain","17":"tag-su","18":"tag-tv"},"share_on_mastodon":{"url":"","error":""},"_links":{"self":[{"href":"https:\/\/www.europesays.com\/es\/wp-json\/wp\/v2\/posts\/121809","targetHints":{"allow":["GET"]}}],"collection":[{"href":"https:\/\/www.europesays.com\/es\/wp-json\/wp\/v2\/posts"}],"about":[{"href":"https:\/\/www.europesays.com\/es\/wp-json\/wp\/v2\/types\/post"}],"author":[{"embeddable":true,"href":"https:\/\/www.europesays.com\/es\/wp-json\/wp\/v2\/users\/2"}],"replies":[{"embeddable":true,"href":"https:\/\/www.europesays.com\/es\/wp-json\/wp\/v2\/comments?post=121809"}],"version-history":[{"count":0,"href":"https:\/\/www.europesays.com\/es\/wp-json\/wp\/v2\/posts\/121809\/revisions"}],"wp:featuredmedia":[{"embeddable":true,"href":"https:\/\/www.europesays.com\/es\/wp-json\/wp\/v2\/media\/121810"}],"wp:attachment":[{"href":"https:\/\/www.europesays.com\/es\/wp-json\/wp\/v2\/media?parent=121809"}],"wp:term":[{"taxonomy":"category","embeddable":true,"href":"https:\/\/www.europesays.com\/es\/wp-json\/wp\/v2\/categories?post=121809"},{"taxonomy":"post_tag","embeddable":true,"href":"https:\/\/www.europesays.com\/es\/wp-json\/wp\/v2\/tags?post=121809"}],"curies":[{"name":"wp","href":"https:\/\/api.w.org\/{rel}","templated":true}]}}