{"id":121825,"date":"2025-09-17T22:45:14","date_gmt":"2025-09-17T22:45:14","guid":{"rendered":"https:\/\/www.europesays.com\/es\/121825\/"},"modified":"2025-09-17T22:45:14","modified_gmt":"2025-09-17T22:45:14","slug":"jair-bolsonaro-diagnosticado-con-cancer-de-piel-dw-17-09-2025","status":"publish","type":"post","link":"https:\/\/www.europesays.com\/es\/121825\/","title":{"rendered":"Jair Bolsonaro, diagnosticado con c\u00e1ncer de piel \u2013 DW \u2013 17\/09\/2025"},"content":{"rendered":"<p>El expresidente brasile\u00f1o <a class=\"internal-link\" href=\"https:\/\/www.dw.com\/es\/bolsonaro-jair\/t-45099463\" rel=\"nofollow noopener\" target=\"_blank\">Jair Bolsonaro<\/a>, condenado la semana pasada por intento de golpe de Estado en <a class=\"internal-link\" href=\"https:\/\/www.dw.com\/es\/brasil\/t-17411698\" rel=\"nofollow noopener\" target=\"_blank\">Brasil<\/a>, fue diagnosticado de un c\u00e1ncer de piel \u00abprecoz\u00bb, anunci\u00f3 este mi\u00e9rcoles (17.09.2025) su m\u00e9dico. No obstante, fue dado de alta del hospital <a class=\"internal-link\" href=\"https:\/\/www.dw.com\/es\/bolsonaro-hospitalizado-tras-presentar-un-fuerte-malestar\/a-74021431\" rel=\"nofollow noopener\" target=\"_blank\">en el que hab\u00eda sido internado la v\u00edspera<\/a>, y regres\u00f3 a su residencia, donde cumple prisi\u00f3n domiciliaria.<\/p>\n<p>Bolsonaro, de 70 a\u00f1os, tiene un \u00abcarcinoma de c\u00e9lulas escamosas, que no es ni el m\u00e1s benigno ni el m\u00e1s agresivo, es intermedio, pero aun as\u00ed es un tipo de c\u00e1ncer de piel que puede tener consecuencias m\u00e1s serias\u00bb, dijo a los periodistas el doctor Claudio Birolini.<\/p>\n<p>Condenado a 27 a\u00f1os de c\u00e1rcel<\/p>\n<p>La semana pasada, la Primera Sala de <a class=\"internal-link\" href=\"https:\/\/www.dw.com\/es\/bolsonaro-condenado-a-27-a\u00f1os-de-c\u00e1rcel-por-golpismo\/a-73970214\" rel=\"nofollow noopener\" target=\"_blank\">la Corte Suprema conden\u00f3 a Bolsonaro<\/a> y a siete de sus exministros y antiguos jefes militares, a penas de entre 16 y 27 a\u00f1os de c\u00e1rcel por urdir un golpe tras perder las elecciones de 2022 frente al actual gobernante, Luiz In\u00e1cio Lula da Silva. Bolsonaro no estuvo presente en las \u00faltimas sesiones del juicio debido, seg\u00fan sus abogados, a los problemas de salud.<\/p>\n<p>En un bolet\u00edn, el hospital DF Star dijo que Bolsonaro lleg\u00f3 al centro \u00abdeshidratado, con elevaci\u00f3n de la frecuencia card\u00edaca y ca\u00edda de la presi\u00f3n arterial\u00bb. \u00abLos ex\u00e1menes evidenciaron persistencia de anemia y alteraci\u00f3n de la funci\u00f3n renal\u00bb, a\u00f1adi\u00f3. El diagn\u00f3stico de c\u00e1ncer sin embargo tuvo que ver con unas pruebas que se realiz\u00f3 el pasado domingo. \u00abDe las siete lesiones analizadas, dos dieron positivo al carcinoma\u00bb, indic\u00f3 Birolini. Las lesiones, en total ocho, le fueron extra\u00eddas.<\/p>\n<p>El exmandatario ha acusado en los \u00faltimos meses frecuentes malestares, especialmente hipos cr\u00f3nicos y v\u00f3mitos. Algunos de estos problemas de salud son derivados del <a class=\"internal-link\" href=\"https:\/\/www.dw.com\/es\/brasil-tras-cirug\u00eda-bolsonaro-se-encuentra-grave-pero-estable\/a-45391195\" rel=\"nofollow noopener\" target=\"_blank\">ataque con cuchillo en el abdomen<\/a> que sufri\u00f3 durante la campa\u00f1a electoral de 2018. Sin embargo, el m\u00e9dico aclar\u00f3 que ni el c\u00e1ncer ni los problemas que present\u00f3 esta semana tienen relaci\u00f3n alguna con ese episodio.<\/p>\n<p>lgc (afp, efe)<\/p>\n","protected":false},"excerpt":{"rendered":"El expresidente brasile\u00f1o Jair Bolsonaro, condenado la semana pasada por intento de golpe de Estado en Brasil, fue&hellip;\n","protected":false},"author":2,"featured_media":121826,"comment_status":"","ping_status":"","sticky":false,"template":"","format":"standard","meta":{"footnotes":""},"categories":[42],"tags":[17,18,13,14,11,61,62,63,64,19,20,9,10,15,16,12,21,22,65,66,67],"class_list":{"0":"post-121825","1":"post","2":"type-post","3":"status-publish","4":"format-standard","5":"has-post-thumbnail","7":"category-internacional","8":"tag-breaking-news","9":"tag-breakingnews","10":"tag-featured-news","11":"tag-featurednews","12":"tag-headlines","13":"tag-internacional","14":"tag-international","15":"tag-international-news","16":"tag-internationalnews","17":"tag-latest-news","18":"tag-latestnews","19":"tag-news","20":"tag-noticias","21":"tag-noticias-destacadas","22":"tag-noticiasdestacadas","23":"tag-titulares","24":"tag-ultimas-noticias","25":"tag-ultimasnoticias","26":"tag-world","27":"tag-world-news","28":"tag-worldnews"},"share_on_mastodon":{"url":"","error":""},"_links":{"self":[{"href":"https:\/\/www.europesays.com\/es\/wp-json\/wp\/v2\/posts\/121825","targetHints":{"allow":["GET"]}}],"collection":[{"href":"https:\/\/www.europesays.com\/es\/wp-json\/wp\/v2\/posts"}],"about":[{"href":"https:\/\/www.europesays.com\/es\/wp-json\/wp\/v2\/types\/post"}],"author":[{"embeddable":true,"href":"https:\/\/www.europesays.com\/es\/wp-json\/wp\/v2\/users\/2"}],"replies":[{"embeddable":true,"href":"https:\/\/www.europesays.com\/es\/wp-json\/wp\/v2\/comments?post=121825"}],"version-history":[{"count":0,"href":"https:\/\/www.europesays.com\/es\/wp-json\/wp\/v2\/posts\/121825\/revisions"}],"wp:featuredmedia":[{"embeddable":true,"href":"https:\/\/www.europesays.com\/es\/wp-json\/wp\/v2\/media\/121826"}],"wp:attachment":[{"href":"https:\/\/www.europesays.com\/es\/wp-json\/wp\/v2\/media?parent=121825"}],"wp:term":[{"taxonomy":"category","embeddable":true,"href":"https:\/\/www.europesays.com\/es\/wp-json\/wp\/v2\/categories?post=121825"},{"taxonomy":"post_tag","embeddable":true,"href":"https:\/\/www.europesays.com\/es\/wp-json\/wp\/v2\/tags?post=121825"}],"curies":[{"name":"wp","href":"https:\/\/api.w.org\/{rel}","templated":true}]}}