{"id":121837,"date":"2025-09-17T22:55:14","date_gmt":"2025-09-17T22:55:14","guid":{"rendered":"https:\/\/www.europesays.com\/es\/121837\/"},"modified":"2025-09-17T22:55:14","modified_gmt":"2025-09-17T22:55:14","slug":"el-baskonismo-dispara-la-ilusion-este-ano-daremos-un-golpe-en-la-mesa","status":"publish","type":"post","link":"https:\/\/www.europesays.com\/es\/121837\/","title":{"rendered":"El baskonismo dispara la ilusi\u00f3n: \u00abEste a\u00f1o daremos un golpe en la mesa\u00bb"},"content":{"rendered":"<p><a class=\"v-mdl-ath__fig-a\" href=\"https:\/\/www.elcorreo.com\/autor\/jon-ander-goitia-2349.html\" title=\"Jon Ander Goitia\" rel=\"nofollow noopener\" target=\"_blank\"><br \/>\n<img decoding=\"async\" class=\"v-mdl-ath__img\" src=\"https:\/\/www.europesays.com\/es\/wp-content\/uploads\/2025\/08\/autor-2349-foto-2.jpeg\" alt=\"Jon Ander Goitia\"\/><br \/>\n<\/a><\/p>\n<p class=\"v-mdl-ath__p v-mdl-ath__p--6\">\nMi\u00e9rcoles, 17 de septiembre 2025, 20:14<\/p>\n<p>| Actualizado 21:24h.<\/p>\n<p class=\"v-p\">Si las pretemporadas son el carburante que pone de nuevo en marcha el motor de los equipos, el reencuentro con la afici\u00f3n es la mecha perfecta para provocar la combusti\u00f3n de cara a otra maratoniana temporada. Una explosi\u00f3n de ilusi\u00f3n y alegr\u00eda a partes iguales que ayer se desbord\u00f3 en General \u00c1lava durante el acto de firmas por parte de la plantilla azulgrana. La hinchada vitoriana se reencontr\u00f3 con jugadores como Howard y Sedekerskis. Y brind\u00f3 una calurosa bienvenida a los nuevos miembros de la familia, como el t\u00e9cnico Paolo Galbiati o Matteo Spagnolo. El preludio de la emoci\u00f3n que envolver\u00e1 el Buesa Arena a partir del d\u00eda 30 con el estreno ante el Olympiacos. <\/p>\n<p class=\"v-p\">Fiel a la cita, la parroquia baskonista acudi\u00f3 en masa a la tienda del club. M\u00e1s de 600 personas esperando ver a sus \u00eddolos. Una imagen para reflejarlo: la fila llegaba hasta la Virgen Blanca. La marea azulgrana ti\u00f1\u00f3 por completo el centro de la ciudad. Otro ejemplo del delirio: los primeros llegaron a las 17.30, casi dos horas antes de que comenzase el acto. \u00abTen\u00edamos muchas ganas de verles. Lo siguiente ser\u00e1 empujarles desde las gradas. Hace unos d\u00edas vinimos para estar con los jugadores del Alav\u00e9s y ahora, por los del Baskonia\u00bb, comentaron Blanca P\u00e9rez y Urko Garc\u00eda de Iturrospe, con sus hijos Aimar e Irati. <\/p>\n<p class=\"v-p\">Su fanatismo tuvo premio. Howard les regal\u00f3 una de sus zapatillas firmadas. La peque\u00f1a Irati no cab\u00eda en s\u00ed. Ten\u00eda las &#8216;armas&#8217; azules de su \u00eddolo en sus manos. S\u00f3lo se atrevi\u00f3 a lanzar un t\u00edmido \u00abgracias\u00bb. Sus ojos hablaban por ella. No se despegaba de ese preciado tesoro de un valor incalculable y que era casi tan grande como su brazo. Para entender su asombro hay que rebobinar dos horas. \u00abVenimos para estar con todos los jugadores, pero sobre todo con Howard. Tenemos tres camisetas suyas, una nos la regal\u00f3 en un entrenamiento a puerta abierta\u00bb. Ahora su admiraci\u00f3n crece tanto que no la baja a tierra ni Celed\u00f3n.<\/p>\n<p class=\"v-p\">\u00abHola, Tadas. \u00bfMe puedes firmar la cartulina?\u00bb, ped\u00eda el peque\u00f1o Gorka Uribe. El baskonismo desenfund\u00f3 ayer su &#8216;abono&#8217; de aficionado, esas tarjetas que Aker se encarg\u00f3 de repartir para que los jugadores plasmasen sus &#8216;sellos&#8217;. El recuerdo del comienzo de una temporada que, anhelan, ser\u00e1 \u00abmuy grande\u00bb. \u00abTengo muchas esperanzas puestas en este a\u00f1o. Veo una plantilla competitiva y despu\u00e9s de estos \u00faltimos a\u00f1os ya nos toca volver a dar un golpe en la mesa\u00bb, anhelaba Esther Herrero. La suerte, adem\u00e1s, estar\u00e1 de cara. La gente se abalanz\u00f3 sobre la mascota azulgrana en busca de la buena fortuna.<\/p>\n<p class=\"v-p\"><strong>\u00abEy, torito\u00bb<\/strong><\/p>\n<p class=\"v-p\">Aker fue el encargado de calentar a las masas hasta del autob\u00fas en el que llegaron los jugadores. Aunque antes de entrar a la tienda, la plantilla acudi\u00f3 al seto de la Virgen Blanca donde se hicieron una foto de familia: el objetivo de las c\u00e1maras y el epicentro de las conversaciones m\u00e1s naturales. Paolo Galbiati fue el m\u00e1s bromista. Le toc\u00f3 situarse en el centro, una decisi\u00f3n que \u00e9l razon\u00f3 con sorna. \u00abClaro, porque soy el m\u00e1s bajito\u00bb. No fue su \u00fanica broma. Al ver a Aker, el entrenador le confundi\u00f3 con otra especie. \u00abEy, torito\u00bb. Se le perdona, por su entusiasmo por empaparse del baskonismo seguro que pronto coger\u00e1 el tambor y celebrar\u00e1 los triunfos en el centro del Buesa. <\/p>\n<p class=\"v-p\">El m\u00edster acapar\u00f3 los focos en el camino a la tienda. Para muchos era ya uno m\u00e1s de la familia. Pero dentro del local el protagonismo se reparti\u00f3 a partes iguales. Los jugadores tuvieron que calentar bien las mu\u00f1ecas para no lesionarse con tanta firma: camisetas, tarjetas, carcasas de m\u00f3viles&#8230; Nadie quiso dejar pasar la oportunidad de llevarse el regalo m\u00e1s esperado. \u00abMa\u00f1ana (por hoy) ir\u00e9 a clase con la camiseta del Baskonia y ense\u00f1ar\u00e9 a mis amigos las firmas de los jugadores\u00bb, comentaba Peru Ormazabal. Un acicate para una afici\u00f3n que ya toma posiciones para afrontar una temporada que augura \u00abilusionante\u00bb. <\/p>\n<p>Comenta<\/p>\n<p>Reporta un error<\/p>\n","protected":false},"excerpt":{"rendered":"Mi\u00e9rcoles, 17 de septiembre 2025, 20:14 | Actualizado 21:24h. Si las pretemporadas son el carburante que pone de&hellip;\n","protected":false},"author":2,"featured_media":121838,"comment_status":"","ping_status":"","sticky":false,"template":"","format":"standard","meta":{"footnotes":""},"categories":[269],"tags":[299,298,40118,168,5658,25,24,3814,23,167],"class_list":{"0":"post-121837","1":"post","2":"type-post","3":"status-publish","4":"format-standard","5":"has-post-thumbnail","7":"category-baloncesto","8":"tag-baloncesto","9":"tag-basketball","10":"tag-baskonismo","11":"tag-deportes","12":"tag-dispara","13":"tag-es","14":"tag-espana","15":"tag-ilusion","16":"tag-spain","17":"tag-sports"},"share_on_mastodon":{"url":"","error":""},"_links":{"self":[{"href":"https:\/\/www.europesays.com\/es\/wp-json\/wp\/v2\/posts\/121837","targetHints":{"allow":["GET"]}}],"collection":[{"href":"https:\/\/www.europesays.com\/es\/wp-json\/wp\/v2\/posts"}],"about":[{"href":"https:\/\/www.europesays.com\/es\/wp-json\/wp\/v2\/types\/post"}],"author":[{"embeddable":true,"href":"https:\/\/www.europesays.com\/es\/wp-json\/wp\/v2\/users\/2"}],"replies":[{"embeddable":true,"href":"https:\/\/www.europesays.com\/es\/wp-json\/wp\/v2\/comments?post=121837"}],"version-history":[{"count":0,"href":"https:\/\/www.europesays.com\/es\/wp-json\/wp\/v2\/posts\/121837\/revisions"}],"wp:featuredmedia":[{"embeddable":true,"href":"https:\/\/www.europesays.com\/es\/wp-json\/wp\/v2\/media\/121838"}],"wp:attachment":[{"href":"https:\/\/www.europesays.com\/es\/wp-json\/wp\/v2\/media?parent=121837"}],"wp:term":[{"taxonomy":"category","embeddable":true,"href":"https:\/\/www.europesays.com\/es\/wp-json\/wp\/v2\/categories?post=121837"},{"taxonomy":"post_tag","embeddable":true,"href":"https:\/\/www.europesays.com\/es\/wp-json\/wp\/v2\/tags?post=121837"}],"curies":[{"name":"wp","href":"https:\/\/api.w.org\/{rel}","templated":true}]}}