{"id":121839,"date":"2025-09-17T22:56:09","date_gmt":"2025-09-17T22:56:09","guid":{"rendered":"https:\/\/www.europesays.com\/es\/121839\/"},"modified":"2025-09-17T22:56:09","modified_gmt":"2025-09-17T22:56:09","slug":"euskadi-y-palestina-disputaran-un-amistoso-en-bilbao-en-san-mames-el-15-de-noviembre","status":"publish","type":"post","link":"https:\/\/www.europesays.com\/es\/121839\/","title":{"rendered":"Euskadi y Palestina disputar\u00e1n un amistoso en Bilbao, en San Mam\u00e9s el 15 de noviembre"},"content":{"rendered":"<p>\n        Las selecciones de <strong>Euskadi y Palestina<\/strong> disputar\u00e1n un partido amistoso en el estadio de San Mam\u00e9s de <a href=\"https:\/\/www.deia.eus\/tags\/bilbao\/\" title=\"Bilbao\" class=\"link copy\" rel=\"nofollow noopener\" target=\"_blank\">Bilbao<\/a> el pr\u00f3ximo 15 de noviembre, tal y como ha informado la Cadena Ser.\n<\/p>\n<p class=\"article-body__text \">\n        La <strong>Federaci\u00f3n Palestina de F\u00fatbol ha confirmado<\/strong> la noticia a la emisora despu\u00e9s de \u00abtrabajar en coordinaci\u00f3n perfecta\u00bb con la Federaci\u00f3n de F\u00fatbol de Euskadi a la vez que tambi\u00e9n han sido informadas las autoridades gubernamentales espa\u00f1olas.\n<\/p>\n<p class=\"article-body__text \">\n        Las citadas autoridades, seg\u00fan la misma fuente, consideran que el acto no ser\u00e1 s\u00f3lo un acontecimiento deportivo, sino que ser\u00e1 una manera de que Palestina muestre a trav\u00e9s del escaparate de un partido de f\u00fatbol <strong>\u00abtodas las violaciones de los derechos humanos\u00bb<\/strong> que sufre en Gaza.<\/p>\n","protected":false},"excerpt":{"rendered":"Las selecciones de Euskadi y Palestina disputar\u00e1n un partido amistoso en el estadio de San Mam\u00e9s de Bilbao&hellip;\n","protected":false},"author":2,"featured_media":121840,"comment_status":"","ping_status":"","sticky":false,"template":"","format":"standard","meta":{"footnotes":""},"categories":[268],"tags":[3331,2601,168,25,24,5691,280,282,76,22842,281,23,167],"class_list":{"0":"post-121839","1":"post","2":"type-post","3":"status-publish","4":"format-standard","5":"has-post-thumbnail","7":"category-futbol","8":"tag-amistoso","9":"tag-bilbao","10":"tag-deportes","11":"tag-es","12":"tag-espana","13":"tag-euskadi","14":"tag-football","15":"tag-futbol","16":"tag-palestina","17":"tag-san-mames","18":"tag-soccer","19":"tag-spain","20":"tag-sports"},"share_on_mastodon":{"url":"","error":""},"_links":{"self":[{"href":"https:\/\/www.europesays.com\/es\/wp-json\/wp\/v2\/posts\/121839","targetHints":{"allow":["GET"]}}],"collection":[{"href":"https:\/\/www.europesays.com\/es\/wp-json\/wp\/v2\/posts"}],"about":[{"href":"https:\/\/www.europesays.com\/es\/wp-json\/wp\/v2\/types\/post"}],"author":[{"embeddable":true,"href":"https:\/\/www.europesays.com\/es\/wp-json\/wp\/v2\/users\/2"}],"replies":[{"embeddable":true,"href":"https:\/\/www.europesays.com\/es\/wp-json\/wp\/v2\/comments?post=121839"}],"version-history":[{"count":0,"href":"https:\/\/www.europesays.com\/es\/wp-json\/wp\/v2\/posts\/121839\/revisions"}],"wp:featuredmedia":[{"embeddable":true,"href":"https:\/\/www.europesays.com\/es\/wp-json\/wp\/v2\/media\/121840"}],"wp:attachment":[{"href":"https:\/\/www.europesays.com\/es\/wp-json\/wp\/v2\/media?parent=121839"}],"wp:term":[{"taxonomy":"category","embeddable":true,"href":"https:\/\/www.europesays.com\/es\/wp-json\/wp\/v2\/categories?post=121839"},{"taxonomy":"post_tag","embeddable":true,"href":"https:\/\/www.europesays.com\/es\/wp-json\/wp\/v2\/tags?post=121839"}],"curies":[{"name":"wp","href":"https:\/\/api.w.org\/{rel}","templated":true}]}}