{"id":121843,"date":"2025-09-17T22:58:14","date_gmt":"2025-09-17T22:58:14","guid":{"rendered":"https:\/\/www.europesays.com\/es\/121843\/"},"modified":"2025-09-17T22:58:14","modified_gmt":"2025-09-17T22:58:14","slug":"hasta-59-obras-viajan-desde-el-museo-del-artista-en-madrid","status":"publish","type":"post","link":"https:\/\/www.europesays.com\/es\/121843\/","title":{"rendered":"hasta 59 obras viajan desde el museo del artista en Madrid"},"content":{"rendered":"<p data-gtm-element-container=\"modulo-texto-link\" class=\"paragraph\">Valencia se prepara para recibir uno de los eventos culturales m\u00e1s esperados del a\u00f1o:<strong> la exposici\u00f3n \u201cSorolla. Obras maestras del Museo Sorolla\u201d<\/strong>, que <a href=\"https:\/\/www.fundacionbancaja.es\/exposicion\/sorolla-obras-maestras-del-museo-sorolla\/\" rel=\"nofollow noreferrer noopener\" target=\"_blank\">aterriza en la Fundaci\u00f3n Bancaja con una selecci\u00f3n in\u00e9dita de 60 piezas<\/a>, 59 de ellas procedentes directamente del museo del pintor en Madrid. La muestra, que <strong>podr\u00e1 visitarse desde el 3 de octubre de 2025 hasta el 8 de febrero de 2026<\/strong>, supone un regreso simb\u00f3lico del artista a su ciudad natal, en un momento en que el museo madrile\u00f1o se encuentra en proceso de remodelaci\u00f3n.<\/p>\n<p data-gtm-element-container=\"modulo-texto-link\" class=\"paragraph\">La exposici\u00f3n,<strong> comisariada por Enrique Varela (director del Museo Sorolla)<\/strong>, est\u00e1 organizada por la Fundaci\u00f3n Bancaja en colaboraci\u00f3n con el Ministerio de Cultura y el propio museo. Se trata de <strong>una oportunidad \u00fanica para contemplar obras que rara vez han salido de su ubicaci\u00f3n habitual<\/strong>, y que ahora se exhiben en un recorrido que abarca la evoluci\u00f3n art\u00edstica del pintor valenciano desde sus primeros a\u00f1os hasta su consagraci\u00f3n internacional.<\/p>\n<blockquote class=\"instagram-media\" data-instgrm-captioned=\"\" data-instgrm-version=\"6\" style=\"background: #FFF; border: 0; border-radius: 3px; box-shadow: 0 0 1px 0 rgba(0,&#10;0, 0, 0.5), 0 1px 10px 0 rgba(0, 0, 0, 0.15); margin: 1px; max-width: 658px; padding: 0;&#10;width: 99.375%; width: -webkit-calc(100% - 2px); width: calc(100% - 2px);\">\n<\/blockquote>\n<p>Sorolla: obras maestras en casa<\/p>\n<p data-gtm-element-container=\"modulo-texto-link\" class=\"paragraph\">Entre las piezas m\u00e1s destacadas <strong>se encuentran \u201cPaseo a la orilla del mar\u201d y \u201cEl ba\u00f1o del caballo\u201d, dos lienzos ic\u00f3nicos<\/strong> que capturan la luz mediterr\u00e1nea con la maestr\u00eda que convirti\u00f3 a Sorolla en uno de los grandes de la pintura espa\u00f1ola. La exposici\u00f3n tambi\u00e9n dialoga con una obra clave de la colecci\u00f3n de la Fundaci\u00f3n Bancaja: <strong>\u201c\u00a1Triste herencia!\u201d, el conmovedor cuadro con el que Sorolla obtuvo el Grand Prix en la Exposici\u00f3n Universal de Par\u00eds de 1900.<\/strong><\/p>\n<p data-gtm-element-container=\"modulo-texto-link\" class=\"paragraph\">El recorrido est\u00e1 dividido en <strong>secciones tem\u00e1ticas que permiten al visitante sumergirse en los distintos registros del artista<\/strong>: desde sus retratos familiares y escenas costumbristas, hasta sus paisajes marinos y jardines, pasando por su cr\u00f3nica visual de la Espa\u00f1a de su tiempo. Todo ello enmarcado en un espacio que respeta la intimidad y la luz que caracterizan la obra de Sorolla.<\/p>\n<p>    Lee tambi\u00e9n<\/p>\n<p data-gtm-element-container=\"modulo-texto-link\" class=\"paragraph\">La exposici\u00f3n forma parte de los <strong>actos conmemorativos por el centenario del fallecimiento de Joaqu\u00edn Sorolla<\/strong>, y se suma a otras iniciativas que han tenido lugar en Valencia a lo largo del a\u00f1o. En paralelo, <strong>la Fundaci\u00f3n Bancaja tambi\u00e9n acoge la muestra \u201cEn el mar de Sorolla con Manuel Vicent\u201d<\/strong>, un recorrido literario y pict\u00f3rico que presenta m\u00e1s de 100 lienzos del artista, con el Mediterr\u00e1neo como protagonista y la voz del escritor como hilo conductor.<\/p>\n<p data-gtm-element-container=\"modulo-texto-link\" class=\"paragraph\">Este doble homenaje<strong> convierte a Valencia en epicentro del legado sorollista<\/strong>, ofreciendo a los visitantes una experiencia completa que va m\u00e1s all\u00e1 de la contemplaci\u00f3n est\u00e9tica: es una inmersi\u00f3n en la sensibilidad, la luz y el alma de uno de los artistas m\u00e1s queridos por el p\u00fablico espa\u00f1ol.<\/p>\n<p data-gtm-element-container=\"modulo-texto-link\" class=\"paragraph\">La exposici\u00f3n visitarse de martes a domingo, en horario de 10:00 a 14:00 y de 16:30 a 20:30 horas. <strong>La entrada general tiene un coste de 9 euros<\/strong>, mientras que la reducida (para pensionistas, desempleados, personas con discapacidad, estudiantes de 13 a 26 a\u00f1os y familias numerosas o monoparentales) cuesta 5 euros.<strong> Los menores de 12 a\u00f1os acceden gratuitamente<\/strong>.\u00a0La Fundaci\u00f3n Bancaja se encuentra en la Pla\u00e7a de Tetuan, 23, en pleno centro de Valencia, y es f\u00e1cilmente accesible en metro (l\u00edneas 4 y 7) y autob\u00fas (l\u00edneas 6, 24, 28, 70, 71 y 95).<\/p>\n<p data-gtm-element-container=\"modulo-texto-link\" class=\"paragraph\">Para los amantes del arte,<strong> esta exposici\u00f3n representa una ocasi\u00f3n irrepetible<\/strong>. Para los valencianos, es el reencuentro con uno de sus hijos m\u00e1s ilustres. Y para todos, es una invitaci\u00f3n a dejarse envolver por la luz, el color y la emoci\u00f3n de Joaqu\u00edn Sorolla. Porque durante cinco meses, Valencia volver\u00e1 a ser su casa.\u00a0<\/p>\n","protected":false},"excerpt":{"rendered":"Valencia se prepara para recibir uno de los eventos culturales m\u00e1s esperados del a\u00f1o: la exposici\u00f3n \u201cSorolla. Obras&hellip;\n","protected":false},"author":2,"featured_media":121844,"comment_status":"","ping_status":"","sticky":false,"template":"","format":"standard","meta":{"footnotes":""},"categories":[173],"tags":[229,233,231,230,232,234,146,147,25,24,23],"class_list":{"0":"post-121843","1":"post","2":"type-post","3":"status-publish","4":"format-standard","5":"has-post-thumbnail","7":"category-arte-y-diseno","8":"tag-arte","9":"tag-arte-y-diseno","10":"tag-arts","11":"tag-arts-and-design","12":"tag-design","13":"tag-diseno","14":"tag-entertainment","15":"tag-entretenimiento","16":"tag-es","17":"tag-espana","18":"tag-spain"},"share_on_mastodon":{"url":"","error":""},"_links":{"self":[{"href":"https:\/\/www.europesays.com\/es\/wp-json\/wp\/v2\/posts\/121843","targetHints":{"allow":["GET"]}}],"collection":[{"href":"https:\/\/www.europesays.com\/es\/wp-json\/wp\/v2\/posts"}],"about":[{"href":"https:\/\/www.europesays.com\/es\/wp-json\/wp\/v2\/types\/post"}],"author":[{"embeddable":true,"href":"https:\/\/www.europesays.com\/es\/wp-json\/wp\/v2\/users\/2"}],"replies":[{"embeddable":true,"href":"https:\/\/www.europesays.com\/es\/wp-json\/wp\/v2\/comments?post=121843"}],"version-history":[{"count":0,"href":"https:\/\/www.europesays.com\/es\/wp-json\/wp\/v2\/posts\/121843\/revisions"}],"wp:featuredmedia":[{"embeddable":true,"href":"https:\/\/www.europesays.com\/es\/wp-json\/wp\/v2\/media\/121844"}],"wp:attachment":[{"href":"https:\/\/www.europesays.com\/es\/wp-json\/wp\/v2\/media?parent=121843"}],"wp:term":[{"taxonomy":"category","embeddable":true,"href":"https:\/\/www.europesays.com\/es\/wp-json\/wp\/v2\/categories?post=121843"},{"taxonomy":"post_tag","embeddable":true,"href":"https:\/\/www.europesays.com\/es\/wp-json\/wp\/v2\/tags?post=121843"}],"curies":[{"name":"wp","href":"https:\/\/api.w.org\/{rel}","templated":true}]}}