{"id":121849,"date":"2025-09-17T23:01:11","date_gmt":"2025-09-17T23:01:11","guid":{"rendered":"https:\/\/www.europesays.com\/es\/121849\/"},"modified":"2025-09-17T23:01:11","modified_gmt":"2025-09-17T23:01:11","slug":"isadora-la-hija-de-chayanne-celebra-su-primera-nominacion-al-latin-grammy-todavia-no-me-lo-creo","status":"publish","type":"post","link":"https:\/\/www.europesays.com\/es\/121849\/","title":{"rendered":"Isadora, la hija de Chayanne, celebra su primera nominaci\u00f3n al Latin Grammy: &#8216;Todav\u00eda no me lo creo&#8217;"},"content":{"rendered":"<p id=\"eUuiCvUlMV\" data-wc=\"92\">La familia de <strong>Chayanne\u00a0<\/strong>no podr\u00eda estar m\u00e1s orgullosa, pues<strong>\u00a0Isadora<\/strong>, <a class=\"hm-link ho-link\" href=\"https:\/\/www.hola.com\/us-es\/celebrities\/20241126732518\/isadora-figueroa-hija-chayanne-crecer\/\" data-mrf-recirculation=\"article-body-link\" rel=\"nofollow noopener\" target=\"_blank\">la hija menor del cantante<\/a>, ha sido nominada como<strong>\u00a0Mejor Artista Nuevo en los Latin GRAMMY 2025<\/strong>. En las primeras horas de este mi\u00e9rcoles, la Academia Latina de la Grabaci\u00f3n dio a conocer a los nominados de esta edici\u00f3n e Isadora figur\u00f3 en la lista de los artistas nuevos. Minutos despu\u00e9s de que se dieran a conocer las nominaciones, Isadora us\u00f3 sus redes sociales para expresar su emoci\u00f3n, pues dedicarse a la m\u00fasica y ser reconocida es algo que siempre so\u00f1\u00f3.<\/p>\n<p> <img src=\"https:\/\/www.europesays.com\/es\/wp-content\/uploads\/2025\/09\/bbb999643cca-gettyimages-2122424868.jpg\"   width=\"682\" height=\"1024\" loading=\"lazy\" decoding=\"async\" alt=\"Isadora ha seguido los pasos de su padre y ahora celebra su primera nominaci\u00f3n en la prestigiosa entrega de premios.\" fetchpriority=\"auto\" class=\"image ho-image\"\/>\u00a9 Getty ImagesIsadora ha seguido los pasos de su padre y ahora celebra su primera nominaci\u00f3n en la prestigiosa entrega de premios.<\/p>\n<p id=\"eExF4lOOxg\" data-wc=\"72\"><strong>\u00abIntento poner en palabras lo que siento\u2026 pero todav\u00eda no me lo creo\u2026 y cada vez que lo pienso, se me aguan los ojos. C\u00f3mo le explico a la nenita de 6 a\u00f1os que escrib\u00eda canciones en su cuarto, que HOY EST\u00c1 NOMINADA A UN LATIN GRAMMY. QUE \ud83d\ude2d\ud83d\ude2d\ud83d\ude2d\ud83d\ude2dHe so\u00f1ado toda mi vida con hacer m\u00fasica y dar amor\u2026 y hoy ese sue\u00f1o se est\u00e1 cumpliendo\u00bb<\/strong>, escribi\u00f3 en una publicaci\u00f3n en Instagram.\u00a0<\/p>\n<p> Isadora Figueroa celebra su nominaci\u00f3n a Latin Grammy<\/p>\n<p id=\"e-vbYVdfYu\" data-wc=\"42\">\u00abGracias Dios, gracias m\u00fasica, gracias familia, gracias a cada persona que he conocido en este camino y gracias a ustedes por sentir conmigo cada canci\u00f3n, por creer en m\u00ed, y por amar conmigo. Lxs amo. Lxs amo. Lxs amo. Besitos fam \ud83d\udc8b\ud83c\udf05\ud83c\udf34\ud83d\udc9b\u00bb.<\/p>\n<p>Chayanne, el pap\u00e1 m\u00e1s orgulloso<\/p>\n<p id=\"ePASb3UNUA\" data-wc=\"36\">Por su parte, Chayanne no pudo contener la emoci\u00f3n al ver que su hija menor hab\u00eda sido nominada a los Latin Grammy, entrega de premios en la que \u00e9l mismo ha sido nominado en otras ocasiones.<\/p>\n<p id=\"exQFJCs9si\" data-wc=\"55\">\u00abMi ni\u00f1a bonita me siento orgulloso por tu nominaci\u00f3n al Grammy, es algo que se gana con esfuerzo y dedicaci\u00f3n y eso es lo que veo en ti todos los d\u00edas, se hace camino al andar, \u00a1sigue adelante!\u00bb, escribi\u00f3 el cantante junto a una linda fotograf\u00eda en la que aparece con Isadora hace unos ayeres.\u00a0<\/p>\n<p> <img src=\"https:\/\/www.europesays.com\/es\/wp-content\/uploads\/2025\/09\/e9831eb4f1fa-img9804.jpg\"   width=\"1080\" height=\"1440\" loading=\"lazy\" decoding=\"async\" alt=\"Chayanne con su hija Isadora. El cantante se ha mostrado como el m\u00e1s orgulloso.\" fetchpriority=\"auto\" class=\"image ho-image\"\/>\u00a9 @chayanneChayanne con su hija Isadora. El cantante se ha mostrado como el m\u00e1s orgulloso.<\/p>\n<p id=\"eG0ATtCHdv\" data-wc=\"44\">Por su parte, Lele Pons, prima de Isadora, no pudo ocultar su emoci\u00f3n al ver a su casi hermana triunfar. En Instagram stories, Lele escribi\u00f3: \u00abMi beb\u00e9, hermana, mi persona favorita est\u00e1 nominada para los Latin Grammys. \u00a1Tan orgullosa de ti, Isa! Te amamos\u00bb.<\/p>\n<p> <img src=\"https:\/\/www.europesays.com\/es\/wp-content\/uploads\/2025\/09\/e8f1bf85d128-img9797.jpg\"   width=\"602\" height=\"1024\" loading=\"lazy\" decoding=\"async\" alt=\"Lele Pons celebr\u00f3 la nominaci\u00f3n de Isadora en los Latin Grammy.\" fetchpriority=\"auto\" class=\"image ho-image\"\/>\u00a9 @leleponsLele Pons celebr\u00f3 la nominaci\u00f3n de Isadora en los Latin Grammy.<\/p>\n<p id=\"exUYzy3Iwu\" data-wc=\"32\">En otra foto, Isadora escribi\u00f3 en ingl\u00e9s: \u00abMi hermana de vida est\u00e1 nominada a los Latin Grammy. Tan orgullosa de ti, estoy gritando\u00bb, escribi\u00f3 Lele sobre una fotograf\u00eda de su guapa prima.<\/p>\n<p> <img src=\"https:\/\/www.europesays.com\/es\/wp-content\/uploads\/2025\/09\/f79ab673ee91-img9798.jpg\"   width=\"660\" height=\"1024\" loading=\"lazy\" decoding=\"async\" alt=\"Isadora ha sido nominada como Mejor Nuevo Artista.\" fetchpriority=\"auto\" class=\"image ho-image\"\/>\u00a9 @leleponsIsadora ha sido nominada como Mejor Nuevo Artista.<\/p>\n<p id=\"epk1EjNMv5\" data-wc=\"33\">Isadora es la hija menor de Chayanne y <strong>Marilisa Maronesse<\/strong>. Adem\u00e1s de &#8216;Isa&#8217;, como la llaman sus familiares de cari\u00f1o, el matrimonio tiene otro hijo, Lorenzo, quien es el vivo retrato del int\u00e9rprete.\u00a0<\/p>\n<p> <img src=\"https:\/\/www.europesays.com\/es\/wp-content\/uploads\/2025\/09\/187f3f5ff6df-3315574327083158677483484830564824452780195n.jpg\"   width=\"1024\" height=\"1024\" loading=\"lazy\" decoding=\"async\" alt=\"Chayanne con sus hijos y su esposa\" fetchpriority=\"auto\" class=\"image ho-image\"\/>\u00a9 @isadorafigueroaChayanne con sus hijos y su esposa<\/p>\n<p id=\"eXWqAQjDCW\" data-wc=\"23\">Isadora compite en esta terna junto a Alleh, Annasofia, Yerai Cort\u00e9s, Juliane Gamboa, Camila Guevara, Alex Luna, Paloma Morphy, Sued Nunes y Ruzzi.\u00a0<\/p>\n<p>La carrera de Isadora\u00a0<\/p>\n<p id=\"elIgPn8k2E\" data-wc=\"41\">Isadora debut\u00f3 oficialmente como cantante en diciembre de 2022 con el lanzamiento del tema HBD. La joven inici\u00f3 su carrera art\u00edstica luego de graduarse con honores en la Escuela de M\u00fasica Frost, de la Universidad de Miami, donde estudi\u00f3 composici\u00f3n musical.<\/p>\n<p> <img src=\"https:\/\/www.europesays.com\/es\/wp-content\/uploads\/2025\/09\/3536b4acc383-gettyimages-1716267051.jpg\"   width=\"681\" height=\"1024\" loading=\"lazy\" decoding=\"async\" alt=\"Isadora Figueroa ha seguido los pasos de su padre en la m\u00fasica.\" fetchpriority=\"auto\" class=\"image ho-image\"\/>\u00a9 Getty ImagesIsadora Figueroa ha seguido los pasos de su padre en la m\u00fasica.<\/p>\n<p id=\"efvv_Qpu8x0\" data-wc=\"30\">Despu\u00e9s de ese lanzamiento, vieron otros sencillos como Dime Qu\u00e9 Hago, Ag\u00fcita Con Sal, La Bici\u00a0y\u00a0AKIKI. En julio de este a\u00f1o, Isadora anunci\u00f3 el lanzamiento de Hierba Mala. \u00a0<\/p>\n<p> Isadora y su reciente sencillo &#8216;Hierba Mala&#8217;<\/p>\n<p id=\"eygaxcb2s-D\" data-wc=\"64\">Aunque Chayanne se ha mantenido al margen de la carrera de su hija, el cantante s\u00ed que la ha apoyado a cumplir sus sue\u00f1os. \u00c9l ha dejado que Isadora encuentro su camino, sin embargo, han colaborado juntos a nivel profesional. En una entrevista de hace un tiempo, el cantante dej\u00f3 ver que arropa a su hija a nivel profesional, mostr\u00e1ndose como el m\u00e1s orgulloso.<\/p>\n<p> <img src=\"https:\/\/www.europesays.com\/es\/wp-content\/uploads\/2025\/09\/71d08887719d-chayanne-y-su-hija.jpg\"   width=\"1024\" height=\"614\" loading=\"lazy\" decoding=\"async\" alt=\"chayanne y su hija\" fetchpriority=\"auto\" class=\"image ho-image\"\/>\u00a9 @isadorafigueroaChayanne con su hija Isadora.<\/p>\n<p id=\"ekchG-phoc\" data-wc=\"74\">\u00abTiene todo mi apoyo y estamos trabajando frecuentemente. No s\u00e9 si ella quiere que yo lo diga, pero estamos a punto de estar en las primeras producciones de ella y va a salir con mi bendici\u00f3n y mi apoyo\u00bb, dijo en una entrevista con el peri\u00f3dico mexicano Reforma. Ahora, a\u00f1os despu\u00e9s de esas declaraciones, Chayanne puede sentirse orgulloso de ver como la ni\u00f1a de sus ojos ha conquistado un sue\u00f1o m\u00e1s en su carrera.\u00a0<\/p>\n","protected":false},"excerpt":{"rendered":"La familia de Chayanne\u00a0no podr\u00eda estar m\u00e1s orgullosa, pues\u00a0Isadora, la hija menor del cantante, ha sido nominada como\u00a0Mejor&hellip;\n","protected":false},"author":2,"featured_media":121850,"comment_status":"","ping_status":"","sticky":false,"template":"","format":"standard","meta":{"footnotes":""},"categories":[170],"tags":[517,40119,146,147,25,24,932,184,185,23],"class_list":{"0":"post-121849","1":"post","2":"type-post","3":"status-publish","4":"format-standard","5":"has-post-thumbnail","7":"category-musica","8":"tag-actualidad","9":"tag-chayanne","10":"tag-entertainment","11":"tag-entretenimiento","12":"tag-es","13":"tag-espana","14":"tag-hijos-de-famosos","15":"tag-music","16":"tag-musica","17":"tag-spain"},"share_on_mastodon":{"url":"","error":""},"_links":{"self":[{"href":"https:\/\/www.europesays.com\/es\/wp-json\/wp\/v2\/posts\/121849","targetHints":{"allow":["GET"]}}],"collection":[{"href":"https:\/\/www.europesays.com\/es\/wp-json\/wp\/v2\/posts"}],"about":[{"href":"https:\/\/www.europesays.com\/es\/wp-json\/wp\/v2\/types\/post"}],"author":[{"embeddable":true,"href":"https:\/\/www.europesays.com\/es\/wp-json\/wp\/v2\/users\/2"}],"replies":[{"embeddable":true,"href":"https:\/\/www.europesays.com\/es\/wp-json\/wp\/v2\/comments?post=121849"}],"version-history":[{"count":0,"href":"https:\/\/www.europesays.com\/es\/wp-json\/wp\/v2\/posts\/121849\/revisions"}],"wp:featuredmedia":[{"embeddable":true,"href":"https:\/\/www.europesays.com\/es\/wp-json\/wp\/v2\/media\/121850"}],"wp:attachment":[{"href":"https:\/\/www.europesays.com\/es\/wp-json\/wp\/v2\/media?parent=121849"}],"wp:term":[{"taxonomy":"category","embeddable":true,"href":"https:\/\/www.europesays.com\/es\/wp-json\/wp\/v2\/categories?post=121849"},{"taxonomy":"post_tag","embeddable":true,"href":"https:\/\/www.europesays.com\/es\/wp-json\/wp\/v2\/tags?post=121849"}],"curies":[{"name":"wp","href":"https:\/\/api.w.org\/{rel}","templated":true}]}}